{"id":23094,"date":"2022-01-14T17:38:24","date_gmt":"2022-01-14T23:38:24","guid":{"rendered":"https:\/\/www.imer.mx\/rmi\/?p=23094"},"modified":"2022-01-14T17:38:27","modified_gmt":"2022-01-14T23:38:27","slug":"compositores-libros-memoria-se-los-debemos","status":"publish","type":"post","link":"https:\/\/www.imer.mx\/rmi\/compositores-libros-memoria-se-los-debemos\/","title":{"rendered":"Compositores, libros, memoria\u2026 se los debemos"},"content":{"rendered":"\n<p>Texto:<strong> Rita Abreu<\/strong><\/p>\n\n\n\n<p>La m\u00fasica suena, se tararea, se baila, provoca enso\u00f1aciones o se pone de nuestro lado para acompa\u00f1ar o revivir pasiones que dan un giro al ritmo de nuestra vida; y, todo esto sucede gracias a los creadores, compositores y compositoras que dan forma musical a los sentimientos, a los paisajes, a las formas de vida.<\/p>\n\n\n\n<p>En<strong> Radio M\u00e9xico Internacional<\/strong> nos hemos propuesto darles el lugar que merecen: nombrarlos, conocerlos, saber c\u00f3mo piensan. Nos interesa saber qui\u00e9n est\u00e1 detr\u00e1s de una letra, un \u00e9xito, una pieza que en su regi\u00f3n es casi un himno.<\/p>\n\n\n\n<p>Por eso, cuando recibimos los libros Por los caminos de<strong> Jos\u00e9 Agust\u00edn Ram\u00edrez<\/strong>, de la autor\u00eda de <strong>P\u00e1vel Granados<\/strong>, con pr\u00f3logo del escritor<strong> Jos\u00e9 Agust\u00edn<\/strong>, y <strong>Cuco S\u00e1nchez<\/strong>. De Altamira, Tamaulipas, traigo esta alegre canci\u00f3n, editados por Alejandro Cisneros, nos levantamos de la silla de alegr\u00eda. Son libros para ver, sentir y entonar\u2026 incluyen como en los viejos tiempos, su cancionero.<\/p>\n\n\n\n<p>Son el resultado de investigaci\u00f3n de campo y de gabinete, que se suma a una rica iconograf\u00eda, atractivo dise\u00f1o, formato amigable y elegante, y cualquiera que los hojea y disfruta, seguramente comparte este pensamiento: ojal\u00e1 todos los autores tuvieran un libro as\u00ed. Ojala la Sociedad de Autores y Compositores se uniera a esta idea que ve en los m\u00fasicos que hacen historia, personajes fuera de todo estereotipo, los presenta humanos, cercanos, adem\u00e1s de mostrar las entretelas de su talento.<\/p>\n\n\n\n<figure class=\"wp-block-gallery columns-3 is-cropped wp-block-gallery-1 is-layout-flex wp-block-gallery-is-layout-flex\"><ul class=\"blocks-gallery-grid\"><li class=\"blocks-gallery-item\"><figure><img loading=\"lazy\" decoding=\"async\" width=\"1024\" height=\"686\" src=\"https:\/\/www.imer.mx\/rmi\/wp-content\/uploads\/sites\/3\/2022\/01\/Cuco-Sinchez-4-1024x686.jpg\" alt=\"\" data-id=\"23098\" data-full-url=\"https:\/\/www.imer.mx\/rmi\/wp-content\/uploads\/sites\/3\/2022\/01\/Cuco-Sinchez-4-scaled.jpg\" data-link=\"https:\/\/www.imer.mx\/rmi\/?attachment_id=23098\" class=\"wp-image-23098\" srcset=\"https:\/\/www.imer.mx\/rmi\/wp-content\/uploads\/sites\/3\/2022\/01\/Cuco-Sinchez-4-1024x686.jpg 1024w, https:\/\/www.imer.mx\/rmi\/wp-content\/uploads\/sites\/3\/2022\/01\/Cuco-Sinchez-4-300x201.jpg 300w, https:\/\/www.imer.mx\/rmi\/wp-content\/uploads\/sites\/3\/2022\/01\/Cuco-Sinchez-4-768x514.jpg 768w, https:\/\/www.imer.mx\/rmi\/wp-content\/uploads\/sites\/3\/2022\/01\/Cuco-Sinchez-4-1536x1028.jpg 1536w, https:\/\/www.imer.mx\/rmi\/wp-content\/uploads\/sites\/3\/2022\/01\/Cuco-Sinchez-4-2048x1371.jpg 2048w\" sizes=\"auto, (max-width: 1024px) 100vw, 1024px\" \/><\/figure><\/li><li class=\"blocks-gallery-item\"><figure><img loading=\"lazy\" decoding=\"async\" width=\"1024\" height=\"684\" src=\"https:\/\/www.imer.mx\/rmi\/wp-content\/uploads\/sites\/3\/2022\/01\/Cuco-Sinchez-3-1024x684.jpg\" alt=\"\" data-id=\"23097\" data-full-url=\"https:\/\/www.imer.mx\/rmi\/wp-content\/uploads\/sites\/3\/2022\/01\/Cuco-Sinchez-3-scaled.jpg\" data-link=\"https:\/\/www.imer.mx\/rmi\/?attachment_id=23097\" class=\"wp-image-23097\" srcset=\"https:\/\/www.imer.mx\/rmi\/wp-content\/uploads\/sites\/3\/2022\/01\/Cuco-Sinchez-3-1024x684.jpg 1024w, https:\/\/www.imer.mx\/rmi\/wp-content\/uploads\/sites\/3\/2022\/01\/Cuco-Sinchez-3-300x201.jpg 300w, https:\/\/www.imer.mx\/rmi\/wp-content\/uploads\/sites\/3\/2022\/01\/Cuco-Sinchez-3-768x513.jpg 768w, https:\/\/www.imer.mx\/rmi\/wp-content\/uploads\/sites\/3\/2022\/01\/Cuco-Sinchez-3-1536x1027.jpg 1536w, https:\/\/www.imer.mx\/rmi\/wp-content\/uploads\/sites\/3\/2022\/01\/Cuco-Sinchez-3-2048x1369.jpg 2048w\" sizes=\"auto, (max-width: 1024px) 100vw, 1024px\" \/><\/figure><\/li><li class=\"blocks-gallery-item\"><figure><img loading=\"lazy\" decoding=\"async\" width=\"1024\" height=\"747\" src=\"https:\/\/www.imer.mx\/rmi\/wp-content\/uploads\/sites\/3\/2022\/01\/Cuco-Sinchez-6-1024x747.jpg\" alt=\"\" data-id=\"23099\" data-full-url=\"https:\/\/www.imer.mx\/rmi\/wp-content\/uploads\/sites\/3\/2022\/01\/Cuco-Sinchez-6.jpg\" data-link=\"https:\/\/www.imer.mx\/rmi\/?attachment_id=23099\" class=\"wp-image-23099\" srcset=\"https:\/\/www.imer.mx\/rmi\/wp-content\/uploads\/sites\/3\/2022\/01\/Cuco-Sinchez-6-1024x747.jpg 1024w, https:\/\/www.imer.mx\/rmi\/wp-content\/uploads\/sites\/3\/2022\/01\/Cuco-Sinchez-6-300x219.jpg 300w, https:\/\/www.imer.mx\/rmi\/wp-content\/uploads\/sites\/3\/2022\/01\/Cuco-Sinchez-6-768x560.jpg 768w, https:\/\/www.imer.mx\/rmi\/wp-content\/uploads\/sites\/3\/2022\/01\/Cuco-Sinchez-6-1536x1120.jpg 1536w, https:\/\/www.imer.mx\/rmi\/wp-content\/uploads\/sites\/3\/2022\/01\/Cuco-Sinchez-6-2048x1493.jpg 2048w\" sizes=\"auto, (max-width: 1024px) 100vw, 1024px\" \/><\/figure><\/li><\/ul><\/figure>\n\n\n\n<p>Enhorabuena con esta iniciativa que esperamos no encuentre freno y vaya por cada uno de los estados de la rep\u00fablica enriqueciendo la colecci\u00f3n y dejando por escrito testimonios que en muchos casos se dispersan. Si corren con suerte, se conservan en entrevistas que quiz\u00e1 se archiven como documentos sonoros pero sin alguien que recopile, ordene y vuelva p\u00fablica, la informaci\u00f3n se pierde triste e irremediablemente.<\/p>\n\n\n\n<p>Los interesados en estos t\u00edtulos pueden informarse en el siguiente correo: contacto@syntaxis.com.mx<\/p>\n\n\n\n<p>Aqu\u00ed la charla con el editor y publicista Alejandro Cisneros que nos cuenta c\u00f3mo se armaron estos valiosos vol\u00famenes.<\/p>\n\n\n\n<figure class=\"wp-block-audio\"><audio controls src=\"https:\/\/www.imer.mx\/rmi\/wp-content\/uploads\/sites\/3\/2022\/01\/mp3CHARLAS-RITA-ABREU-ALEJANDRO-CISNEROS-POR-LOS-CAMINOS-...-10-ENERO-2022.mp3\"><\/audio><\/figure>\n","protected":false},"excerpt":{"rendered":"<p>La m\u00fasica suena, se tararea, se baila, provoca enso\u00f1aciones o se pone de nuestro lado para acompa\u00f1ar o revivir pasiones que dan un giro al ritmo de nuestra vida; y, todo esto sucede gracias a los creadores, compositores y compositoras que dan forma musical a los sentimientos, a los paisajes, a las formas de vida.<\/p>\n","protected":false},"author":18,"featured_media":23100,"comment_status":"open","ping_status":"open","sticky":false,"template":"","format":"standard","meta":{"wp_popup_display_lightbox":0,"wp_popup_suppress":"","wp_popup_trigger":"","wp_popup_trigger_amount":0,"wp_popup_disable_on_mobile":false,"footnotes":""},"categories":[8,9,3],"tags":[],"class_list":["post-23094","post","type-post","status-publish","format-standard","has-post-thumbnail","hentry","category-destacados","category-entrevistas","category-radiomexicointernacional","category-8","category-9","category-3","description-off"],"_links":{"self":[{"href":"https:\/\/www.imer.mx\/rmi\/wp-json\/wp\/v2\/posts\/23094","targetHints":{"allow":["GET"]}}],"collection":[{"href":"https:\/\/www.imer.mx\/rmi\/wp-json\/wp\/v2\/posts"}],"about":[{"href":"https:\/\/www.imer.mx\/rmi\/wp-json\/wp\/v2\/types\/post"}],"author":[{"embeddable":true,"href":"https:\/\/www.imer.mx\/rmi\/wp-json\/wp\/v2\/users\/18"}],"replies":[{"embeddable":true,"href":"https:\/\/www.imer.mx\/rmi\/wp-json\/wp\/v2\/comments?post=23094"}],"version-history":[{"count":0,"href":"https:\/\/www.imer.mx\/rmi\/wp-json\/wp\/v2\/posts\/23094\/revisions"}],"wp:featuredmedia":[{"embeddable":true,"href":"https:\/\/www.imer.mx\/rmi\/wp-json\/wp\/v2\/media\/23100"}],"wp:attachment":[{"href":"https:\/\/www.imer.mx\/rmi\/wp-json\/wp\/v2\/media?parent=23094"}],"wp:term":[{"taxonomy":"category","embeddable":true,"href":"https:\/\/www.imer.mx\/rmi\/wp-json\/wp\/v2\/categories?post=23094"},{"taxonomy":"post_tag","embeddable":true,"href":"https:\/\/www.imer.mx\/rmi\/wp-json\/wp\/v2\/tags?post=23094"}],"curies":[{"name":"wp","href":"https:\/\/api.w.org\/{rel}","templated":true}]}}