{"id":22735,"date":"2021-08-17T18:17:17","date_gmt":"2021-08-17T23:17:17","guid":{"rendered":"https:\/\/www.imer.mx\/rmi\/?p=22735"},"modified":"2021-08-17T18:17:21","modified_gmt":"2021-08-17T23:17:21","slug":"anoranzas-y-experiencias","status":"publish","type":"post","link":"https:\/\/www.imer.mx\/rmi\/anoranzas-y-experiencias\/","title":{"rendered":"A\u00f1oranzas y experiencias"},"content":{"rendered":"\n<h2 class=\"wp-block-heading\">\u201c\u2026limpiar con el humo sagrado cada recuerdo\u201d, Natalia Lafourcade<\/h2>\n\n\n\n<p>Durante el mes de julio nuevamente nos encontramos con bellas y diversas historias de vida de mexicanos que por diferentes razones han dejado el pa\u00eds en pos de mejores oportunidades que no les han alejado de sus ra\u00edces. Algunos emigraron por azar del destino, otros por dificultades econ\u00f3micas, otros m\u00e1s, lo so\u00f1aron y planearon a detalle. <strong>Radio M\u00e9xico Internacional<\/strong> les abre micr\u00f3fonos y, gracias a ello hemos compartido vivencias y momentos de los que todos aprendemos.<\/p>\n\n\n\n<p>Iniciamos el mes de julio con <strong>Gabriela Maldonado<\/strong> hasta <strong>Canad\u00e1.<\/strong> Gabriela vive en un poblado llamado <strong>Surrey<\/strong> muy cerca de Vancouver, sitio que se considera la ciudad m\u00e1s peligrosa de aquel pa\u00eds, seg\u00fan nos dijo, pero a ella le parece que no es m\u00e1s ruda que la Ciudad de M\u00e9xico. Gracias a su padre ingeniero, se decant\u00f3 por estudiar Administraci\u00f3n Industrial y form\u00f3 un gran v\u00ednculo con el Instituto Polit\u00e9cnico Nacional su alma mater.<\/p>\n\n\n\n<div class=\"wp-block-image\"><figure class=\"alignleft size-large is-resized\"><img loading=\"lazy\" decoding=\"async\" src=\"https:\/\/www.imer.mx\/rmi\/wp-content\/uploads\/sites\/3\/2021\/08\/gabriela-2.jpg\" alt=\"\" class=\"wp-image-22740\" width=\"199\" height=\"199\" srcset=\"https:\/\/www.imer.mx\/rmi\/wp-content\/uploads\/sites\/3\/2021\/08\/gabriela-2.jpg 957w, https:\/\/www.imer.mx\/rmi\/wp-content\/uploads\/sites\/3\/2021\/08\/gabriela-2-300x300.jpg 300w, https:\/\/www.imer.mx\/rmi\/wp-content\/uploads\/sites\/3\/2021\/08\/gabriela-2-150x150.jpg 150w, https:\/\/www.imer.mx\/rmi\/wp-content\/uploads\/sites\/3\/2021\/08\/gabriela-2-768x769.jpg 768w, https:\/\/www.imer.mx\/rmi\/wp-content\/uploads\/sites\/3\/2021\/08\/gabriela-2-560x560.jpg 560w\" sizes=\"auto, (max-width: 199px) 100vw, 199px\" \/><\/figure><\/div>\n\n\n\n<p>Escuchamos<em> \u201cPerd\u00f3n\u201d<\/em> con el tr\u00edo los <strong>Panchos<\/strong> para recordar la \u00e9poca en que Gaby disfrutaba las reuniones familiares. En cuanto al amor, conoci\u00f3 a su pareja por medio de una vieja p\u00e1gina de internet y de manera muy inesperada inici\u00f3 su relaci\u00f3n, ahora ha formado una familia con dos hijos.<\/p>\n\n\n\n<div class=\"wp-block-image\"><figure class=\"alignright size-large is-resized\"><img loading=\"lazy\" decoding=\"async\" src=\"https:\/\/www.imer.mx\/rmi\/wp-content\/uploads\/sites\/3\/2021\/08\/paola3-768x1024.jpg\" alt=\"\" class=\"wp-image-22741\" width=\"183\" height=\"244\" srcset=\"https:\/\/www.imer.mx\/rmi\/wp-content\/uploads\/sites\/3\/2021\/08\/paola3-768x1024.jpg 768w, https:\/\/www.imer.mx\/rmi\/wp-content\/uploads\/sites\/3\/2021\/08\/paola3-225x300.jpg 225w, https:\/\/www.imer.mx\/rmi\/wp-content\/uploads\/sites\/3\/2021\/08\/paola3.jpg 960w\" sizes=\"auto, (max-width: 183px) 100vw, 183px\" \/><\/figure><\/div>\n\n\n\n<p>La segunda charla del mes fue con <strong>Paola Gonz\u00e1lez<\/strong> establecida en otra parte de <strong>Canad\u00e1, Montreal<\/strong>, ciudad a la que viaj\u00f3 primero su esposo, tambi\u00e9n mexicano y despu\u00e9s lleg\u00f3 ella. Al arribar se toparon con la situaci\u00f3n de la pandemia, el encierro le ha impedido conocer bien la ciudad. Inevitablemente resinti\u00f3 estar lejos de su familia, ya que solo los doctores y las enfermeras conoc\u00edan y compart\u00edan su embarazo.<\/p>\n\n\n\n<p>Escuchamos el<em> Huapango de Moncayo<\/em> como un recordatorio para Paola de su pa\u00eds y su familia, esos acordes acentuaron las fibras de la nostalgia.<\/p>\n\n\n\n<p><strong>Karina Cahue<\/strong> desde los 3 a\u00f1os dej\u00f3 M\u00e9xico, sus padres emigraron a <strong>Michigan <\/strong>para encontrar mejores oportunidades de vida. Karina aprecia el sacrificio y el valor de su familia al dejar su pa\u00eds, sin abandonar sus ra\u00edces enclavadas en Tup\u00e1taro, un pueblo de Michoac\u00e1n. Siempre le han inculcado el aprecio por la cultura mexicana, y, ella ha rastreado con admiraci\u00f3n a los pur\u00e9pechas.<\/p>\n\n\n\n<p>Karina vive una situaci\u00f3n contradictoria por su condici\u00f3n, pues no se siente ni de aqu\u00ed ni de all\u00e1. Perdi\u00f3 la lengua materna mientras estudiaba la primaria pero se ha esmerado todo lo que ha podido por recuperarla y dominarla pues su sue\u00f1o es ser maestra de espa\u00f1ol. Para ella la m\u00fasica es otra forma de seguir cerca de sus or\u00edgenes, en especial la cumbia y un veh\u00edculo para integrarse a un mundo multicultural.<\/p>\n\n\n\n<div class=\"wp-block-image\"><figure class=\"aligncenter size-large is-resized\"><img loading=\"lazy\" decoding=\"async\" src=\"https:\/\/www.imer.mx\/rmi\/wp-content\/uploads\/sites\/3\/2021\/08\/karina5.jpg\" alt=\"\" class=\"wp-image-22742\" width=\"287\" height=\"152\" srcset=\"https:\/\/www.imer.mx\/rmi\/wp-content\/uploads\/sites\/3\/2021\/08\/karina5.jpg 1024w, https:\/\/www.imer.mx\/rmi\/wp-content\/uploads\/sites\/3\/2021\/08\/karina5-300x159.jpg 300w, https:\/\/www.imer.mx\/rmi\/wp-content\/uploads\/sites\/3\/2021\/08\/karina5-768x407.jpg 768w\" sizes=\"auto, (max-width: 287px) 100vw, 287px\" \/><\/figure><\/div>\n\n\n\n<div class=\"wp-block-image\"><figure class=\"alignright size-large is-resized\"><img loading=\"lazy\" decoding=\"async\" src=\"https:\/\/www.imer.mx\/rmi\/wp-content\/uploads\/sites\/3\/2021\/08\/brasil.jpg\" alt=\"\" class=\"wp-image-22744\" width=\"241\" height=\"181\" srcset=\"https:\/\/www.imer.mx\/rmi\/wp-content\/uploads\/sites\/3\/2021\/08\/brasil.jpg 1024w, https:\/\/www.imer.mx\/rmi\/wp-content\/uploads\/sites\/3\/2021\/08\/brasil-300x225.jpg 300w, https:\/\/www.imer.mx\/rmi\/wp-content\/uploads\/sites\/3\/2021\/08\/brasil-768x576.jpg 768w\" sizes=\"auto, (max-width: 241px) 100vw, 241px\" \/><\/figure><\/div>\n\n\n\n<p>Cerramos el mes de julio con <strong>Alfonso Gonz\u00e1lez<\/strong>, el primer mexicano que contactamos en <strong>Brasil<\/strong>, espec\u00edficamente en <strong>Sao Paulo.<\/strong> Nos habl\u00f3 de lo sorprendente grande y atractiva que es esta ciudad donde vive. Su trabajo est\u00e1 enfocado en la inform\u00e1tica y biohacking, tema que inicialmente no le llamaba la atenci\u00f3n, pero se dio cuenta que era un campo que pod\u00eda explotar. Desde los 18 a\u00f1os Alfonso ten\u00eda la curiosidad de viajar y conocer distintos lugares, eso lo impuls\u00f3 primero a estar en Argentina y luego en Brasil. Su \u00edmpetu, su laptop y los contactos han hecho posible su traves\u00eda.<\/p>\n\n\n\n<p>Texto: Mois\u00e9s Gonz\u00e1lez \/ Rita Abreu<\/p>\n\n\n\n<figure class=\"wp-block-audio\"><audio controls src=\"https:\/\/www.imer.mx\/rmi\/wp-content\/uploads\/sites\/3\/2021\/08\/Charlas-con-Rita-Abreu_Irma-Gabriela_Maldonado_Vancouver-Canad_07-JULIO-21.mp3\"><\/audio><figcaption>Charlas a Distancia &#8211; Gabriela Maldonado &#8211; Surrey, Canad\u00e1 &#8211; 7 de julio<\/figcaption><\/figure>\n\n\n\n<figure class=\"wp-block-audio\"><audio controls src=\"https:\/\/www.imer.mx\/rmi\/wp-content\/uploads\/sites\/3\/2021\/08\/MP3-Charlas-Rita-Abreu-Paola-Gonzalez-Canada-14-julio-2021.mp3\"><\/audio><figcaption>Charlas a Distancia &#8211; Paola Gonz\u00e1lez &#8211; Montreal, Canad\u00e1 &#8211; 14 de julio<\/figcaption><\/figure>\n\n\n\n<figure class=\"wp-block-audio\"><audio controls src=\"https:\/\/www.imer.mx\/rmi\/wp-content\/uploads\/sites\/3\/2021\/08\/Charlas-con-Rita-Abreu_Karina-Kahue_desde-Chicago_21-07-21.mp3\"><\/audio><figcaption>Charlas a Distancia &#8211; Karina Cahue &#8211; Michigan, E.U &#8211; 21 de julio<\/figcaption><\/figure>\n\n\n\n<figure class=\"wp-block-audio\"><audio controls src=\"https:\/\/www.imer.mx\/rmi\/wp-content\/uploads\/sites\/3\/2021\/08\/mp3-CHARLAS-RITA-ABREU-SAO-PAULO-BRASIL-28-JULIO-2021.mp3\"><\/audio><figcaption>Charlas a Distancia &#8211; Alfonso, Gonz\u00e1lez &#8211; Sao Paulo, Brasil &#8211; 28 de julio<\/figcaption><\/figure>\n","protected":false},"excerpt":{"rendered":"<p>Durante el mes de julio nuevamente nos encontramos con bellas y diversas historias de vida de mexicanos que por diferentes razones han dejado el pa\u00eds en pos de mejores oportunidades que no les han alejado de sus ra\u00edces. Algunos emigraron por azar del destino, otros por dificultades econ\u00f3micas, otros m\u00e1s, lo so\u00f1aron y planearon a detalle. Radio M\u00e9xico Internacional les abre micr\u00f3fonos y, gracias a ello hemos compartido vivencias y momentos de los que todos aprendemos.<\/p>\n","protected":false},"author":18,"featured_media":22745,"comment_status":"open","ping_status":"open","sticky":false,"template":"","format":"standard","meta":{"wp_popup_display_lightbox":0,"wp_popup_suppress":"","wp_popup_trigger":"","wp_popup_trigger_amount":0,"wp_popup_disable_on_mobile":false,"footnotes":""},"categories":[8,3],"tags":[249,134,172,247,116,204,162,248],"class_list":["post-22735","post","type-post","status-publish","format-standard","has-post-thumbnail","hentry","category-destacados","category-radiomexicointernacional","tag-brasil","tag-canada","tag-charlas-a-distancia","tag-los-panchos","tag-mexicanos-en-el-mundo","tag-migracion","tag-musica-mexicana","tag-natalia-lafourcade","category-8","category-3","description-off"],"_links":{"self":[{"href":"https:\/\/www.imer.mx\/rmi\/wp-json\/wp\/v2\/posts\/22735","targetHints":{"allow":["GET"]}}],"collection":[{"href":"https:\/\/www.imer.mx\/rmi\/wp-json\/wp\/v2\/posts"}],"about":[{"href":"https:\/\/www.imer.mx\/rmi\/wp-json\/wp\/v2\/types\/post"}],"author":[{"embeddable":true,"href":"https:\/\/www.imer.mx\/rmi\/wp-json\/wp\/v2\/users\/18"}],"replies":[{"embeddable":true,"href":"https:\/\/www.imer.mx\/rmi\/wp-json\/wp\/v2\/comments?post=22735"}],"version-history":[{"count":0,"href":"https:\/\/www.imer.mx\/rmi\/wp-json\/wp\/v2\/posts\/22735\/revisions"}],"wp:featuredmedia":[{"embeddable":true,"href":"https:\/\/www.imer.mx\/rmi\/wp-json\/wp\/v2\/media\/22745"}],"wp:attachment":[{"href":"https:\/\/www.imer.mx\/rmi\/wp-json\/wp\/v2\/media?parent=22735"}],"wp:term":[{"taxonomy":"category","embeddable":true,"href":"https:\/\/www.imer.mx\/rmi\/wp-json\/wp\/v2\/categories?post=22735"},{"taxonomy":"post_tag","embeddable":true,"href":"https:\/\/www.imer.mx\/rmi\/wp-json\/wp\/v2\/tags?post=22735"}],"curies":[{"name":"wp","href":"https:\/\/api.w.org\/{rel}","templated":true}]}}