{"id":22186,"date":"2020-10-13T14:09:02","date_gmt":"2020-10-13T19:09:02","guid":{"rendered":"https:\/\/www.imer.mx\/rmi\/?p=22186"},"modified":"2020-10-13T17:14:43","modified_gmt":"2020-10-13T22:14:43","slug":"12-de-octubre-dia-de-la-raza","status":"publish","type":"post","link":"https:\/\/www.imer.mx\/rmi\/12-de-octubre-dia-de-la-raza\/","title":{"rendered":"12 de octubre \u00bfD\u00eda de la Raza?"},"content":{"rendered":"<p>A finales del siglo XIX inici\u00f3 en el mundo la conmemoraci\u00f3n de la llegada de <strong>Crist\u00f3bal Col\u00f3n<\/strong> al continente americano. En charla con la doctora <strong>Ver\u00f3nica Z\u00e1rate Toscano<\/strong>, investigadora del Instituto Mora, especialista en historia cultural y en particular en los modos de recordar y celebrar episodios y personajes, levantar monumentos, o componer m\u00fasica alusiva, nos detall\u00f3 que en 1892 se estren\u00f3 en M\u00e9xico la \u00f3pera de <strong>Julio M. Morales,<\/strong> <em>Colombo a Santo Domingo<\/em> y tal fue la cr\u00edtica que el compositor guard\u00f3 para siempre la partitura hasta que la puso en circulaci\u00f3n de nuevo la soprano <strong>Ver\u00f3nica Mur\u00faa<\/strong>, aqu\u00ed escuchar\u00e1n un fragmento. La conmemoraci\u00f3n de los 400 a\u00f1os del Descubrimiento, Encuentro o Invenci\u00f3n de Am\u00e9rica puso a circular obras musicales como la del brasile\u00f1o <strong>Carlos G\u00f3mez<\/strong>, con un poema vocal sinf\u00f3nico que planteaba la reivindicaci\u00f3n de Europa. En 1877, M\u00e9xico estrenaba el monumento a Col\u00f3n, en la flamante avenida Reforma que se pensaba ser\u00eda un libro abierto para la historia.<\/p>\n<p><a class=\"dt-pswp-item\" href=\"https:\/\/www.imer.mx\/rmi\/wp-content\/uploads\/sites\/3\/2020\/10\/cristoba.jpg\" data-dt-img-description=\"\"><img loading=\"lazy\" decoding=\"async\" class=\"aligncenter size-medium wp-image-22192\" src=\"https:\/\/www.imer.mx\/rmi\/wp-content\/uploads\/sites\/3\/2020\/10\/cristoba-300x169.jpg\" alt=\"\" width=\"300\" height=\"169\" srcset=\"https:\/\/www.imer.mx\/rmi\/wp-content\/uploads\/sites\/3\/2020\/10\/cristoba-300x169.jpg 300w, https:\/\/www.imer.mx\/rmi\/wp-content\/uploads\/sites\/3\/2020\/10\/cristoba-768x432.jpg 768w, https:\/\/www.imer.mx\/rmi\/wp-content\/uploads\/sites\/3\/2020\/10\/cristoba.jpg 992w\" sizes=\"auto, (max-width: 300px) 100vw, 300px\" \/><\/a>Este convulso 2020, en la v\u00edspera de la pol\u00e9mica celebraci\u00f3n las autoridades decidieron retirar la escultura de Col\u00f3n con todo y los frailes que rodeaban su efigie anunciando que se requer\u00eda una restauraci\u00f3n a profundidad. Lo cierto es que exist\u00eda la advertencia de que este 12 de octubre ser\u00eda derribado. Ahora se propone una discusi\u00f3n sobre si devolver a Col\u00f3n a su glorieta o no. Quienes estudian la historia son br\u00fajula esencial para pensar y analizar a profundidad tambi\u00e9n, qu\u00e9 rescatar y qu\u00e9 no olvidar. Por eso en esta emisi\u00f3n, la Dra. Z\u00e1rate nos invita a visitar algunos <em>lugares de la memoria<\/em> como la m\u00fasica, que sin duda es depositaria de una visi\u00f3n del mundo y refleja la \u00e9poca en la que surge. Atenci\u00f3n estimados oyentes, encontrar\u00e1n piezas raras y hasta parodias en esta selecci\u00f3n, adem\u00e1s de datos que nos har\u00e1n cuestionarnos nuestra relaci\u00f3n con el pasado y con el presente.<\/p>\n<p>Texto: <strong>Rita Abreu<\/strong><\/p>\n<p>Se abre pues la sesi\u00f3n de repensarnos\u2026 \u00a1escucha y forma tu opini\u00f3n!<\/p>\n<audio class=\"wp-audio-shortcode\" id=\"audio-22186-1\" preload=\"none\" style=\"width: 100%;\" controls=\"controls\"><source type=\"audio\/mpeg\" src=\"https:\/\/www.imer.mx\/rmi\/wp-content\/uploads\/sites\/3\/2020\/10\/editada-DIA-DE-LA-RAZA-12-OCTUBRE-2020.mp3?_=1\" \/><a href=\"https:\/\/www.imer.mx\/rmi\/wp-content\/uploads\/sites\/3\/2020\/10\/editada-DIA-DE-LA-RAZA-12-OCTUBRE-2020.mp3\">https:\/\/www.imer.mx\/rmi\/wp-content\/uploads\/sites\/3\/2020\/10\/editada-DIA-DE-LA-RAZA-12-OCTUBRE-2020.mp3<\/a><\/audio>\n","protected":false},"excerpt":{"rendered":"<p>Este convulso 2020, en la v\u00edspera de la pol\u00e9mica celebraci\u00f3n las autoridades decidieron retirar la escultura de Col\u00f3n con todo y los frailes que rodeaban su efigie anunciando que se requer\u00eda una restauraci\u00f3n a profundidad. Lo cierto es que exist\u00eda la advertencia de que este 12 de octubre ser\u00eda derribado.<\/p>\n","protected":false},"author":18,"featured_media":22194,"comment_status":"open","ping_status":"open","sticky":false,"template":"","format":"standard","meta":{"wp_popup_display_lightbox":0,"wp_popup_suppress":"","wp_popup_trigger":"","wp_popup_trigger_amount":0,"wp_popup_disable_on_mobile":false,"footnotes":""},"categories":[8,9,3],"tags":[156,158,157,120],"class_list":["post-22186","post","type-post","status-publish","format-standard","has-post-thumbnail","hentry","category-destacados","category-entrevistas","category-radiomexicointernacional","tag-12-de-octubre","tag-cristobal-colon","tag-dia-de-la-raza","tag-historia","category-8","category-9","category-3","description-off"],"_links":{"self":[{"href":"https:\/\/www.imer.mx\/rmi\/wp-json\/wp\/v2\/posts\/22186","targetHints":{"allow":["GET"]}}],"collection":[{"href":"https:\/\/www.imer.mx\/rmi\/wp-json\/wp\/v2\/posts"}],"about":[{"href":"https:\/\/www.imer.mx\/rmi\/wp-json\/wp\/v2\/types\/post"}],"author":[{"embeddable":true,"href":"https:\/\/www.imer.mx\/rmi\/wp-json\/wp\/v2\/users\/18"}],"replies":[{"embeddable":true,"href":"https:\/\/www.imer.mx\/rmi\/wp-json\/wp\/v2\/comments?post=22186"}],"version-history":[{"count":0,"href":"https:\/\/www.imer.mx\/rmi\/wp-json\/wp\/v2\/posts\/22186\/revisions"}],"wp:featuredmedia":[{"embeddable":true,"href":"https:\/\/www.imer.mx\/rmi\/wp-json\/wp\/v2\/media\/22194"}],"wp:attachment":[{"href":"https:\/\/www.imer.mx\/rmi\/wp-json\/wp\/v2\/media?parent=22186"}],"wp:term":[{"taxonomy":"category","embeddable":true,"href":"https:\/\/www.imer.mx\/rmi\/wp-json\/wp\/v2\/categories?post=22186"},{"taxonomy":"post_tag","embeddable":true,"href":"https:\/\/www.imer.mx\/rmi\/wp-json\/wp\/v2\/tags?post=22186"}],"curies":[{"name":"wp","href":"https:\/\/api.w.org\/{rel}","templated":true}]}}