{"id":22020,"date":"2020-08-15T09:42:53","date_gmt":"2020-08-15T14:42:53","guid":{"rendered":"https:\/\/www.imer.mx\/rmi\/?p=22020"},"modified":"2020-09-23T09:49:17","modified_gmt":"2020-09-23T14:49:17","slug":"dia-nacional-del-cine-mexicano-desde-casa","status":"publish","type":"post","link":"https:\/\/www.imer.mx\/rmi\/dia-nacional-del-cine-mexicano-desde-casa\/","title":{"rendered":"D\u00eda Nacional del Cine Mexicano desde casa"},"content":{"rendered":"<p>Cada 15 de agosto por iniciativa del Senado se celebra el \u201c<strong>D\u00eda Nacional del Cine Mexicano<\/strong>\u201d, esta conmemoraci\u00f3n comenz\u00f3 en 2017. Cada a\u00f1o se creaba un circuito de presentaciones en todo el pa\u00eds, proyectando tanto pel\u00edculas cl\u00e1sicas, modernas, experimentales adem\u00e1s de ciclos de cortometrajes y exposiciones. El objetivo es promover, presentar y crear conciencia sobre los aportes cinematogr\u00e1ficos a nivel cultural y social.<\/p>\n<p>Por la situaci\u00f3n actual este a\u00f1o no es posible crear estos circuitos, sin embargo gracias al programa \u201c<strong>Contigo en la Distancia<\/strong>\u201d de la <em><strong>Secretar\u00eda de Cultura<\/strong> <\/em>y el<em><strong> I<\/strong><strong>nstituto Mexicano de Cinematograf\u00eda<\/strong> <\/em>(<strong>Imcine<\/strong>) podr\u00e1s disfrutar en l\u00ednea \u00a1<strong><em>Con cine lo que venga! Porque nuestras historias no se detienen<\/em><\/strong>, una programaci\u00f3n compuesta por 81 t\u00edtulos que tiene por objetivo que el p\u00fablico mexicano acceda al m\u00e1s diverso cine nacional y lo disfrute a trav\u00e9s de sus televisores, computadoras, tabletas o celulares sin salir de casa.<\/p>\n<p>M\u00e9xico tiene una larga tradici\u00f3n y un gran arraigo al s\u00e9ptimo arte, desde los primeros cinemat\u00f3grafos que trajo <strong>Porfirio D\u00edaz<\/strong> a inicios del siglo XX, el posterior crecimiento en la d\u00e9cada de los 40 hasta los 50 con la llamada \u201c<em><strong>\u00e9poca de oro del cine mexicano<\/strong><\/em>\u201d y en los noventa la producci\u00f3n nacional volvi\u00f3 a resurgir con el \u201c<em><strong>nuevo cine mexicano<\/strong><\/em>\u201d.<\/p>\n<p>En los \u00faltimos a\u00f1os el trabajo de directores, fot\u00f3grafos, productores y todos los que est\u00e1n detr\u00e1s de la realizaci\u00f3n cinematogr\u00e1fica han tenido reconocimiento en el extranjero. Directores como <strong>Alejandro Gonz\u00e1lez I\u00f1\u00e1rritu<\/strong>, <strong>Alfonso Cuar\u00f3n<\/strong> y <strong>Guillermo del Toro<\/strong> han dominado en los \u00faltimos 6 a\u00f1os en los<em><strong> Premios Oscar<\/strong><\/em>, ellos han creado una nueva escuela de hacer cine y no solo en M\u00e9xico sino a nivel mundial.<\/p>\n<p><a class=\"dt-pswp-item\" href=\"https:\/\/www.imer.mx\/rmi\/wp-content\/uploads\/sites\/3\/2020\/08\/directores.jpg\" data-dt-img-description=\"\"><img loading=\"lazy\" decoding=\"async\" class=\"aligncenter size-medium wp-image-22022\" src=\"https:\/\/www.imer.mx\/rmi\/wp-content\/uploads\/sites\/3\/2020\/08\/directores-300x169.jpg\" alt=\"\" width=\"300\" height=\"169\" srcset=\"https:\/\/www.imer.mx\/rmi\/wp-content\/uploads\/sites\/3\/2020\/08\/directores-300x169.jpg 300w, https:\/\/www.imer.mx\/rmi\/wp-content\/uploads\/sites\/3\/2020\/08\/directores-768x432.jpg 768w, https:\/\/www.imer.mx\/rmi\/wp-content\/uploads\/sites\/3\/2020\/08\/directores.jpg 990w\" sizes=\"auto, (max-width: 300px) 100vw, 300px\" \/><\/a>Sin duda es un pa\u00eds con afinidad al cine, tantos cl\u00e1sicos y grandes historias nos han conmocionado, muchos referentes y actuaciones memorables. <strong>\u00a1Con cine lo que venga! <\/strong>Demuestra que a pesar de la pandemia la industria cinematogr\u00e1fica no ha parado, y de hecho se presentar\u00e1n pel\u00edculas y cortometrajes que a\u00fan no han sido proyectados en salas. Se transmitir\u00e1n 12 pel\u00edculas en 31 televisoras de todo el pa\u00eds y 28 en televisoras y plataformas de streaming de 34 pa\u00edses del mundo. <strong>Canal 22<\/strong> ser\u00e1 la sede digital con una selecci\u00f3n conmemorativa compuesta por 26 t\u00edtulos, que ser\u00e1 transmitida durante agosto y septiembre.<\/p>\n<p>\u00bfC\u00f3mo puedes acceder a la programaci\u00f3n?<\/p>\n<p><strong>Filminlatino<\/strong> es la plataforma del imcine que alberga el material para esta celebraci\u00f3n del D\u00eda Nacional del Cine Mexicano, lo que tienes que hacer es crear tu perfil para poder acceder, aqu\u00ed el link : <a href=\"https:\/\/www.filminlatino.mx\/\">https:\/\/www.filminlatino.mx\/<\/a><\/p>\n<p>Esta es la programaci\u00f3n:<\/p>\n<p><a href=\"https:\/\/contigoenladistancia.cultura.gob.mx\/assets\/uploads\/blog\/documentos\/programacion-genera-dncm2020.pdf\">https:\/\/contigoenladistancia.cultura.gob.mx\/assets\/uploads\/blog\/documentos\/programacion-genera-dncm2020.pdf<\/a><\/p>\n<p>Disfruta de nuevas historias o revive los cl\u00e1sicos que a pesar del tiempo siguen siendo conmovedoras y cat\u00e1rticas, \u00a1Apoya el cine mexicano! Una recomendaci\u00f3n de Radio M\u00e9xico Internacional.<\/p>\n<p>&nbsp;<\/p>\n<p>Texto: Mois\u00e9s Gonz\u00e1lez Zarco<\/p>\n","protected":false},"excerpt":{"rendered":"<p>Sin duda es un pa\u00eds con afinidad al cine, tantos cl\u00e1sicos y grandes historias nos han conmocionado, muchos referentes y actuaciones memorables. \u00a1Con cine lo que venga! Demuestra que a pesar de la pandemia la industria cinematogr\u00e1fica no ha parado, y de hecho se presentar\u00e1n pel\u00edculas y cortometrajes que a\u00fan no han sido proyectados en salas.<\/p>\n","protected":false},"author":18,"featured_media":22021,"comment_status":"open","ping_status":"open","sticky":false,"template":"","format":"standard","meta":{"wp_popup_display_lightbox":0,"wp_popup_suppress":"","wp_popup_trigger":"","wp_popup_trigger_amount":0,"wp_popup_disable_on_mobile":false,"footnotes":""},"categories":[3,43],"tags":[68,129],"class_list":["post-22020","post","type-post","status-publish","format-standard","has-post-thumbnail","hentry","category-radiomexicointernacional","category-temas-de-mexico","tag-cine","tag-cine-mexicano","category-3","category-43","description-off"],"_links":{"self":[{"href":"https:\/\/www.imer.mx\/rmi\/wp-json\/wp\/v2\/posts\/22020","targetHints":{"allow":["GET"]}}],"collection":[{"href":"https:\/\/www.imer.mx\/rmi\/wp-json\/wp\/v2\/posts"}],"about":[{"href":"https:\/\/www.imer.mx\/rmi\/wp-json\/wp\/v2\/types\/post"}],"author":[{"embeddable":true,"href":"https:\/\/www.imer.mx\/rmi\/wp-json\/wp\/v2\/users\/18"}],"replies":[{"embeddable":true,"href":"https:\/\/www.imer.mx\/rmi\/wp-json\/wp\/v2\/comments?post=22020"}],"version-history":[{"count":0,"href":"https:\/\/www.imer.mx\/rmi\/wp-json\/wp\/v2\/posts\/22020\/revisions"}],"wp:featuredmedia":[{"embeddable":true,"href":"https:\/\/www.imer.mx\/rmi\/wp-json\/wp\/v2\/media\/22021"}],"wp:attachment":[{"href":"https:\/\/www.imer.mx\/rmi\/wp-json\/wp\/v2\/media?parent=22020"}],"wp:term":[{"taxonomy":"category","embeddable":true,"href":"https:\/\/www.imer.mx\/rmi\/wp-json\/wp\/v2\/categories?post=22020"},{"taxonomy":"post_tag","embeddable":true,"href":"https:\/\/www.imer.mx\/rmi\/wp-json\/wp\/v2\/tags?post=22020"}],"curies":[{"name":"wp","href":"https:\/\/api.w.org\/{rel}","templated":true}]}}