{"id":21928,"date":"2020-07-07T15:16:04","date_gmt":"2020-07-07T20:16:04","guid":{"rendered":"https:\/\/www.imer.mx\/rmi\/?p=21928"},"modified":"2020-07-07T15:37:26","modified_gmt":"2020-07-07T20:37:26","slug":"tercera-entrega-charlas-a-distancia-de-paris-a-mozambique","status":"publish","type":"post","link":"https:\/\/www.imer.mx\/rmi\/tercera-entrega-charlas-a-distancia-de-paris-a-mozambique\/","title":{"rendered":"Tercera entrega Charlas a Distancia: de Par\u00eds a Mozambique"},"content":{"rendered":"<p>En <strong>Charlas a Distancia<\/strong> del mes de junio continuamos explorando el esp\u00edritu inquieto de quienes migran, su labor de filigrana para adaptarse, la pasi\u00f3n que los mueve a perseguir sus sue\u00f1os; y su creatividad para mantenerse cerca de M\u00e9xico, ya sea por tareas profesionales o por recrear costumbres, idioma, comida.<\/p>\n<p>Cada episodio descubre rincones de ciudades y barrios a miles de kil\u00f3metros, cada emisi\u00f3n es una posibilidad de sentir el mundo peque\u00f1o con seres humanos que desean contactar, y aprender del otro.<\/p>\n<p><strong><a class=\"dt-pswp-item\" href=\"https:\/\/www.imer.mx\/rmi\/wp-content\/uploads\/sites\/3\/2020\/07\/tani3.jpg\" data-dt-img-description=\"\"><img loading=\"lazy\" decoding=\"async\" class=\"size-medium wp-image-21934 alignright\" src=\"https:\/\/www.imer.mx\/rmi\/wp-content\/uploads\/sites\/3\/2020\/07\/tani3-300x198.jpg\" alt=\"\" width=\"300\" height=\"198\" srcset=\"https:\/\/www.imer.mx\/rmi\/wp-content\/uploads\/sites\/3\/2020\/07\/tani3-300x198.jpg 300w, https:\/\/www.imer.mx\/rmi\/wp-content\/uploads\/sites\/3\/2020\/07\/tani3-768x506.jpg 768w, https:\/\/www.imer.mx\/rmi\/wp-content\/uploads\/sites\/3\/2020\/07\/tani3.jpg 960w\" sizes=\"auto, (max-width: 300px) 100vw, 300px\" \/><\/a>Kei Tanikawa<\/strong> desde <b>Par\u00eds<\/b>, <strong>Francia<\/strong> se comunic\u00f3 a la cabina de RMI, convers\u00f3 sobre su trabajo, predilecci\u00f3n por sitios abandonados y hobbies como la fotograf\u00eda. Nos dio una perspectiva del d\u00eda a d\u00eda de un extranjero en esa ciudad cosmopolita y expuso la gran diversidad de personas que existen en ella.<\/p>\n<p>&nbsp;<\/p>\n<p><strong><a class=\"dt-pswp-item\" href=\"https:\/\/www.imer.mx\/rmi\/wp-content\/uploads\/sites\/3\/2020\/07\/trujo.jpg\" data-dt-img-description=\"\"><img loading=\"lazy\" decoding=\"async\" class=\"size-medium wp-image-21935 alignleft\" src=\"https:\/\/www.imer.mx\/rmi\/wp-content\/uploads\/sites\/3\/2020\/07\/trujo-200x300.jpg\" alt=\"\" width=\"200\" height=\"300\" srcset=\"https:\/\/www.imer.mx\/rmi\/wp-content\/uploads\/sites\/3\/2020\/07\/trujo-200x300.jpg 200w, https:\/\/www.imer.mx\/rmi\/wp-content\/uploads\/sites\/3\/2020\/07\/trujo-768x1152.jpg 768w, https:\/\/www.imer.mx\/rmi\/wp-content\/uploads\/sites\/3\/2020\/07\/trujo-682x1024.jpg 682w, https:\/\/www.imer.mx\/rmi\/wp-content\/uploads\/sites\/3\/2020\/07\/trujo.jpg 853w\" sizes=\"auto, (max-width: 200px) 100vw, 200px\" \/><\/a>Rub\u00e9n Trujillo<\/strong>, <strong>Trujo<\/strong>, en su manera juguetona y particular nos cont\u00f3 c\u00f3mo se mud\u00f3 a <strong>Los \u00c1ngeles, California<\/strong> y se introdujo en el mundo del doblaje, trabajo que considera se ha convertido en arte, gracias al cual ha conocido muchas personas y se ha ganado la vida.<\/p>\n<p>&nbsp;<\/p>\n<p>Desde \u00c1frica, espec\u00edficamente desde <strong>Mozambique<\/strong>, hablamos con <strong>Vindia Celerier<\/strong>, quien siempre so\u00f1\u00f3 con hacer <a class=\"dt-pswp-item\" href=\"https:\/\/www.imer.mx\/rmi\/wp-content\/uploads\/sites\/3\/2020\/07\/moaza.jpg\" data-dt-img-description=\"\"><img loading=\"lazy\" decoding=\"async\" class=\"size-medium wp-image-21936 alignright\" src=\"https:\/\/www.imer.mx\/rmi\/wp-content\/uploads\/sites\/3\/2020\/07\/moaza-225x300.jpg\" alt=\"\" width=\"225\" height=\"300\" srcset=\"https:\/\/www.imer.mx\/rmi\/wp-content\/uploads\/sites\/3\/2020\/07\/moaza-225x300.jpg 225w, https:\/\/www.imer.mx\/rmi\/wp-content\/uploads\/sites\/3\/2020\/07\/moaza-768x1025.jpg 768w, https:\/\/www.imer.mx\/rmi\/wp-content\/uploads\/sites\/3\/2020\/07\/moaza-767x1024.jpg 767w, https:\/\/www.imer.mx\/rmi\/wp-content\/uploads\/sites\/3\/2020\/07\/moaza.jpg 959w\" sizes=\"auto, (max-width: 225px) 100vw, 225px\" \/><\/a>voluntariado en aquel continente. Ha vivido en muchos pa\u00edses y ha logrado que sus hijos hablen espa\u00f1ol. Nos comparti\u00f3 lo que le signific\u00f3 ser enfermera de M\u00e9dicos sin Frontera y nos convid\u00f3 del mar africano que tanto ama.<\/p>\n<p>&nbsp;<\/p>\n<p><strong>Gabriela Canudas<\/strong>, entre risas y recuerdos repas\u00f3 sus d\u00edas de estudiante de teatro, su infancia en el puerto de Veracruz, las experiencias que le trajeron las telenovelas, las vicisitudes en la filmaci\u00f3n de <em><strong>Otilia<\/strong> <\/em>cuando tuvo su primer protag\u00f3nico y las razones para mudarse a Los \u00c1ngeles.<\/p>\n<p><a class=\"dt-pswp-item\" href=\"https:\/\/www.imer.mx\/rmi\/wp-content\/uploads\/sites\/3\/2020\/07\/gabriela-canudas.jpg\" data-dt-img-description=\"\"><img loading=\"lazy\" decoding=\"async\" class=\"aligncenter size-medium wp-image-21937\" src=\"https:\/\/www.imer.mx\/rmi\/wp-content\/uploads\/sites\/3\/2020\/07\/gabriela-canudas-300x200.jpg\" alt=\"\" width=\"300\" height=\"200\" srcset=\"https:\/\/www.imer.mx\/rmi\/wp-content\/uploads\/sites\/3\/2020\/07\/gabriela-canudas-300x200.jpg 300w, https:\/\/www.imer.mx\/rmi\/wp-content\/uploads\/sites\/3\/2020\/07\/gabriela-canudas-768x512.jpg 768w, https:\/\/www.imer.mx\/rmi\/wp-content\/uploads\/sites\/3\/2020\/07\/gabriela-canudas-1024x683.jpg 1024w, https:\/\/www.imer.mx\/rmi\/wp-content\/uploads\/sites\/3\/2020\/07\/gabriela-canudas.jpg 1500w\" sizes=\"auto, (max-width: 300px) 100vw, 300px\" \/><\/a><\/p>\n<p>Agradecemos al equipo de RMI que hace posible estos enlaces, en la operaci\u00f3n t\u00e9cnica: Pedro Robles y Edgar Hern\u00e1ndez, en la producci\u00f3n: Jos\u00e9 Ram\u00edrez S\u00e1nchez, redes sociales: Mois\u00e9s Gonz\u00e1lez y en la conducci\u00f3n Rita Abreu.<\/p>\n<p>Aqu\u00ed te dejamos los podcasts de esta tercera entrega de Charlas a Distancia, sum\u00e9rgete en estas historias de vida\u2026<\/p>\n<div class=\"wp-playlist wp-audio-playlist wp-playlist-light\">\n\t\t\t<div class=\"wp-playlist-current-item\"><\/div>\n\t\t<audio controls=\"controls\" preload=\"none\" width=\"1178\"\n\t\t\t><\/audio>\n\t<div class=\"wp-playlist-next\"><\/div>\n\t<div class=\"wp-playlist-prev\"><\/div>\n\t<noscript>\n\t<ol>\n\t\t<li><a href='https:\/\/www.imer.mx\/rmi\/wp-content\/uploads\/sites\/3\/2020\/07\/Tanikawa-dos-editada.mp3'>Kei Tanikawa - Par\u00eds, Francia. 3 de junio.<\/a><\/li><li><a href='https:\/\/www.imer.mx\/rmi\/wp-content\/uploads\/sites\/3\/2020\/07\/RITA-TRUJO-MIER10JUN2020.mp3'>Rub\u00e9n Trujilo, \"Trujo\" - Los \u00c1ngeles, California. 10 de junio.<\/a><\/li><li><a href='https:\/\/www.imer.mx\/rmi\/wp-content\/uploads\/sites\/3\/2020\/07\/CHARLAS-RITA-ABREU-A-DISTANCIA-CON-VINDIA-CELERIER-17JUNIO-2020.mp3'>Vindia Celerier - Mozambique. 17 de junio.<\/a><\/li><li><a href='https:\/\/www.imer.mx\/rmi\/wp-content\/uploads\/sites\/3\/2020\/07\/CHARLAS-RITA-ABREU-GABRIELA-CANUDAS-24JUNIO2020.mp3'>Gabriela Canudas - Los \u00c1ngeles, California. 24 de junio.<\/a><\/li>\t<\/ol>\n\t<\/noscript>\n\t<script type=\"application\/json\" class=\"wp-playlist-script\">{\"type\":\"audio\",\"tracklist\":true,\"tracknumbers\":true,\"images\":true,\"artists\":true,\"tracks\":[{\"src\":\"https:\/\/www.imer.mx\/rmi\/wp-content\/uploads\/sites\/3\/2020\/07\/Tanikawa-dos-editada.mp3\",\"type\":\"audio\/mpeg\",\"title\":\"Kei Tanikawa - Par\\u00eds, Francia. 3 de junio.\",\"caption\":\"\",\"description\":\"\\u00abTanikawa dos editada\\u00bb. G\\u00e9nero: Blues.\",\"meta\":{\"artist\":\"Charlas a Distancia\",\"genre\":\"Blues\",\"length_formatted\":\"49:23\"},\"image\":{\"src\":\"https:\/\/www.imer.mx\/rmi\/wp-includes\/images\/media\/audio.svg\",\"width\":48,\"height\":64},\"thumb\":{\"src\":\"https:\/\/www.imer.mx\/rmi\/wp-includes\/images\/media\/audio.svg\",\"width\":48,\"height\":64}},{\"src\":\"https:\/\/www.imer.mx\/rmi\/wp-content\/uploads\/sites\/3\/2020\/07\/RITA-TRUJO-MIER10JUN2020.mp3\",\"type\":\"audio\/mpeg\",\"title\":\"Rub\\u00e9n Trujilo, \\\"Trujo\\\" - Los \\u00c1ngeles, California. 10 de junio.\",\"caption\":\"\",\"description\":\"\\u00abRITA--TRUJO MIER10JUN2020\\u00bb. G\\u00e9nero: Blues.\",\"meta\":{\"artist\":\"Charlas a Distancia\",\"genre\":\"Blues\",\"length_formatted\":\"59:37\"},\"image\":{\"src\":\"https:\/\/www.imer.mx\/rmi\/wp-includes\/images\/media\/audio.svg\",\"width\":48,\"height\":64},\"thumb\":{\"src\":\"https:\/\/www.imer.mx\/rmi\/wp-includes\/images\/media\/audio.svg\",\"width\":48,\"height\":64}},{\"src\":\"https:\/\/www.imer.mx\/rmi\/wp-content\/uploads\/sites\/3\/2020\/07\/CHARLAS-RITA-ABREU-A-DISTANCIA-CON-VINDIA-CELERIER-17JUNIO-2020.mp3\",\"type\":\"audio\/mpeg\",\"title\":\"Vindia Celerier - Mozambique. 17 de junio.\",\"caption\":\"\",\"description\":\"\\u00abCHARLAS RITA ABREU A DISTANCIA CON VINDIA CELERIER 17JUNIO 2020\\u00bb. G\\u00e9nero: Blues.\",\"meta\":{\"artist\":\"Charlas a Distancia\",\"genre\":\"Blues\",\"length_formatted\":\"54:54\"},\"image\":{\"src\":\"https:\/\/www.imer.mx\/rmi\/wp-includes\/images\/media\/audio.svg\",\"width\":48,\"height\":64},\"thumb\":{\"src\":\"https:\/\/www.imer.mx\/rmi\/wp-includes\/images\/media\/audio.svg\",\"width\":48,\"height\":64}},{\"src\":\"https:\/\/www.imer.mx\/rmi\/wp-content\/uploads\/sites\/3\/2020\/07\/CHARLAS-RITA-ABREU-GABRIELA-CANUDAS-24JUNIO2020.mp3\",\"type\":\"audio\/mpeg\",\"title\":\"Gabriela Canudas - Los \\u00c1ngeles, California. 24 de junio.\",\"caption\":\"\",\"description\":\"\\u00abCHARLAS RITA ABREU GABRIELA CANUDAS 24JUNIO2020\\u00bb. G\\u00e9nero: Blues.\",\"meta\":{\"artist\":\"Charlas a Distancia\",\"genre\":\"Blues\",\"length_formatted\":\"55:49\"},\"image\":{\"src\":\"https:\/\/www.imer.mx\/rmi\/wp-includes\/images\/media\/audio.svg\",\"width\":48,\"height\":64},\"thumb\":{\"src\":\"https:\/\/www.imer.mx\/rmi\/wp-includes\/images\/media\/audio.svg\",\"width\":48,\"height\":64}}]}<\/script>\n<\/div>\n\t\n","protected":false},"excerpt":{"rendered":"<p>Cada episodio descubre rincones de ciudades y barrios a miles de kil\u00f3metros, cada emisi\u00f3n es una posibilidad de sentir el mundo peque\u00f1o con seres humanos que desean contactar, y aprender del otro.<\/p>\n","protected":false},"author":18,"featured_media":21939,"comment_status":"open","ping_status":"open","sticky":false,"template":"","format":"standard","meta":{"wp_popup_display_lightbox":0,"wp_popup_suppress":"","wp_popup_trigger":"","wp_popup_trigger_amount":0,"wp_popup_disable_on_mobile":false,"footnotes":""},"categories":[8,3],"tags":[114,116,99,115],"class_list":["post-21928","post","type-post","status-publish","format-standard","has-post-thumbnail","hentry","category-destacados","category-radiomexicointernacional","tag-los-angeles","tag-mexicanos-en-el-mundo","tag-mundo","tag-paris","category-8","category-3","description-off"],"_links":{"self":[{"href":"https:\/\/www.imer.mx\/rmi\/wp-json\/wp\/v2\/posts\/21928","targetHints":{"allow":["GET"]}}],"collection":[{"href":"https:\/\/www.imer.mx\/rmi\/wp-json\/wp\/v2\/posts"}],"about":[{"href":"https:\/\/www.imer.mx\/rmi\/wp-json\/wp\/v2\/types\/post"}],"author":[{"embeddable":true,"href":"https:\/\/www.imer.mx\/rmi\/wp-json\/wp\/v2\/users\/18"}],"replies":[{"embeddable":true,"href":"https:\/\/www.imer.mx\/rmi\/wp-json\/wp\/v2\/comments?post=21928"}],"version-history":[{"count":0,"href":"https:\/\/www.imer.mx\/rmi\/wp-json\/wp\/v2\/posts\/21928\/revisions"}],"wp:featuredmedia":[{"embeddable":true,"href":"https:\/\/www.imer.mx\/rmi\/wp-json\/wp\/v2\/media\/21939"}],"wp:attachment":[{"href":"https:\/\/www.imer.mx\/rmi\/wp-json\/wp\/v2\/media?parent=21928"}],"wp:term":[{"taxonomy":"category","embeddable":true,"href":"https:\/\/www.imer.mx\/rmi\/wp-json\/wp\/v2\/categories?post=21928"},{"taxonomy":"post_tag","embeddable":true,"href":"https:\/\/www.imer.mx\/rmi\/wp-json\/wp\/v2\/tags?post=21928"}],"curies":[{"name":"wp","href":"https:\/\/api.w.org\/{rel}","templated":true}]}}