{"id":21905,"date":"2020-06-22T13:45:04","date_gmt":"2020-06-22T18:45:04","guid":{"rendered":"https:\/\/www.imer.mx\/rmi\/?p=21905"},"modified":"2020-06-22T13:45:04","modified_gmt":"2020-06-22T18:45:04","slug":"kilo-por-kilo-programas-de-mayo","status":"publish","type":"post","link":"https:\/\/www.imer.mx\/rmi\/kilo-por-kilo-programas-de-mayo\/","title":{"rendered":"Kilo por Kilo programas de mayo"},"content":{"rendered":"<p>Durante el mes de mayo en <strong>Kilo por Kilo<\/strong> abordamos temas de distintas \u00edndoles de la salud, algunos especialistas conocidos de ustedes por emisiones anteriores hablaron frente a nuestros micr\u00f3fonos.<\/p>\n<p>La<strong> Dra.<\/strong> <strong>Ana Laura Jim\u00e9nez<\/strong>, <em><strong>Ginecobstetra<\/strong><\/em> y el<strong> Dr.<\/strong> <strong>Alberto Ra\u00fal S\u00e1nchez<\/strong>, <em><strong>Cardi\u00f3logo Intervencionista<\/strong><\/em>, esta vez nos hablaron acerca de la <strong>Ateroesclerosis,<\/strong> una enfermedad que se presenta cuando se acumulan grasa, colesterol y otras sustancias en las paredes de las arterias. Com\u00fanmente llamado <strong><em>endurecimiento de arterias<\/em><\/strong> y se genera en personas de edad avanzada.<\/p>\n<p>Por otra parte <strong>Gloria Elena L\u00f3pez Navarrete<\/strong>, jefa de departamento de seguimiento pedi\u00e1trico del <a href=\"https:\/\/www.gob.mx\/salud\/inper\">Instituto Nacional de Perinatolog\u00eda ,<\/a> estuvo con nosotros y nos dio un vistazo a <strong>la prevenci\u00f3n de la discapacidad<\/strong> desde etapas tempranas. Conocimos el proceso para detectar las causas y or\u00edgenes de limitaciones cognitivas, de la vista, o\u00eddo y movilidad desde etapas prenatales.<\/p>\n<p>En temas de alimentaci\u00f3n tuvimos la presencia de la<em><strong> Chef<\/strong><\/em>, <strong>Monique Vinay<\/strong>, quien nos habl\u00f3 de su libro <strong><em>\u201cPostres Saludables\u201d,<\/em><\/strong> una manera rica y balanceada de darle un buen gusto a nuestro paladar.<\/p>\n<p><a class=\"dt-pswp-item\" href=\"https:\/\/www.imer.mx\/rmi\/wp-content\/uploads\/sites\/3\/2020\/06\/postres.jpg\" data-dt-img-description=\"\"><img loading=\"lazy\" decoding=\"async\" class=\"aligncenter size-medium wp-image-21913\" src=\"https:\/\/www.imer.mx\/rmi\/wp-content\/uploads\/sites\/3\/2020\/06\/postres-300x233.jpg\" alt=\"\" width=\"300\" height=\"233\" srcset=\"https:\/\/www.imer.mx\/rmi\/wp-content\/uploads\/sites\/3\/2020\/06\/postres-300x233.jpg 300w, https:\/\/www.imer.mx\/rmi\/wp-content\/uploads\/sites\/3\/2020\/06\/postres.jpg 551w\" sizes=\"auto, (max-width: 300px) 100vw, 300px\" \/><\/a><\/p>\n<div class=\"wp-playlist wp-audio-playlist wp-playlist-light\">\n\t\t\t<div class=\"wp-playlist-current-item\"><\/div>\n\t\t<audio controls=\"controls\" preload=\"none\" width=\"1178\"\n\t\t\t><\/audio>\n\t<div class=\"wp-playlist-next\"><\/div>\n\t<div class=\"wp-playlist-prev\"><\/div>\n\t<noscript>\n\t<ol>\n\t\t<li><a href='https:\/\/www.imer.mx\/rmi\/wp-content\/uploads\/sites\/3\/2020\/06\/Kilo-por-Kilo_948_Arteroesclerosis-02-Mayo-2020.mp3'>Arteroesclerosis-02 Mayo 2020<\/a><\/li><li><a href='https:\/\/www.imer.mx\/rmi\/wp-content\/uploads\/sites\/3\/2020\/06\/Kilo-por-Kilo_949_-Prevenci\u00f3n-de-la-discapacidad-06-Mayo-2020.mp3'>Discapacidad-06 Mayo 2020<\/a><\/li><li><a href='https:\/\/www.imer.mx\/rmi\/wp-content\/uploads\/sites\/3\/2020\/06\/Kilo-por-Kilo_950_-Riesgo-Metab\u00f3lico-09-Mayo-2020.mp3'>Riesgo Metab\u00f3lico-09 Mayo 2020<\/a><\/li><li><a href='https:\/\/www.imer.mx\/rmi\/wp-content\/uploads\/sites\/3\/2020\/06\/Kilo-por-Kilo_951_Quelites-cultura-popular-13-Mayo-2020.mp3'>Quelites cultura popular-13 Mayo 2020<\/a><\/li><li><a href='https:\/\/www.imer.mx\/rmi\/wp-content\/uploads\/sites\/3\/2020\/05\/Kilo-por-Kilo_952_Quelites-y-la-obesidad-16-Mayo-2020.mp3'>Quelites y la obesidad-16-mayo-2020<\/a><\/li><li><a href='https:\/\/www.imer.mx\/rmi\/wp-content\/uploads\/sites\/3\/2020\/05\/Kilo-por-Kilo_953_Postres-saludables-20-Mayo-2020.mp3'>Postres saludables - 20-mayo-2020<\/a><\/li><li><a href='https:\/\/www.imer.mx\/rmi\/wp-content\/uploads\/sites\/3\/2020\/06\/Kilo-por-Kilo_954_Obesidad-23-Mayo-2020.mp3'>Obesidad-23 Mayo 2020<\/a><\/li><li><a href='https:\/\/www.imer.mx\/rmi\/wp-content\/uploads\/sites\/3\/2020\/06\/Kilo-por-Kilo_955_La-Dieta-27-Mayo-2020.mp3'>La Dieta-27 Mayo 2020<\/a><\/li>\t<\/ol>\n\t<\/noscript>\n\t<script type=\"application\/json\" class=\"wp-playlist-script\">{\"type\":\"audio\",\"tracklist\":true,\"tracknumbers\":true,\"images\":true,\"artists\":true,\"tracks\":[{\"src\":\"https:\/\/www.imer.mx\/rmi\/wp-content\/uploads\/sites\/3\/2020\/06\/Kilo-por-Kilo_948_Arteroesclerosis-02-Mayo-2020.mp3\",\"type\":\"audio\/mpeg\",\"title\":\"Arteroesclerosis-02 Mayo 2020\",\"caption\":\"\",\"description\":\"\\u00abKilo por Kilo_948_Arteroesclerosis-02 Mayo 2020\\u00bb. G\\u00e9nero: Otro.\",\"meta\":{\"artist\":\"KILO POR KILO RMI\",\"genre\":\"Otro\",\"length_formatted\":\"25:42\"},\"image\":{\"src\":\"https:\/\/www.imer.mx\/rmi\/wp-includes\/images\/media\/audio.svg\",\"width\":48,\"height\":64},\"thumb\":{\"src\":\"https:\/\/www.imer.mx\/rmi\/wp-includes\/images\/media\/audio.svg\",\"width\":48,\"height\":64}},{\"src\":\"https:\/\/www.imer.mx\/rmi\/wp-content\/uploads\/sites\/3\/2020\/06\/Kilo-por-Kilo_949_-Prevenci\\u00f3n-de-la-discapacidad-06-Mayo-2020.mp3\",\"type\":\"audio\/mpeg\",\"title\":\"Discapacidad-06 Mayo 2020\",\"caption\":\"\",\"description\":\"\\u00abKilo por Kilo_949_ Prevenci\\u00f3n de la discapacidad-06 Mayo 2020\\u00bb. G\\u00e9nero: Otro.\",\"meta\":{\"artist\":\"KILO POR KILO RMI\",\"genre\":\"Otro\",\"length_formatted\":\"25:43\"},\"image\":{\"src\":\"https:\/\/www.imer.mx\/rmi\/wp-includes\/images\/media\/audio.svg\",\"width\":48,\"height\":64},\"thumb\":{\"src\":\"https:\/\/www.imer.mx\/rmi\/wp-includes\/images\/media\/audio.svg\",\"width\":48,\"height\":64}},{\"src\":\"https:\/\/www.imer.mx\/rmi\/wp-content\/uploads\/sites\/3\/2020\/06\/Kilo-por-Kilo_950_-Riesgo-Metab\\u00f3lico-09-Mayo-2020.mp3\",\"type\":\"audio\/mpeg\",\"title\":\"Riesgo Metab\\u00f3lico-09 Mayo 2020\",\"caption\":\"\",\"description\":\"\\u00abKilo por Kilo_950_ Riesgo Metab\\u00f3lico-09 Mayo 2020\\u00bb. G\\u00e9nero: Otro.\",\"meta\":{\"artist\":\"KILO POR KILO RMI\",\"genre\":\"Otro\",\"length_formatted\":\"24:58\"},\"image\":{\"src\":\"https:\/\/www.imer.mx\/rmi\/wp-includes\/images\/media\/audio.svg\",\"width\":48,\"height\":64},\"thumb\":{\"src\":\"https:\/\/www.imer.mx\/rmi\/wp-includes\/images\/media\/audio.svg\",\"width\":48,\"height\":64}},{\"src\":\"https:\/\/www.imer.mx\/rmi\/wp-content\/uploads\/sites\/3\/2020\/06\/Kilo-por-Kilo_951_Quelites-cultura-popular-13-Mayo-2020.mp3\",\"type\":\"audio\/mpeg\",\"title\":\"Quelites cultura popular-13 Mayo 2020\",\"caption\":\"\",\"description\":\"\\u00abKilo por Kilo_951_Quelites cultura popular-13 Mayo 2020\\u00bb. G\\u00e9nero: Otro.\",\"meta\":{\"artist\":\"KILO POR KILO RMI\",\"genre\":\"Otro\",\"length_formatted\":\"24:30\"},\"image\":{\"src\":\"https:\/\/www.imer.mx\/rmi\/wp-includes\/images\/media\/audio.svg\",\"width\":48,\"height\":64},\"thumb\":{\"src\":\"https:\/\/www.imer.mx\/rmi\/wp-includes\/images\/media\/audio.svg\",\"width\":48,\"height\":64}},{\"src\":\"https:\/\/www.imer.mx\/rmi\/wp-content\/uploads\/sites\/3\/2020\/05\/Kilo-por-Kilo_952_Quelites-y-la-obesidad-16-Mayo-2020.mp3\",\"type\":\"audio\/mpeg\",\"title\":\"Quelites y la obesidad-16-mayo-2020\",\"caption\":\"\",\"description\":\"\\u00abKilo por Kilo_952_Quelites y la obesidad-16 Mayo 2020\\u00bb. G\\u00e9nero: Otro.\",\"meta\":{\"artist\":\"KILO POR KILO RMI\",\"genre\":\"Otro\",\"length_formatted\":\"22:57\"},\"image\":{\"src\":\"https:\/\/www.imer.mx\/rmi\/wp-includes\/images\/media\/audio.svg\",\"width\":48,\"height\":64},\"thumb\":{\"src\":\"https:\/\/www.imer.mx\/rmi\/wp-includes\/images\/media\/audio.svg\",\"width\":48,\"height\":64}},{\"src\":\"https:\/\/www.imer.mx\/rmi\/wp-content\/uploads\/sites\/3\/2020\/05\/Kilo-por-Kilo_953_Postres-saludables-20-Mayo-2020.mp3\",\"type\":\"audio\/mpeg\",\"title\":\"Postres saludables - 20-mayo-2020\",\"caption\":\"\",\"description\":\"\\u00abKilo por Kilo_953_Postres saludables-20 Mayo 2020\\u00bb. G\\u00e9nero: Otro.\",\"meta\":{\"artist\":\"KILO POR KILO RMI\",\"genre\":\"Otro\",\"length_formatted\":\"23:26\"},\"image\":{\"src\":\"https:\/\/www.imer.mx\/rmi\/wp-includes\/images\/media\/audio.svg\",\"width\":48,\"height\":64},\"thumb\":{\"src\":\"https:\/\/www.imer.mx\/rmi\/wp-includes\/images\/media\/audio.svg\",\"width\":48,\"height\":64}},{\"src\":\"https:\/\/www.imer.mx\/rmi\/wp-content\/uploads\/sites\/3\/2020\/06\/Kilo-por-Kilo_954_Obesidad-23-Mayo-2020.mp3\",\"type\":\"audio\/mpeg\",\"title\":\"Obesidad-23 Mayo 2020\",\"caption\":\"\",\"description\":\"\\u00abKilo por Kilo_954_Obesidad-23 Mayo 2020\\u00bb. G\\u00e9nero: Otro.\",\"meta\":{\"artist\":\"KILO POR KILO RMI\",\"genre\":\"Otro\",\"length_formatted\":\"22:12\"},\"image\":{\"src\":\"https:\/\/www.imer.mx\/rmi\/wp-includes\/images\/media\/audio.svg\",\"width\":48,\"height\":64},\"thumb\":{\"src\":\"https:\/\/www.imer.mx\/rmi\/wp-includes\/images\/media\/audio.svg\",\"width\":48,\"height\":64}},{\"src\":\"https:\/\/www.imer.mx\/rmi\/wp-content\/uploads\/sites\/3\/2020\/06\/Kilo-por-Kilo_955_La-Dieta-27-Mayo-2020.mp3\",\"type\":\"audio\/mpeg\",\"title\":\"La Dieta-27 Mayo 2020\",\"caption\":\"\",\"description\":\"\\u00abKilo por Kilo_955_La Dieta-27 Mayo 2020\\u00bb. G\\u00e9nero: Otro.\",\"meta\":{\"artist\":\"KILO POR KILO RMI\",\"genre\":\"Otro\",\"length_formatted\":\"24:35\"},\"image\":{\"src\":\"https:\/\/www.imer.mx\/rmi\/wp-includes\/images\/media\/audio.svg\",\"width\":48,\"height\":64},\"thumb\":{\"src\":\"https:\/\/www.imer.mx\/rmi\/wp-includes\/images\/media\/audio.svg\",\"width\":48,\"height\":64}}]}<\/script>\n<\/div>\n\t\n","protected":false},"excerpt":{"rendered":"<p>Durante el mes de mayo en Kilo por Kilo abordamos temas de distintas \u00edndoles de la salud, algunos especialistas conocidos de ustedes por emisiones anteriores hablaron frente a nuestros micr\u00f3fonos. La Dra. Ana Laura Jim\u00e9nez, Ginecobstetra y el Dr. Alberto Ra\u00fal S\u00e1nchez, Cardi\u00f3logo Intervencionista, esta vez nos hablaron acerca de la Ateroesclerosis, una enfermedad que&hellip;<\/p>\n","protected":false},"author":18,"featured_media":21914,"comment_status":"open","ping_status":"open","sticky":false,"template":"","format":"standard","meta":{"wp_popup_display_lightbox":0,"wp_popup_suppress":"","wp_popup_trigger":"","wp_popup_trigger_amount":0,"wp_popup_disable_on_mobile":false,"footnotes":""},"categories":[8,3],"tags":[],"class_list":["post-21905","post","type-post","status-publish","format-standard","has-post-thumbnail","hentry","category-destacados","category-radiomexicointernacional","category-8","category-3","description-off"],"_links":{"self":[{"href":"https:\/\/www.imer.mx\/rmi\/wp-json\/wp\/v2\/posts\/21905","targetHints":{"allow":["GET"]}}],"collection":[{"href":"https:\/\/www.imer.mx\/rmi\/wp-json\/wp\/v2\/posts"}],"about":[{"href":"https:\/\/www.imer.mx\/rmi\/wp-json\/wp\/v2\/types\/post"}],"author":[{"embeddable":true,"href":"https:\/\/www.imer.mx\/rmi\/wp-json\/wp\/v2\/users\/18"}],"replies":[{"embeddable":true,"href":"https:\/\/www.imer.mx\/rmi\/wp-json\/wp\/v2\/comments?post=21905"}],"version-history":[{"count":0,"href":"https:\/\/www.imer.mx\/rmi\/wp-json\/wp\/v2\/posts\/21905\/revisions"}],"wp:featuredmedia":[{"embeddable":true,"href":"https:\/\/www.imer.mx\/rmi\/wp-json\/wp\/v2\/media\/21914"}],"wp:attachment":[{"href":"https:\/\/www.imer.mx\/rmi\/wp-json\/wp\/v2\/media?parent=21905"}],"wp:term":[{"taxonomy":"category","embeddable":true,"href":"https:\/\/www.imer.mx\/rmi\/wp-json\/wp\/v2\/categories?post=21905"},{"taxonomy":"post_tag","embeddable":true,"href":"https:\/\/www.imer.mx\/rmi\/wp-json\/wp\/v2\/tags?post=21905"}],"curies":[{"name":"wp","href":"https:\/\/api.w.org\/{rel}","templated":true}]}}