{"id":21785,"date":"2020-05-13T16:41:45","date_gmt":"2020-05-13T21:41:45","guid":{"rendered":"https:\/\/www.imer.mx\/rmi\/?p=21785"},"modified":"2020-06-01T14:41:49","modified_gmt":"2020-06-01T19:41:49","slug":"el-oficio-de-la-composicion","status":"publish","type":"post","link":"https:\/\/www.imer.mx\/rmi\/el-oficio-de-la-composicion\/","title":{"rendered":"El oficio de la composici\u00f3n"},"content":{"rendered":"<p>El compositor y cantante<strong> Manolo Marroqu\u00edn<\/strong> sin duda ha dejado huella dentro de la m\u00fasica mexicana contempor\u00e1nea con sus ingeniosas composiciones, hoy en d\u00eda es parte de la <strong>Sociedad de Autores y Compositores de M\u00e9xico<\/strong> <strong>(SACM<\/strong>) como secretario del Consejo Directivo.<\/p>\n<p>Manolo nos visit\u00f3 unos d\u00edas antes de comenzar esta cuarentena, fue la \u00faltima entrevista que tuvimos en cabina y queremos compartir con ustedes la experiencia.<\/p>\n<p>Una charla emotiva y divertida, Manolo dio un repaso a su trayectoria como compositor desde sus inicios en su natal Michoac\u00e1n, inspirado en un inicio por la poes\u00eda de <strong>Gustavo Adolfo B\u00e9cker<\/strong> y sus narraciones fant\u00e1sticas. Esta fantas\u00eda e imaginaci\u00f3n le dio el ingenio para escribir la ic\u00f3nica canci\u00f3n <em><strong>\u201cEl Pr\u00edncipe\u201d<\/strong><\/em> durante un trayecto de su casa a la escuela. En aquel tiempo era estudiante de Sociolog\u00eda en la Facultad de Ciencias Pol\u00edticas de la <strong>UNAM<\/strong>.<\/p>\n<p>Nunca pens\u00f3 que la canci\u00f3n ser\u00eda interpretada por <strong>Jos\u00e9 Jos\u00e9<\/strong>, el v\u00ednculo quedar\u00eda de por vida, ya que gracias al tema se le dio el mote de <em><strong>\u201cEl pr\u00edncipe de la Canci\u00f3n\u201d<\/strong><\/em>.<\/p>\n<p><a class=\"dt-pswp-item\" href=\"https:\/\/www.imer.mx\/rmi\/wp-content\/uploads\/sites\/3\/2020\/05\/Carlos-Cuevas.jpg\" data-dt-img-description=\"\"><img loading=\"lazy\" decoding=\"async\" class=\"aligncenter size-medium wp-image-21788\" src=\"https:\/\/www.imer.mx\/rmi\/wp-content\/uploads\/sites\/3\/2020\/05\/Carlos-Cuevas-300x169.jpg\" alt=\"\" width=\"300\" height=\"169\" srcset=\"https:\/\/www.imer.mx\/rmi\/wp-content\/uploads\/sites\/3\/2020\/05\/Carlos-Cuevas-300x169.jpg 300w, https:\/\/www.imer.mx\/rmi\/wp-content\/uploads\/sites\/3\/2020\/05\/Carlos-Cuevas-768x432.jpg 768w, https:\/\/www.imer.mx\/rmi\/wp-content\/uploads\/sites\/3\/2020\/05\/Carlos-Cuevas-1024x576.jpg 1024w, https:\/\/www.imer.mx\/rmi\/wp-content\/uploads\/sites\/3\/2020\/05\/Carlos-Cuevas.jpg 1280w\" sizes=\"auto, (max-width: 300px) 100vw, 300px\" \/><\/a>Manolo no s\u00f3lo colabor\u00f3 con Jos\u00e9 Jos\u00e9, compuso canciones para <strong>Los Bukis<\/strong>, <strong>Ver\u00f3nica Castro<\/strong>, V<strong>icente Fern\u00e1ndez<\/strong> y m\u00e1s int\u00e9rpretes, adem\u00e1s de hacer una carrera propia como cantante de baladas, trabajo que fue elogiado por grandes como<strong> Juan Gabriel<\/strong> y <strong>Napole\u00f3n<\/strong>.<\/p>\n<p>A la par de las an\u00e9cdotas e historias nos habl\u00f3 sobre el mundo de la m\u00fasica, la experiencia que tiene como compositor y el saber a ser autocr\u00edtico con el oficio de la composici\u00f3n.<\/p>\n<p>Escucha la entrevista completa a continuaci\u00f3n y revive este momento en <strong>Radio M\u00e9xico Internacional<\/strong>.<\/p>\n<p>&nbsp;<\/p>\n<audio class=\"wp-audio-shortcode\" id=\"audio-21785-1\" preload=\"none\" style=\"width: 100%;\" controls=\"controls\"><source type=\"audio\/mpeg\" src=\"https:\/\/www.imer.mx\/rmi\/wp-content\/uploads\/sites\/3\/2020\/05\/manolo-marroqu\u00edn-editado1.mp3?_=1\" \/><a href=\"https:\/\/www.imer.mx\/rmi\/wp-content\/uploads\/sites\/3\/2020\/05\/manolo-marroqu\u00edn-editado1.mp3\">https:\/\/www.imer.mx\/rmi\/wp-content\/uploads\/sites\/3\/2020\/05\/manolo-marroqu\u00edn-editado1.mp3<\/a><\/audio>\n","protected":false},"excerpt":{"rendered":"<p>El compositor y cantante Manolo Marroqu\u00edn sin duda ha dejado huella dentro de la m\u00fasica mexicana contempor\u00e1nea con sus ingeniosas composiciones, hoy en d\u00eda es parte de la Sociedad de Autores y Compositores de M\u00e9xico (SACM) como secretario del Consejo Directivo. Manolo nos visit\u00f3 unos d\u00edas antes de comenzar esta cuarentena, fue la \u00faltima entrevista&hellip;<\/p>\n","protected":false},"author":18,"featured_media":21787,"comment_status":"open","ping_status":"open","sticky":false,"template":"","format":"standard","meta":{"wp_popup_display_lightbox":0,"wp_popup_suppress":"","wp_popup_trigger":"","wp_popup_trigger_amount":0,"wp_popup_disable_on_mobile":false,"footnotes":""},"categories":[9,3],"tags":[95,94,96],"class_list":["post-21785","post","type-post","status-publish","format-standard","has-post-thumbnail","hentry","category-entrevistas","category-radiomexicointernacional","tag-compositor","tag-jose-jose","tag-sacm","category-9","category-3","description-off"],"_links":{"self":[{"href":"https:\/\/www.imer.mx\/rmi\/wp-json\/wp\/v2\/posts\/21785","targetHints":{"allow":["GET"]}}],"collection":[{"href":"https:\/\/www.imer.mx\/rmi\/wp-json\/wp\/v2\/posts"}],"about":[{"href":"https:\/\/www.imer.mx\/rmi\/wp-json\/wp\/v2\/types\/post"}],"author":[{"embeddable":true,"href":"https:\/\/www.imer.mx\/rmi\/wp-json\/wp\/v2\/users\/18"}],"replies":[{"embeddable":true,"href":"https:\/\/www.imer.mx\/rmi\/wp-json\/wp\/v2\/comments?post=21785"}],"version-history":[{"count":0,"href":"https:\/\/www.imer.mx\/rmi\/wp-json\/wp\/v2\/posts\/21785\/revisions"}],"wp:featuredmedia":[{"embeddable":true,"href":"https:\/\/www.imer.mx\/rmi\/wp-json\/wp\/v2\/media\/21787"}],"wp:attachment":[{"href":"https:\/\/www.imer.mx\/rmi\/wp-json\/wp\/v2\/media?parent=21785"}],"wp:term":[{"taxonomy":"category","embeddable":true,"href":"https:\/\/www.imer.mx\/rmi\/wp-json\/wp\/v2\/categories?post=21785"},{"taxonomy":"post_tag","embeddable":true,"href":"https:\/\/www.imer.mx\/rmi\/wp-json\/wp\/v2\/tags?post=21785"}],"curies":[{"name":"wp","href":"https:\/\/api.w.org\/{rel}","templated":true}]}}