{"id":21717,"date":"2020-04-17T15:39:41","date_gmt":"2020-04-17T20:39:41","guid":{"rendered":"https:\/\/www.imer.mx\/rmi\/?p=21717"},"modified":"2020-04-23T14:35:37","modified_gmt":"2020-04-23T19:35:37","slug":"charlas-a-distancia","status":"publish","type":"post","link":"https:\/\/www.imer.mx\/rmi\/charlas-a-distancia\/","title":{"rendered":"Charlas a distancia"},"content":{"rendered":"<p>Bajo la premisa <em><strong>Hagamos radio juntos<\/strong><\/em>, en <strong>Radio M\u00e9xico Internacional<\/strong> nos proponemos atraer a los mexicanos que viven lejos, pero tambi\u00e9n invitar radioescuchas de todas las latitudes y seres radi\u00f3filos que tengan una deuda pendiente y mucho qu\u00e9 decir frente a un micr\u00f3fono telef\u00f3nico, a acudir a la cita en <strong>Charlas a distancia<\/strong>\u2026 Porque sabemos que no hay lejan\u00eda que nos limite ni muro que nos a\u00edsle. Siempre en momentos dif\u00edciles la radio est\u00e1, vuelve a su lugar, nos gu\u00eda como un faro en la geograf\u00eda m\u00e1s intrincada.<\/p>\n<p>Todos los mi\u00e9rcoles a las doce del d\u00eda tiempo del centro de M\u00e9xico, hacemos contacto con ustedes para disfrutar historias de vida, emociones, dudas y certezas que han encontrado los que migraron, y los que nos cuentan su quehacer desde otros paisajes. Al final, nos reunimos para hacer juntos una radio muy viva. Pero lo que ustedes, amables oyentes, escuchan en su computadora, tablet o celular a trav\u00e9s de la sinton\u00eda de RMI, es producto de largos correos y mensajes en donde primero nos encontramos, esbozamos la idea, y luego, viene un trabajo muy personal donde quien protagoniza cada emisi\u00f3n empieza un arduo trabajo para ordenar temas de conversaci\u00f3n, compartir fotograf\u00edas, y hacer una esmerada selecci\u00f3n musical con los acordes que se llev\u00f3 en la maleta, y lo m\u00e1s significativo de la m\u00fasica descubierta en su traves\u00eda.<\/p>\n<p>En este apartado de la p\u00e1gina de Radio M\u00e9xico Internacional, encontrar\u00e1n postales de un amanecer en <strong>Toronto<\/strong>, un estadio de f\u00fatbol cantando en <strong>Sud\u00e1frica<\/strong>, los pachucos a trav\u00e9s de la nostalgia de quien creci\u00f3 en Ciudad Ju\u00e1rez, Chihuahua pero vive en <strong>Barcelona<\/strong>; o lo que sucede en un autob\u00fas en <strong>Edimburgo<\/strong> ante el encuentro inesperado con una mexicana, de paso no se pierdan un canto en ga\u00e9lico, boleros interpretados por un joven chicano en los a\u00f1os cincuenta, entre otras maravillas.<\/p>\n\n\t\t\t<style type='text\/css'>\n\t\t\t\t#gallery-1 {\n\t\t\t\t\tmargin: auto;\n\t\t\t\t}\n\t\t\t\t#gallery-1 .gallery-item {\n\t\t\t\t\tfloat: left;\n\t\t\t\t\tmargin-top: 10px;\n\t\t\t\t\ttext-align: center;\n\t\t\t\t\twidth: 33%;\n\t\t\t\t}\n\t\t\t\t#gallery-1 img {\n\t\t\t\t\tborder: 2px solid #cfcfcf;\n\t\t\t\t}\n\t\t\t\t#gallery-1 .gallery-caption {\n\t\t\t\t\tmargin-left: 0;\n\t\t\t\t}\n\t\t\t\t\/* see gallery_shortcode() in wp-includes\/media.php *\/\n\t\t\t<\/style>\n\t\t<div id='gallery-1' class='dt-gallery-container gallery galleryid-21717 gallery-columns-3 gallery-size-medium'><dl class='gallery-item'>\n\t\t\t\t<dt class='gallery-icon landscape'>\n\t\t\t\t\t<a class=\"rollover rollover-zoom dt-pswp-item\" title=\"pachuco\" data-dt-img-description=\"\" data-large_image_width=\"360\" data-large_image_height=\"300\"href='https:\/\/www.imer.mx\/rmi\/wp-content\/uploads\/sites\/3\/2020\/04\/pachuco.jpg'><img loading=\"lazy\" decoding=\"async\" width=\"300\" height=\"250\" src=\"https:\/\/www.imer.mx\/rmi\/wp-content\/uploads\/sites\/3\/2020\/04\/pachuco-300x250.jpg\" class=\"attachment-medium size-medium\" alt=\"\" srcset=\"https:\/\/www.imer.mx\/rmi\/wp-content\/uploads\/sites\/3\/2020\/04\/pachuco-300x250.jpg 300w, https:\/\/www.imer.mx\/rmi\/wp-content\/uploads\/sites\/3\/2020\/04\/pachuco.jpg 360w\" sizes=\"auto, (max-width: 300px) 100vw, 300px\" \/><\/a>\n\t\t\t\t<\/dt><\/dl><dl class='gallery-item'>\n\t\t\t\t<dt class='gallery-icon landscape'>\n\t\t\t\t\t<a class=\"rollover rollover-zoom dt-pswp-item\" title=\"H\u00e9ctor Agraz\" data-dt-img-description=\"\" data-large_image_width=\"1024\" data-large_image_height=\"768\"href='https:\/\/www.imer.mx\/rmi\/wp-content\/uploads\/sites\/3\/2020\/04\/SUDAFRICA.jpg'><img loading=\"lazy\" decoding=\"async\" width=\"300\" height=\"225\" src=\"https:\/\/www.imer.mx\/rmi\/wp-content\/uploads\/sites\/3\/2020\/04\/SUDAFRICA-300x225.jpg\" class=\"attachment-medium size-medium\" alt=\"\" srcset=\"https:\/\/www.imer.mx\/rmi\/wp-content\/uploads\/sites\/3\/2020\/04\/SUDAFRICA-300x225.jpg 300w, https:\/\/www.imer.mx\/rmi\/wp-content\/uploads\/sites\/3\/2020\/04\/SUDAFRICA-768x576.jpg 768w, https:\/\/www.imer.mx\/rmi\/wp-content\/uploads\/sites\/3\/2020\/04\/SUDAFRICA.jpg 1024w\" sizes=\"auto, (max-width: 300px) 100vw, 300px\" \/><\/a>\n\t\t\t\t<\/dt><\/dl><dl class='gallery-item'>\n\t\t\t\t<dt class='gallery-icon landscape'>\n\t\t\t\t\t<a class=\"rollover rollover-zoom dt-pswp-item\" title=\"Isela\" data-dt-img-description=\"\" data-large_image_width=\"1280\" data-large_image_height=\"1280\"href='https:\/\/www.imer.mx\/rmi\/wp-content\/uploads\/sites\/3\/2020\/04\/isela.jpg'><img loading=\"lazy\" decoding=\"async\" width=\"300\" height=\"300\" src=\"https:\/\/www.imer.mx\/rmi\/wp-content\/uploads\/sites\/3\/2020\/04\/isela-300x300.jpg\" class=\"attachment-medium size-medium\" alt=\"\" srcset=\"https:\/\/www.imer.mx\/rmi\/wp-content\/uploads\/sites\/3\/2020\/04\/isela-300x300.jpg 300w, https:\/\/www.imer.mx\/rmi\/wp-content\/uploads\/sites\/3\/2020\/04\/isela-150x150.jpg 150w, https:\/\/www.imer.mx\/rmi\/wp-content\/uploads\/sites\/3\/2020\/04\/isela-768x768.jpg 768w, https:\/\/www.imer.mx\/rmi\/wp-content\/uploads\/sites\/3\/2020\/04\/isela-1024x1024.jpg 1024w, https:\/\/www.imer.mx\/rmi\/wp-content\/uploads\/sites\/3\/2020\/04\/isela-560x560.jpg 560w, https:\/\/www.imer.mx\/rmi\/wp-content\/uploads\/sites\/3\/2020\/04\/isela.jpg 1280w\" sizes=\"auto, (max-width: 300px) 100vw, 300px\" \/><\/a>\n\t\t\t\t<\/dt><\/dl><br style=\"clear: both\" \/><dl class='gallery-item'>\n\t\t\t\t<dt class='gallery-icon landscape'>\n\t\t\t\t\t<a class=\"rollover rollover-zoom dt-pswp-item\" title=\"ladron de guevara\" data-dt-img-description=\"\" data-large_image_width=\"766\" data-large_image_height=\"740\"href='https:\/\/www.imer.mx\/rmi\/wp-content\/uploads\/sites\/3\/2020\/04\/ladron-de-guevara.jpg'><img loading=\"lazy\" decoding=\"async\" width=\"300\" height=\"290\" src=\"https:\/\/www.imer.mx\/rmi\/wp-content\/uploads\/sites\/3\/2020\/04\/ladron-de-guevara-300x290.jpg\" class=\"attachment-medium size-medium\" alt=\"\" srcset=\"https:\/\/www.imer.mx\/rmi\/wp-content\/uploads\/sites\/3\/2020\/04\/ladron-de-guevara-300x290.jpg 300w, https:\/\/www.imer.mx\/rmi\/wp-content\/uploads\/sites\/3\/2020\/04\/ladron-de-guevara.jpg 766w\" sizes=\"auto, (max-width: 300px) 100vw, 300px\" \/><\/a>\n\t\t\t\t<\/dt><\/dl><dl class='gallery-item'>\n\t\t\t\t<dt class='gallery-icon portrait'>\n\t\t\t\t\t<a class=\"rollover rollover-zoom dt-pswp-item\" title=\"isela 2\" data-dt-img-description=\"\" data-large_image_width=\"720\" data-large_image_height=\"1244\"href='https:\/\/www.imer.mx\/rmi\/wp-content\/uploads\/sites\/3\/2020\/04\/isela-2.jpg'><img loading=\"lazy\" decoding=\"async\" width=\"174\" height=\"300\" src=\"https:\/\/www.imer.mx\/rmi\/wp-content\/uploads\/sites\/3\/2020\/04\/isela-2-174x300.jpg\" class=\"attachment-medium size-medium\" alt=\"\" srcset=\"https:\/\/www.imer.mx\/rmi\/wp-content\/uploads\/sites\/3\/2020\/04\/isela-2-174x300.jpg 174w, https:\/\/www.imer.mx\/rmi\/wp-content\/uploads\/sites\/3\/2020\/04\/isela-2-593x1024.jpg 593w, https:\/\/www.imer.mx\/rmi\/wp-content\/uploads\/sites\/3\/2020\/04\/isela-2.jpg 720w\" sizes=\"auto, (max-width: 174px) 100vw, 174px\" \/><\/a>\n\t\t\t\t<\/dt><\/dl><dl class='gallery-item'>\n\t\t\t\t<dt class='gallery-icon portrait'>\n\t\t\t\t\t<a class=\"rollover rollover-zoom dt-pswp-item\" title=\"David Villar Pachuco\" data-dt-img-description=\"\" data-large_image_width=\"512\" data-large_image_height=\"768\"href='https:\/\/www.imer.mx\/rmi\/wp-content\/uploads\/sites\/3\/2020\/04\/thumbnail_David-Villar-Pachuco-656-de-Ciudad-Juarez-1.jpg'><img loading=\"lazy\" decoding=\"async\" width=\"200\" height=\"300\" src=\"https:\/\/www.imer.mx\/rmi\/wp-content\/uploads\/sites\/3\/2020\/04\/thumbnail_David-Villar-Pachuco-656-de-Ciudad-Juarez-1-200x300.jpg\" class=\"attachment-medium size-medium\" alt=\"\" srcset=\"https:\/\/www.imer.mx\/rmi\/wp-content\/uploads\/sites\/3\/2020\/04\/thumbnail_David-Villar-Pachuco-656-de-Ciudad-Juarez-1-200x300.jpg 200w, https:\/\/www.imer.mx\/rmi\/wp-content\/uploads\/sites\/3\/2020\/04\/thumbnail_David-Villar-Pachuco-656-de-Ciudad-Juarez-1.jpg 512w\" sizes=\"auto, (max-width: 200px) 100vw, 200px\" \/><\/a>\n\t\t\t\t<\/dt><\/dl><br style=\"clear: both\" \/><dl class='gallery-item'>\n\t\t\t\t<dt class='gallery-icon landscape'>\n\t\t\t\t\t<a class=\"rollover rollover-zoom dt-pswp-item\" title=\"C\u00e9sar Castro\" data-dt-img-description=\"\" data-large_image_width=\"640\" data-large_image_height=\"427\"href='https:\/\/www.imer.mx\/rmi\/wp-content\/uploads\/sites\/3\/2020\/04\/thumbnail_Cambalache-SF053.jpg'><img loading=\"lazy\" decoding=\"async\" width=\"300\" height=\"200\" src=\"https:\/\/www.imer.mx\/rmi\/wp-content\/uploads\/sites\/3\/2020\/04\/thumbnail_Cambalache-SF053-300x200.jpg\" class=\"attachment-medium size-medium\" alt=\"\" srcset=\"https:\/\/www.imer.mx\/rmi\/wp-content\/uploads\/sites\/3\/2020\/04\/thumbnail_Cambalache-SF053-300x200.jpg 300w, https:\/\/www.imer.mx\/rmi\/wp-content\/uploads\/sites\/3\/2020\/04\/thumbnail_Cambalache-SF053.jpg 640w\" sizes=\"auto, (max-width: 300px) 100vw, 300px\" \/><\/a>\n\t\t\t\t<\/dt><\/dl><dl class='gallery-item'>\n\t\t\t\t<dt class='gallery-icon landscape'>\n\t\t\t\t\t<a class=\"rollover rollover-zoom dt-pswp-item\" title=\"ladron de guevara2\" data-dt-img-description=\"\" data-large_image_width=\"604\" data-large_image_height=\"483\"href='https:\/\/www.imer.mx\/rmi\/wp-content\/uploads\/sites\/3\/2020\/04\/ladron-de-guevara2.jpg'><img loading=\"lazy\" decoding=\"async\" width=\"300\" height=\"240\" src=\"https:\/\/www.imer.mx\/rmi\/wp-content\/uploads\/sites\/3\/2020\/04\/ladron-de-guevara2-300x240.jpg\" class=\"attachment-medium size-medium\" alt=\"\" srcset=\"https:\/\/www.imer.mx\/rmi\/wp-content\/uploads\/sites\/3\/2020\/04\/ladron-de-guevara2-300x240.jpg 300w, https:\/\/www.imer.mx\/rmi\/wp-content\/uploads\/sites\/3\/2020\/04\/ladron-de-guevara2.jpg 604w\" sizes=\"auto, (max-width: 300px) 100vw, 300px\" \/><\/a>\n\t\t\t\t<\/dt><\/dl><dl class='gallery-item'>\n\t\t\t\t<dt class='gallery-icon landscape'>\n\t\t\t\t\t<a class=\"rollover rollover-zoom dt-pswp-item\" title=\"C\u00e9sar Castro 2\" data-dt-img-description=\"\" data-large_image_width=\"640\" data-large_image_height=\"427\"href='https:\/\/www.imer.mx\/rmi\/wp-content\/uploads\/sites\/3\/2020\/04\/thumbnail_Cambalache-SF104.jpg'><img loading=\"lazy\" decoding=\"async\" width=\"300\" height=\"200\" src=\"https:\/\/www.imer.mx\/rmi\/wp-content\/uploads\/sites\/3\/2020\/04\/thumbnail_Cambalache-SF104-300x200.jpg\" class=\"attachment-medium size-medium\" alt=\"\" srcset=\"https:\/\/www.imer.mx\/rmi\/wp-content\/uploads\/sites\/3\/2020\/04\/thumbnail_Cambalache-SF104-300x200.jpg 300w, https:\/\/www.imer.mx\/rmi\/wp-content\/uploads\/sites\/3\/2020\/04\/thumbnail_Cambalache-SF104.jpg 640w\" sizes=\"auto, (max-width: 300px) 100vw, 300px\" \/><\/a>\n\t\t\t\t<\/dt><\/dl><br style=\"clear: both\" \/>\n\t\t\t<\/div>\n\n<p>Puedo garantizarles que habr\u00e1 sorpresas en cada charla, coincidencias, recuerdos entra\u00f1ables, adioses que hemos compartido. Incluso estrenos musicales para RMI con la producci\u00f3n, por ejemplo, de <strong>C\u00e9sar Castro Jarochelo<\/strong> y su son jarocho salpicado de los ritmos y sonidos urbanos de Los <strong>\u00c1ngeles, California<\/strong>. Radio M\u00e9xico Internacional, la voz que nos une. Les invitamos a disfrutar de estos interesantes testimonios en las siguientes audios:<\/p>\n<p>&nbsp;<\/p>\n<h4><span class=\"css-901oao css-16my406 r-1qd0xha r-ad9z0x r-bcqeeo r-qvutc0\">25 de marzo. Charla con &#8220;Lul\u00fa Ladr\u00f3n de Guevara&#8221;, artista visual que reside en Toronto, Canad\u00e1\u00a0<\/span><\/h4>\n<audio class=\"wp-audio-shortcode\" id=\"audio-21717-1\" preload=\"none\" style=\"width: 100%;\" controls=\"controls\"><source type=\"audio\/mpeg\" src=\"https:\/\/www.imer.mx\/rmi\/wp-content\/uploads\/sites\/3\/2020\/04\/Charlas-RMI-con-Rita-Abreu_24_Toronto-a-Larga-Distancia-Lul\u00fa-Ladr\u00f3n-de-Guevara_25-Marzo-2020.mp3?_=1\" \/><a href=\"https:\/\/www.imer.mx\/rmi\/wp-content\/uploads\/sites\/3\/2020\/04\/Charlas-RMI-con-Rita-Abreu_24_Toronto-a-Larga-Distancia-Lul\u00fa-Ladr\u00f3n-de-Guevara_25-Marzo-2020.mp3\">https:\/\/www.imer.mx\/rmi\/wp-content\/uploads\/sites\/3\/2020\/04\/Charlas-RMI-con-Rita-Abreu_24_Toronto-a-Larga-Distancia-Lul\u00fa-Ladr\u00f3n-de-Guevara_25-Marzo-2020.mp3<\/a><\/audio>\n<p>&nbsp;<\/p>\n<h4><\/h4>\n<h4>31 de marzo. Charla con &#8220;Fernando P\u00e9rez Chaparro&#8221;, cultura del pachuco y chicana, \u00e9l vive en Barcelona, Espa\u00f1a<\/h4>\n<audio class=\"wp-audio-shortcode\" id=\"audio-21717-2\" preload=\"none\" style=\"width: 100%;\" controls=\"controls\"><source type=\"audio\/mpeg\" src=\"https:\/\/www.imer.mx\/rmi\/wp-content\/uploads\/sites\/3\/2020\/04\/Charlas-RMI-con-Rita-Abreu_27_Charlas-a-Distancia-desde-Barcelona-con-Fernando-P\u00e9rez-Chaparro_01-de-Abril-de-2020.mp3?_=2\" \/><a href=\"https:\/\/www.imer.mx\/rmi\/wp-content\/uploads\/sites\/3\/2020\/04\/Charlas-RMI-con-Rita-Abreu_27_Charlas-a-Distancia-desde-Barcelona-con-Fernando-P\u00e9rez-Chaparro_01-de-Abril-de-2020.mp3\">https:\/\/www.imer.mx\/rmi\/wp-content\/uploads\/sites\/3\/2020\/04\/Charlas-RMI-con-Rita-Abreu_27_Charlas-a-Distancia-desde-Barcelona-con-Fernando-P\u00e9rez-Chaparro_01-de-Abril-de-2020.mp3<\/a><\/audio>\n<p>&nbsp;<\/p>\n<h4><\/h4>\n<h4>8 de abril. Charla con &#8220;H\u00e9ctor Agraz&#8221;, vida en el continente africano y su cultura, reside en Sud\u00e1frica<\/h4>\n<audio class=\"wp-audio-shortcode\" id=\"audio-21717-3\" preload=\"none\" style=\"width: 100%;\" controls=\"controls\"><source type=\"audio\/mpeg\" src=\"https:\/\/www.imer.mx\/rmi\/wp-content\/uploads\/sites\/3\/2020\/04\/SUDAFRICA-EN-RMI.mp3?_=3\" \/><a href=\"https:\/\/www.imer.mx\/rmi\/wp-content\/uploads\/sites\/3\/2020\/04\/SUDAFRICA-EN-RMI.mp3\">https:\/\/www.imer.mx\/rmi\/wp-content\/uploads\/sites\/3\/2020\/04\/SUDAFRICA-EN-RMI.mp3<\/a><\/audio>\n<h4><\/h4>\n<h4><\/h4>\n<h4>15 de abril. Charla con &#8220;Isela Fern\u00e1ndez&#8221;, trotamundos, pol\u00edglota y amante de la cultura, vive en Edimburgo, Escocia<\/h4>\n<audio class=\"wp-audio-shortcode\" id=\"audio-21717-4\" preload=\"none\" style=\"width: 100%;\" controls=\"controls\"><source type=\"audio\/mpeg\" src=\"https:\/\/www.imer.mx\/rmi\/wp-content\/uploads\/sites\/3\/2020\/04\/Charlas-RMI-con-Rita-Abreu_34_Charlas-a-distancia-desde-Edimburgo-con-Isela-Fern\u00e1ndez_15-Abril-2020.mp3?_=4\" \/><a href=\"https:\/\/www.imer.mx\/rmi\/wp-content\/uploads\/sites\/3\/2020\/04\/Charlas-RMI-con-Rita-Abreu_34_Charlas-a-distancia-desde-Edimburgo-con-Isela-Fern\u00e1ndez_15-Abril-2020.mp3\">https:\/\/www.imer.mx\/rmi\/wp-content\/uploads\/sites\/3\/2020\/04\/Charlas-RMI-con-Rita-Abreu_34_Charlas-a-distancia-desde-Edimburgo-con-Isela-Fern\u00e1ndez_15-Abril-2020.mp3<\/a><\/audio>\n<p>&nbsp;<\/p>\n<h4><\/h4>\n<h4>22 de abril. Charla con &#8220;C\u00e9sar Castro Jarochelo&#8221;, m\u00fasico apasionado del son jaracho, ense\u00f1a est\u00e1 m\u00fasica en Los \u00e1ngeles, California<\/h4>\n<audio class=\"wp-audio-shortcode\" id=\"audio-21717-5\" preload=\"none\" style=\"width: 100%;\" controls=\"controls\"><source type=\"audio\/mpeg\" src=\"https:\/\/www.imer.mx\/rmi\/wp-content\/uploads\/sites\/3\/2020\/04\/LOS-ANGELES-CALIFORNIA-JAROCHELO.mp3?_=5\" \/><a href=\"https:\/\/www.imer.mx\/rmi\/wp-content\/uploads\/sites\/3\/2020\/04\/LOS-ANGELES-CALIFORNIA-JAROCHELO.mp3\">https:\/\/www.imer.mx\/rmi\/wp-content\/uploads\/sites\/3\/2020\/04\/LOS-ANGELES-CALIFORNIA-JAROCHELO.mp3<\/a><\/audio>\n<p>&nbsp;<\/p>\n<h4>Radio M\u00e9xico Internacional &#8220;La voz que nos une&#8221;<\/h4>\n","protected":false},"excerpt":{"rendered":"<p>Bajo la premisa Hagamos radio juntos, en Radio M\u00e9xico Internacional nos proponemos atraer a los mexicanos que viven lejos, pero tambi\u00e9n invitar radioescuchas de todas las latitudes y seres radi\u00f3filos que tengan una deuda pendiente y mucho qu\u00e9 decir frente a un micr\u00f3fono telef\u00f3nico, a acudir a la cita en Charlas a distancia\u2026 Porque sabemos&hellip;<\/p>\n","protected":false},"author":18,"featured_media":21730,"comment_status":"open","ping_status":"open","sticky":false,"template":"","format":"standard","meta":{"wp_popup_display_lightbox":0,"wp_popup_suppress":"","wp_popup_trigger":"","wp_popup_trigger_amount":0,"wp_popup_disable_on_mobile":false,"footnotes":""},"categories":[8,1,3],"tags":[],"class_list":["post-21717","post","type-post","status-publish","format-standard","has-post-thumbnail","hentry","category-destacados","category-imer","category-radiomexicointernacional","category-8","category-1","category-3","description-off"],"_links":{"self":[{"href":"https:\/\/www.imer.mx\/rmi\/wp-json\/wp\/v2\/posts\/21717","targetHints":{"allow":["GET"]}}],"collection":[{"href":"https:\/\/www.imer.mx\/rmi\/wp-json\/wp\/v2\/posts"}],"about":[{"href":"https:\/\/www.imer.mx\/rmi\/wp-json\/wp\/v2\/types\/post"}],"author":[{"embeddable":true,"href":"https:\/\/www.imer.mx\/rmi\/wp-json\/wp\/v2\/users\/18"}],"replies":[{"embeddable":true,"href":"https:\/\/www.imer.mx\/rmi\/wp-json\/wp\/v2\/comments?post=21717"}],"version-history":[{"count":0,"href":"https:\/\/www.imer.mx\/rmi\/wp-json\/wp\/v2\/posts\/21717\/revisions"}],"wp:featuredmedia":[{"embeddable":true,"href":"https:\/\/www.imer.mx\/rmi\/wp-json\/wp\/v2\/media\/21730"}],"wp:attachment":[{"href":"https:\/\/www.imer.mx\/rmi\/wp-json\/wp\/v2\/media?parent=21717"}],"wp:term":[{"taxonomy":"category","embeddable":true,"href":"https:\/\/www.imer.mx\/rmi\/wp-json\/wp\/v2\/categories?post=21717"},{"taxonomy":"post_tag","embeddable":true,"href":"https:\/\/www.imer.mx\/rmi\/wp-json\/wp\/v2\/tags?post=21717"}],"curies":[{"name":"wp","href":"https:\/\/api.w.org\/{rel}","templated":true}]}}