{"id":21642,"date":"2020-03-13T12:00:39","date_gmt":"2020-03-13T18:00:39","guid":{"rendered":"https:\/\/www.imer.mx\/rmi\/?p=21642"},"modified":"2020-03-25T15:10:55","modified_gmt":"2020-03-25T21:10:55","slug":"los-musicos-siempre-necios","status":"publish","type":"post","link":"https:\/\/www.imer.mx\/rmi\/los-musicos-siempre-necios\/","title":{"rendered":"Los m\u00fasicos&#8230; \u00bfsiempre necios?"},"content":{"rendered":"<p>\u00bfSe han preguntado alguna vez qu\u00e9 conlleva ser m\u00fasico independiente? <strong>Claudia Ru\u00edz Capdevielle<\/strong> se lo cuestionaba todo el tiempo, por ello decidi\u00f3 hacer un documental que le revelara en qu\u00e9 consiste ser un artista <strong>autosuficiente<\/strong>.<\/p>\n<p>Concierto para necios es el producto de la investigaci\u00f3n de Claudia, un trabajo cinematogr\u00e1fico que explora la intimidad de dos proyectos mexicanos: <strong>Los m\u00fasicos de Jos\u00e9<\/strong> y <strong>Renee Mooi<\/strong>. Con los primeros le toc\u00f3 ser testigo de un conflicto entre los miembros del conjunto; con la segunda descubri\u00f3 a una mujer que es leal a sus principios y que renunci\u00f3 a la fama en Rumania.<\/p>\n<p>Por un a\u00f1o y medio trabaj\u00f3 con estos m\u00fasicos, registr\u00f3 todo lo que pudo tratando de no ser invasiva, pero s\u00ed de presentar al p\u00fablico el talento y dedicaci\u00f3n de estos art\u00edfices, porque eso de ser artista es asunto de necios, se trata de tocar puertas hasta que alguna sea abierta.<\/p>\n<p><a class=\"dt-pswp-item\" href=\"https:\/\/www.imer.mx\/rmi\/wp-content\/uploads\/sites\/3\/2020\/03\/concierto-para-necios.jpg\" data-dt-img-description=\"\"><img loading=\"lazy\" decoding=\"async\" class=\"alignleft wp-image-21648 size-medium\" src=\"https:\/\/www.imer.mx\/rmi\/wp-content\/uploads\/sites\/3\/2020\/03\/concierto-para-necios-209x300.jpg\" alt=\"\" width=\"209\" height=\"300\" srcset=\"https:\/\/www.imer.mx\/rmi\/wp-content\/uploads\/sites\/3\/2020\/03\/concierto-para-necios-209x300.jpg 209w, https:\/\/www.imer.mx\/rmi\/wp-content\/uploads\/sites\/3\/2020\/03\/concierto-para-necios.jpg 669w\" sizes=\"auto, (max-width: 209px) 100vw, 209px\" \/><\/a>Cuenta Claudia que al terminar de filmar, el proceso de edici\u00f3n le llev\u00f3 un a\u00f1o, pero que el contar con el apoyo de <strong>Procine<\/strong> benefici\u00f3 el documental, por ejemplo, en el dise\u00f1o sonoro, que es parte sustancial de Concierto para necios.<\/p>\n<p>Despu\u00e9s de que esta obra se estrenara en el circuito cultural y acad\u00e9mico de la <strong>UNAM<\/strong>, se proyect\u00f3 en la <strong>Cineteca Nacional<\/strong>. Actualmente su realizadora trabaja como editora en otro documental que se llama Ahora que estamos juntas, bajo la direcci\u00f3n de <strong>Patricia Balderas<\/strong>.<\/p>\n<p>A todos los seguidores de<strong> Radio M\u00e9xico Internacional<\/strong> los invitamos a escuchar la entrevista con Claudia Ru\u00edz Capdevielle, quien nos comparte su acercamiento a la industria musical independiente de la mano de Los m\u00fasicos de Jos\u00e9 y de Renee Mooi.<\/p>\n<p>&nbsp;<\/p>\n<audio class=\"wp-audio-shortcode\" id=\"audio-21642-1\" preload=\"none\" style=\"width: 100%;\" controls=\"controls\"><source type=\"audio\/mpeg\" src=\"https:\/\/www.imer.mx\/rmi\/wp-content\/uploads\/sites\/3\/2020\/03\/ENTREVISTA-DOCUMENTAL-RENEE-MOI-Y-MUSICOS-DE-JOS\u00c9-24-02-20-ok.mp3?_=1\" \/><a href=\"https:\/\/www.imer.mx\/rmi\/wp-content\/uploads\/sites\/3\/2020\/03\/ENTREVISTA-DOCUMENTAL-RENEE-MOI-Y-MUSICOS-DE-JOS\u00c9-24-02-20-ok.mp3\">https:\/\/www.imer.mx\/rmi\/wp-content\/uploads\/sites\/3\/2020\/03\/ENTREVISTA-DOCUMENTAL-RENEE-MOI-Y-MUSICOS-DE-JOS\u00c9-24-02-20-ok.mp3<\/a><\/audio>\n","protected":false},"excerpt":{"rendered":"<p>\u00bfSe han preguntado alguna vez qu\u00e9 conlleva ser m\u00fasico independiente? Claudia Ru\u00edz Capdevielle se lo cuestionaba todo el tiempo, por ello decidi\u00f3 hacer un documental que le revelara en qu\u00e9 consiste ser un artista autosuficiente. Concierto para necios es el producto de la investigaci\u00f3n de Claudia, un trabajo cinematogr\u00e1fico que explora la intimidad de dos&hellip;<\/p>\n","protected":false},"author":18,"featured_media":21646,"comment_status":"open","ping_status":"open","sticky":false,"template":"","format":"standard","meta":{"wp_popup_display_lightbox":0,"wp_popup_suppress":"","wp_popup_trigger":"","wp_popup_trigger_amount":0,"wp_popup_disable_on_mobile":false,"footnotes":""},"categories":[9,3],"tags":[66,63,67],"class_list":["post-21642","post","type-post","status-publish","format-standard","has-post-thumbnail","hentry","category-entrevistas","category-radiomexicointernacional","tag-enac","tag-musica","tag-unam","category-9","category-3","description-off"],"_links":{"self":[{"href":"https:\/\/www.imer.mx\/rmi\/wp-json\/wp\/v2\/posts\/21642","targetHints":{"allow":["GET"]}}],"collection":[{"href":"https:\/\/www.imer.mx\/rmi\/wp-json\/wp\/v2\/posts"}],"about":[{"href":"https:\/\/www.imer.mx\/rmi\/wp-json\/wp\/v2\/types\/post"}],"author":[{"embeddable":true,"href":"https:\/\/www.imer.mx\/rmi\/wp-json\/wp\/v2\/users\/18"}],"replies":[{"embeddable":true,"href":"https:\/\/www.imer.mx\/rmi\/wp-json\/wp\/v2\/comments?post=21642"}],"version-history":[{"count":0,"href":"https:\/\/www.imer.mx\/rmi\/wp-json\/wp\/v2\/posts\/21642\/revisions"}],"wp:featuredmedia":[{"embeddable":true,"href":"https:\/\/www.imer.mx\/rmi\/wp-json\/wp\/v2\/media\/21646"}],"wp:attachment":[{"href":"https:\/\/www.imer.mx\/rmi\/wp-json\/wp\/v2\/media?parent=21642"}],"wp:term":[{"taxonomy":"category","embeddable":true,"href":"https:\/\/www.imer.mx\/rmi\/wp-json\/wp\/v2\/categories?post=21642"},{"taxonomy":"post_tag","embeddable":true,"href":"https:\/\/www.imer.mx\/rmi\/wp-json\/wp\/v2\/tags?post=21642"}],"curies":[{"name":"wp","href":"https:\/\/api.w.org\/{rel}","templated":true}]}}