{"id":21335,"date":"2019-12-18T14:15:59","date_gmt":"2019-12-18T20:15:59","guid":{"rendered":"https:\/\/www.imer.mx\/rmi\/?p=21335"},"modified":"2019-12-18T15:47:51","modified_gmt":"2019-12-18T21:47:51","slug":"cana-dulce-y-cana-brava-ponen-muy-en-alto-el-son","status":"publish","type":"post","link":"https:\/\/www.imer.mx\/rmi\/cana-dulce-y-cana-brava-ponen-muy-en-alto-el-son\/","title":{"rendered":"Ca\u00f1a Dulce y Ca\u00f1a Brava&#8230; (Ponen muy alto el Son) (Frino)"},"content":{"rendered":"<h1><\/h1>\n<audio class=\"wp-audio-shortcode\" id=\"audio-21335-1\" preload=\"none\" style=\"width: 100%;\" controls=\"controls\"><source type=\"audio\/mpeg\" src=\"https:\/\/www.imer.mx\/rmi\/wp-content\/uploads\/sites\/3\/2019\/12\/ENTREVISTA-CA\u00d1AS-16DICIEMBRE2019-128.mp3?_=1\" \/><a href=\"https:\/\/www.imer.mx\/rmi\/wp-content\/uploads\/sites\/3\/2019\/12\/ENTREVISTA-CA\u00d1AS-16DICIEMBRE2019-128.mp3\">https:\/\/www.imer.mx\/rmi\/wp-content\/uploads\/sites\/3\/2019\/12\/ENTREVISTA-CA\u00d1AS-16DICIEMBRE2019-128.mp3<\/a><\/audio>\n<p>&nbsp;<\/p>\n<p>La m\u00fasica que se hace de talento, generosidad e historia tiene una nobleza que encuentra muy pronto su alma gemela en cualquier parte del mundo. Eso les sucede a <strong>Adriana Cao<\/strong> (arpa y voz), <strong>Raquel Palacios Vega<\/strong> (Jarana 3\u00aa. Voz y coro), <strong>Anna Arismendez<\/strong> (guitarra vozarrona), <strong>Violeta Romero<\/strong> (Jarana 1\u00aa y coros), y <strong>Alejandro Loredo<\/strong>, (jarana de arco, guitarra de son y direcci\u00f3n art\u00edstica). Cada biograf\u00eda personal trae sus versos, sus desdichas, sus sue\u00f1os y sus bailes. Un grupo es un encuentro de amigos que hablan diversos lenguajes, se entienden con palabras y armonizan con los rasgueos de sus instrumentos; y, luego nos transmite mensajes que no llevan ninguna prisa, no podr\u00edan, no son slogans ni frases bonitas.<\/p>\n<p style=\"text-align: center\"><strong><em><a class=\"dt-pswp-item\" href=\"https:\/\/www.imer.mx\/rmi\/wp-content\/uploads\/sites\/3\/2019\/12\/WhatsApp-Image-2019-12-17-at-11.45.19.jpeg\" data-dt-img-description=\"\"><img loading=\"lazy\" decoding=\"async\" class=\"alignright size-medium wp-image-21337\" src=\"https:\/\/www.imer.mx\/rmi\/wp-content\/uploads\/sites\/3\/2019\/12\/WhatsApp-Image-2019-12-17-at-11.45.19-300x225.jpeg\" alt=\"\" width=\"300\" height=\"225\" srcset=\"https:\/\/www.imer.mx\/rmi\/wp-content\/uploads\/sites\/3\/2019\/12\/WhatsApp-Image-2019-12-17-at-11.45.19-300x225.jpeg 300w, https:\/\/www.imer.mx\/rmi\/wp-content\/uploads\/sites\/3\/2019\/12\/WhatsApp-Image-2019-12-17-at-11.45.19-768x576.jpeg 768w, https:\/\/www.imer.mx\/rmi\/wp-content\/uploads\/sites\/3\/2019\/12\/WhatsApp-Image-2019-12-17-at-11.45.19-1024x768.jpeg 1024w, https:\/\/www.imer.mx\/rmi\/wp-content\/uploads\/sites\/3\/2019\/12\/WhatsApp-Image-2019-12-17-at-11.45.19.jpeg 1040w\" sizes=\"auto, (max-width: 300px) 100vw, 300px\" \/><\/a>Soy un trompo diferente<\/em><\/strong><\/p>\n<p style=\"text-align: center\"><strong><em>no giro al puro tanteo,<\/em><\/strong><\/p>\n<p style=\"text-align: center\"><strong><em>sufro cuando est\u00e1s ausente<\/em><\/strong><\/p>\n<p style=\"text-align: center\"><strong><em>y bailo cuando te veo<\/em><\/strong><\/p>\n<p style=\"text-align: center\">Verso Ca\u00f1a Dulce Ca\u00f1a Brava<\/p>\n<p>Nuevas versadas, arreglos que ajustan a la \u00e9poca de su sentir, de su caminar, de los secretos que las notas les van susurrando. Es el son jarocho tradicional y renovado. \u201cCuatro mujeres y un hombre, m\u00fasica que al mundo asombre\u201d, dice Iraida Noriega. Un son donde la mujer hace el verso y participa en la creaci\u00f3n art\u00edstica de cada pieza. No es femenino por necedad o imposici\u00f3n, es apuesta por un trabajo colectivo de integraci\u00f3n y fuera cualquier indicio mis\u00f3gino. Pero en el canto s\u00ed, son las mujeres del grupo las que llevan la voz cantante.<\/p>\n<p>Lo fundaron en 2007, Adriana Cao Romero y Raquel Palacios Vega, nacidas en <strong>Veracruz<\/strong> donde crecieron con m\u00fasica y al ritmo de los a\u00f1os y los ires y venires, en los fandangos fueron dando forma a un proyecto musical que ha llegado a Sud\u00e1frica, Turqu\u00eda, Dinamarca, Estados Unidos y m\u00e1s. Siempre fueron muy bien recibidas por el p\u00fablico y los representantes del son jarocho. Para tomar un nombre, se inspiraron en un son.<\/p>\n<p style=\"text-align: center\"><em><strong>Ca\u00f1a dulce ca\u00f1a brava<\/strong><\/em><\/p>\n<p style=\"text-align: center\"><em><strong>ca\u00f1a de az\u00facar prendida<\/strong><\/em><\/p>\n<p style=\"text-align: center\"><em><strong>que yo soy como la ca\u00f1a<\/strong><\/em><\/p>\n<p style=\"text-align: center\"><em><strong>que va endulzando la vida<\/strong><\/em><\/p>\n<p style=\"text-align: center\">Patricio Hidalgo Belli<\/p>\n<p>En el 2014 sacaron su primer disco. Y cinco a\u00f1os despu\u00e9s con un trabajo que hace gala de cambios, giros y dominio de su arte irrumpen con <strong>Acentos<\/strong>. Sones tradicionales con nuevos versos, porque el son no es una canci\u00f3n de letra fija. El son est\u00e1 en el mundo para ir cambiando al ritmo de la vida, de las dudas y de las ganas de transformar\u2026<\/p>\n<p style=\"text-align: center\"><strong>Cuerdas para que me bailen,<\/strong><\/p>\n<p style=\"text-align: center\"><strong>Ni de c\u00e1\u00f1amo las quiero.<\/strong><\/p>\n<p style=\"text-align: center\"><strong>Por enredarme en tus brazos<\/strong><\/p>\n<p style=\"text-align: center\"><strong>Ando que me desespero<\/strong><\/p>\n<p style=\"text-align: center\">Verso Ca\u00f1a Dulce Ca\u00f1a Brava<\/p>\n<p>Disfruta la charla con Adriana y Anna. Y, sobre todo, escucha el disco al caer la tarde, cierra los ojos y siente cada fraseo\u2026 \u00a1Saca tu butaquito! La noche brilla, y si la vemos juntos \u00a1Qu\u00e9 maravilla!<\/p>\n<p>&nbsp;<\/p>\n<p>Por: Rita Abreu<\/p>\n\n\t\t\t<style type='text\/css'>\n\t\t\t\t#gallery-1 {\n\t\t\t\t\tmargin: auto;\n\t\t\t\t}\n\t\t\t\t#gallery-1 .gallery-item {\n\t\t\t\t\tfloat: left;\n\t\t\t\t\tmargin-top: 10px;\n\t\t\t\t\ttext-align: center;\n\t\t\t\t\twidth: 50%;\n\t\t\t\t}\n\t\t\t\t#gallery-1 img {\n\t\t\t\t\tborder: 2px solid #cfcfcf;\n\t\t\t\t}\n\t\t\t\t#gallery-1 .gallery-caption {\n\t\t\t\t\tmargin-left: 0;\n\t\t\t\t}\n\t\t\t\t\/* see gallery_shortcode() in wp-includes\/media.php *\/\n\t\t\t<\/style>\n\t\t<div id='gallery-1' class='dt-gallery-container gallery galleryid-21335 gallery-columns-2 gallery-size-medium'><dl class='gallery-item'>\n\t\t\t\t<dt class='gallery-icon landscape'>\n\t\t\t\t\t<a class=\"rollover rollover-zoom dt-pswp-item\" title=\"\" data-dt-img-description=\"\" data-large_image_width=\"1040\" data-large_image_height=\"780\"href='https:\/\/www.imer.mx\/rmi\/wp-content\/uploads\/sites\/3\/2019\/12\/WhatsApp-Image-2019-12-17-at-11.55.02.jpeg'><img loading=\"lazy\" decoding=\"async\" width=\"300\" height=\"225\" src=\"https:\/\/www.imer.mx\/rmi\/wp-content\/uploads\/sites\/3\/2019\/12\/WhatsApp-Image-2019-12-17-at-11.55.02-300x225.jpeg\" class=\"attachment-medium size-medium\" alt=\"\" srcset=\"https:\/\/www.imer.mx\/rmi\/wp-content\/uploads\/sites\/3\/2019\/12\/WhatsApp-Image-2019-12-17-at-11.55.02-300x225.jpeg 300w, https:\/\/www.imer.mx\/rmi\/wp-content\/uploads\/sites\/3\/2019\/12\/WhatsApp-Image-2019-12-17-at-11.55.02-768x576.jpeg 768w, https:\/\/www.imer.mx\/rmi\/wp-content\/uploads\/sites\/3\/2019\/12\/WhatsApp-Image-2019-12-17-at-11.55.02-1024x768.jpeg 1024w, https:\/\/www.imer.mx\/rmi\/wp-content\/uploads\/sites\/3\/2019\/12\/WhatsApp-Image-2019-12-17-at-11.55.02.jpeg 1040w\" sizes=\"auto, (max-width: 300px) 100vw, 300px\" \/><\/a>\n\t\t\t\t<\/dt><\/dl><dl class='gallery-item'>\n\t\t\t\t<dt class='gallery-icon landscape'>\n\t\t\t\t\t<a class=\"rollover rollover-zoom dt-pswp-item\" title=\"\" data-dt-img-description=\"\" data-large_image_width=\"1040\" data-large_image_height=\"780\"href='https:\/\/www.imer.mx\/rmi\/wp-content\/uploads\/sites\/3\/2019\/12\/WhatsApp-Image-2019-12-17-at-12.09.56.jpeg'><img loading=\"lazy\" decoding=\"async\" width=\"300\" height=\"225\" src=\"https:\/\/www.imer.mx\/rmi\/wp-content\/uploads\/sites\/3\/2019\/12\/WhatsApp-Image-2019-12-17-at-12.09.56-300x225.jpeg\" class=\"attachment-medium size-medium\" alt=\"\" srcset=\"https:\/\/www.imer.mx\/rmi\/wp-content\/uploads\/sites\/3\/2019\/12\/WhatsApp-Image-2019-12-17-at-12.09.56-300x225.jpeg 300w, https:\/\/www.imer.mx\/rmi\/wp-content\/uploads\/sites\/3\/2019\/12\/WhatsApp-Image-2019-12-17-at-12.09.56-768x576.jpeg 768w, https:\/\/www.imer.mx\/rmi\/wp-content\/uploads\/sites\/3\/2019\/12\/WhatsApp-Image-2019-12-17-at-12.09.56-1024x768.jpeg 1024w, https:\/\/www.imer.mx\/rmi\/wp-content\/uploads\/sites\/3\/2019\/12\/WhatsApp-Image-2019-12-17-at-12.09.56.jpeg 1040w\" sizes=\"auto, (max-width: 300px) 100vw, 300px\" \/><\/a>\n\t\t\t\t<\/dt><\/dl><br style=\"clear: both\" \/>\n\t\t\t<\/div>\n\n<p style=\"text-align: center\">\n","protected":false},"excerpt":{"rendered":"<p>&nbsp; La m\u00fasica que se hace de talento, generosidad e historia tiene una nobleza que encuentra muy pronto su alma gemela en cualquier parte del mundo. Eso les sucede a Adriana Cao (arpa y voz), Raquel Palacios Vega (Jarana 3\u00aa. Voz y coro), Anna Arismendez (guitarra vozarrona), Violeta Romero (Jarana 1\u00aa y coros), y Alejandro&hellip;<\/p>\n","protected":false},"author":18,"featured_media":21359,"comment_status":"open","ping_status":"open","sticky":false,"template":"","format":"standard","meta":{"wp_popup_display_lightbox":0,"wp_popup_suppress":"","wp_popup_trigger":"","wp_popup_trigger_amount":0,"wp_popup_disable_on_mobile":false,"footnotes":""},"categories":[8,9,3],"tags":[],"class_list":["post-21335","post","type-post","status-publish","format-standard","has-post-thumbnail","hentry","category-destacados","category-entrevistas","category-radiomexicointernacional","category-8","category-9","category-3","description-off"],"_links":{"self":[{"href":"https:\/\/www.imer.mx\/rmi\/wp-json\/wp\/v2\/posts\/21335","targetHints":{"allow":["GET"]}}],"collection":[{"href":"https:\/\/www.imer.mx\/rmi\/wp-json\/wp\/v2\/posts"}],"about":[{"href":"https:\/\/www.imer.mx\/rmi\/wp-json\/wp\/v2\/types\/post"}],"author":[{"embeddable":true,"href":"https:\/\/www.imer.mx\/rmi\/wp-json\/wp\/v2\/users\/18"}],"replies":[{"embeddable":true,"href":"https:\/\/www.imer.mx\/rmi\/wp-json\/wp\/v2\/comments?post=21335"}],"version-history":[{"count":0,"href":"https:\/\/www.imer.mx\/rmi\/wp-json\/wp\/v2\/posts\/21335\/revisions"}],"wp:featuredmedia":[{"embeddable":true,"href":"https:\/\/www.imer.mx\/rmi\/wp-json\/wp\/v2\/media\/21359"}],"wp:attachment":[{"href":"https:\/\/www.imer.mx\/rmi\/wp-json\/wp\/v2\/media?parent=21335"}],"wp:term":[{"taxonomy":"category","embeddable":true,"href":"https:\/\/www.imer.mx\/rmi\/wp-json\/wp\/v2\/categories?post=21335"},{"taxonomy":"post_tag","embeddable":true,"href":"https:\/\/www.imer.mx\/rmi\/wp-json\/wp\/v2\/tags?post=21335"}],"curies":[{"name":"wp","href":"https:\/\/api.w.org\/{rel}","templated":true}]}}