{"id":21027,"date":"2019-10-15T12:51:26","date_gmt":"2019-10-15T17:51:26","guid":{"rendered":"https:\/\/www.imer.mx\/rmi\/?p=21027"},"modified":"2019-10-15T12:51:26","modified_gmt":"2019-10-15T17:51:26","slug":"dialogo-entre-tradiciones","status":"publish","type":"post","link":"https:\/\/www.imer.mx\/rmi\/dialogo-entre-tradiciones\/","title":{"rendered":"Di\u00e1logo entre tradiciones"},"content":{"rendered":"<p>Paco Sandria y Gregorio Quiros forman un d\u00fao que re\u00fane ritmos del Pac\u00edfico colombiano y el Golfo de M\u00e9xico. Sandria es un jaranero, experto en el uso del pandero y un m\u00fasico que ha incursionado en el son con los grupos Moros y cristianos y Cucalamb\u00e9. Mientras que Gregorio es marimbista, cantante multinstrumentista e investigador de etnomusicolog\u00eda.<br \/>\nPaco y Gregorio se conocieron en un encuentro jaranero en el CENART, ah\u00ed tuvieron un flechazo musical y formaron el dueto. Gregorio nacido en Argentina se reconoce como un \u201ceterno migrante\u201d y un enamorado del son jarocho. Estos dos m\u00fasicos llenaron la cabina de Radio M\u00e9xico Internacional de sonidos y cantos latinoamericanos.<\/p>\n<p>Muy pronto presentar\u00e1n su m\u00fasica a todos nuestros radioescuchas en un concierto en el Estudio B del IMER, est\u00e9n al pendiente y por lo mientras les extendemos la invitaci\u00f3n a reproducir la entrevista para que disfruten del ritmo y armon\u00eda de las canciones: \u201cChichicastenango\u201d y \u201cEl ahualulco\u201d. <\/p>\n<audio class=\"wp-audio-shortcode\" id=\"audio-21027-1\" preload=\"none\" style=\"width: 100%;\" controls=\"controls\"><source type=\"audio\/mpeg\" src=\"https:\/\/www.imer.mx\/rmi\/wp-content\/uploads\/sites\/3\/2019\/10\/ENTREVISTA-09OCTUBRE2019.mp3?_=1\" \/><a href=\"https:\/\/www.imer.mx\/rmi\/wp-content\/uploads\/sites\/3\/2019\/10\/ENTREVISTA-09OCTUBRE2019.mp3\">https:\/\/www.imer.mx\/rmi\/wp-content\/uploads\/sites\/3\/2019\/10\/ENTREVISTA-09OCTUBRE2019.mp3<\/a><\/audio>\n","protected":false},"excerpt":{"rendered":"<p>Paco Sandria y Gregorio Quiros forman un d\u00fao que re\u00fane ritmos del Pac\u00edfico colombiano y el Golfo de M\u00e9xico. Sandria es un jaranero, experto en el uso del pandero y un m\u00fasico que ha incursionado en el son con los grupos Moros y cristianos y Cucalamb\u00e9. Mientras que Gregorio es marimbista, cantante multinstrumentista e investigador&hellip;<\/p>\n","protected":false},"author":18,"featured_media":21028,"comment_status":"open","ping_status":"open","sticky":false,"template":"","format":"standard","meta":{"wp_popup_display_lightbox":0,"wp_popup_suppress":"","wp_popup_trigger":"","wp_popup_trigger_amount":0,"wp_popup_disable_on_mobile":false,"footnotes":""},"categories":[8,9,3],"tags":[],"class_list":["post-21027","post","type-post","status-publish","format-standard","has-post-thumbnail","hentry","category-destacados","category-entrevistas","category-radiomexicointernacional","category-8","category-9","category-3","description-off"],"_links":{"self":[{"href":"https:\/\/www.imer.mx\/rmi\/wp-json\/wp\/v2\/posts\/21027","targetHints":{"allow":["GET"]}}],"collection":[{"href":"https:\/\/www.imer.mx\/rmi\/wp-json\/wp\/v2\/posts"}],"about":[{"href":"https:\/\/www.imer.mx\/rmi\/wp-json\/wp\/v2\/types\/post"}],"author":[{"embeddable":true,"href":"https:\/\/www.imer.mx\/rmi\/wp-json\/wp\/v2\/users\/18"}],"replies":[{"embeddable":true,"href":"https:\/\/www.imer.mx\/rmi\/wp-json\/wp\/v2\/comments?post=21027"}],"version-history":[{"count":0,"href":"https:\/\/www.imer.mx\/rmi\/wp-json\/wp\/v2\/posts\/21027\/revisions"}],"wp:featuredmedia":[{"embeddable":true,"href":"https:\/\/www.imer.mx\/rmi\/wp-json\/wp\/v2\/media\/21028"}],"wp:attachment":[{"href":"https:\/\/www.imer.mx\/rmi\/wp-json\/wp\/v2\/media?parent=21027"}],"wp:term":[{"taxonomy":"category","embeddable":true,"href":"https:\/\/www.imer.mx\/rmi\/wp-json\/wp\/v2\/categories?post=21027"},{"taxonomy":"post_tag","embeddable":true,"href":"https:\/\/www.imer.mx\/rmi\/wp-json\/wp\/v2\/tags?post=21027"}],"curies":[{"name":"wp","href":"https:\/\/api.w.org\/{rel}","templated":true}]}}