{"id":21010,"date":"2019-10-10T19:38:01","date_gmt":"2019-10-11T00:38:01","guid":{"rendered":"https:\/\/www.imer.mx\/rmi\/?p=21010"},"modified":"2019-10-10T19:48:33","modified_gmt":"2019-10-11T00:48:33","slug":"musica-para-cine-mexicano-una-lucha-contra-el-olvido","status":"publish","type":"post","link":"https:\/\/www.imer.mx\/rmi\/musica-para-cine-mexicano-una-lucha-contra-el-olvido\/","title":{"rendered":"M\u00fasica para cine mexicano, una lucha contra el olvido"},"content":{"rendered":"<p>&nbsp;<\/p>\n<p>Las emociones que sentimos al ver una pel\u00edcula no ser\u00edan las mismas si no fuera por la m\u00fasica. Imaginemos <em>Macario<\/em> o el <em>Santo y las mujeres vampiro <\/em>sin la composici\u00f3n de Ra\u00fal Lavista, por ejemplo. La m\u00fasica compuesta para cine ha sido por muchos a\u00f1os olvidada y desechada, literalmente. Su rescate se ha ido dando de manera paulatina, gracias a la perseverancia y minuciosidad de personas como <strong>Sibylle Hayem<\/strong>, coordinadora del acervo sonoro de la m\u00fasica compuesta para cine mexicano en la Fonoteca Nacional.<\/p>\n<p>Ella se reconoce como &nbsp;\u201cingenua de sonido\u201d por su af\u00e1n de buscar ruidos en todos lados. Su trabajo ha consistido en salvar cintas de audio desde 1997 en los Estudios Churubusco. La cantidad de material rescatado es tan grande e importante que fue reconocido como Memoria del Mundo por la UNESCO en 2018.<\/p>\n<p><img loading=\"lazy\" decoding=\"async\" class=\"size-medium wp-image-21012 alignleft\" src=\"https:\/\/www.imer.mx\/rmi\/wp-content\/uploads\/sites\/3\/2019\/10\/S1-169x300.jpeg\" alt=\"\" width=\"169\" height=\"300\" srcset=\"https:\/\/www.imer.mx\/rmi\/wp-content\/uploads\/sites\/3\/2019\/10\/S1-169x300.jpeg 169w, https:\/\/www.imer.mx\/rmi\/wp-content\/uploads\/sites\/3\/2019\/10\/S1-576x1024.jpeg 576w, https:\/\/www.imer.mx\/rmi\/wp-content\/uploads\/sites\/3\/2019\/10\/S1.jpeg 720w\" sizes=\"auto, (max-width: 169px) 100vw, 169px\" \/><\/p>\n<p>Sibylle nos comparti\u00f3 algunos tesoros sonoros de Antonio D\u00edaz Conde, Sergio Guerrero, Enrico Cabiati y Manuel Esper\u00f3n. De este \u00faltimo trajo a la cabina de Radio M\u00e9xico Internacional el <em>playback<\/em> del mambo que cantan Germ\u00e1n y Manuel Vald\u00e9s en la pel\u00edcula <em>Dos fantasmas y una muchacha<\/em>. Le interesa demostrar que la experiencia de escuchar la m\u00fasica de fondo sin la imagen &nbsp;da otra perspectiva, los audios grabados para cine son muy diferentes a lo que alguien ajeno a la industria cinematogr\u00e1fica est\u00e1 acostumbrado.<\/p>\n<p>Coment\u00f3 que de 120 a\u00f1os de historia de la m\u00fasica para el cine s\u00f3lo hay cuatro investigaciones, por lo que insta a los estudiosos y mel\u00f3manos a involucrarse en esta lucha contra el olvido. Tambi\u00e9n reconoci\u00f3 la labor de la Cineteca Nacional de colaborar en este rescate. Atentos radioescuchas, dejamos con ustedes el podcats de esta entrevista que seguramente les recordar\u00e1 entra\u00f1ables pel\u00edculas del cine de oro mexicano y descubrir piezas que estuvieron a un paso de acabar en el cami\u00f3n de la basura.<\/p>\n<audio class=\"wp-audio-shortcode\" id=\"audio-21010-1\" preload=\"none\" style=\"width: 100%;\" controls=\"controls\"><source type=\"audio\/mpeg\" src=\"https:\/\/www.imer.mx\/rmi\/wp-content\/uploads\/sites\/3\/2019\/10\/ENTREVISTA-M\u00d9SICA-DEL-CINE-03OCTUBRE2019.mp3?_=1\" \/><a href=\"https:\/\/www.imer.mx\/rmi\/wp-content\/uploads\/sites\/3\/2019\/10\/ENTREVISTA-M\u00d9SICA-DEL-CINE-03OCTUBRE2019.mp3\">https:\/\/www.imer.mx\/rmi\/wp-content\/uploads\/sites\/3\/2019\/10\/ENTREVISTA-M\u00d9SICA-DEL-CINE-03OCTUBRE2019.mp3<\/a><\/audio>\n","protected":false},"excerpt":{"rendered":"<p>&nbsp; Las emociones que sentimos al ver una pel\u00edcula no ser\u00edan las mismas si no fuera por la m\u00fasica. Imaginemos Macario o el Santo y las mujeres vampiro sin la composici\u00f3n de Ra\u00fal Lavista, por ejemplo. La m\u00fasica compuesta para cine ha sido por muchos a\u00f1os olvidada y desechada, literalmente. Su rescate se ha ido&hellip;<\/p>\n","protected":false},"author":18,"featured_media":21013,"comment_status":"open","ping_status":"open","sticky":false,"template":"","format":"standard","meta":{"wp_popup_display_lightbox":0,"wp_popup_suppress":"","wp_popup_trigger":"","wp_popup_trigger_amount":0,"wp_popup_disable_on_mobile":false,"footnotes":""},"categories":[9,3],"tags":[],"class_list":["post-21010","post","type-post","status-publish","format-standard","has-post-thumbnail","hentry","category-entrevistas","category-radiomexicointernacional","category-9","category-3","description-off"],"_links":{"self":[{"href":"https:\/\/www.imer.mx\/rmi\/wp-json\/wp\/v2\/posts\/21010","targetHints":{"allow":["GET"]}}],"collection":[{"href":"https:\/\/www.imer.mx\/rmi\/wp-json\/wp\/v2\/posts"}],"about":[{"href":"https:\/\/www.imer.mx\/rmi\/wp-json\/wp\/v2\/types\/post"}],"author":[{"embeddable":true,"href":"https:\/\/www.imer.mx\/rmi\/wp-json\/wp\/v2\/users\/18"}],"replies":[{"embeddable":true,"href":"https:\/\/www.imer.mx\/rmi\/wp-json\/wp\/v2\/comments?post=21010"}],"version-history":[{"count":0,"href":"https:\/\/www.imer.mx\/rmi\/wp-json\/wp\/v2\/posts\/21010\/revisions"}],"wp:featuredmedia":[{"embeddable":true,"href":"https:\/\/www.imer.mx\/rmi\/wp-json\/wp\/v2\/media\/21013"}],"wp:attachment":[{"href":"https:\/\/www.imer.mx\/rmi\/wp-json\/wp\/v2\/media?parent=21010"}],"wp:term":[{"taxonomy":"category","embeddable":true,"href":"https:\/\/www.imer.mx\/rmi\/wp-json\/wp\/v2\/categories?post=21010"},{"taxonomy":"post_tag","embeddable":true,"href":"https:\/\/www.imer.mx\/rmi\/wp-json\/wp\/v2\/tags?post=21010"}],"curies":[{"name":"wp","href":"https:\/\/api.w.org\/{rel}","templated":true}]}}