{"id":20765,"date":"2019-07-16T10:01:52","date_gmt":"2019-07-16T15:01:52","guid":{"rendered":"https:\/\/www.imer.mx\/rmi\/?p=20765"},"modified":"2019-07-16T10:03:02","modified_gmt":"2019-07-16T15:03:02","slug":"que-tanto-es-tantitiititooo","status":"publish","type":"post","link":"https:\/\/www.imer.mx\/rmi\/que-tanto-es-tantitiititooo\/","title":{"rendered":"\u201cQu\u00e9 tanto es Tantitiititooo\u2026\u201d"},"content":{"rendered":"\n<p style=\"text-align:right\">Por Angie Trujillo<\/p>\n\n\n\n<div class=\"wp-block-image\"><figure class=\"alignleft is-resized\"><img loading=\"lazy\" decoding=\"async\" src=\"https:\/\/www.imer.mx\/rmi\/wp-content\/uploads\/sites\/3\/2019\/07\/Angelica-Y-Armando.jpg\" alt=\"\" class=\"wp-image-20766\" width=\"411\" height=\"411\" srcset=\"https:\/\/www.imer.mx\/rmi\/wp-content\/uploads\/sites\/3\/2019\/07\/Angelica-Y-Armando.jpg 821w, https:\/\/www.imer.mx\/rmi\/wp-content\/uploads\/sites\/3\/2019\/07\/Angelica-Y-Armando-150x150.jpg 150w, https:\/\/www.imer.mx\/rmi\/wp-content\/uploads\/sites\/3\/2019\/07\/Angelica-Y-Armando-300x300.jpg 300w, https:\/\/www.imer.mx\/rmi\/wp-content\/uploads\/sites\/3\/2019\/07\/Angelica-Y-Armando-768x768.jpg 768w\" sizes=\"auto, (max-width: 411px) 100vw, 411px\" \/><\/figure><\/div>\n\n\n\n<p>Lo conoc\u00ed hace como quince a\u00f1os,\nquiz\u00e1 un poco m\u00e1s, quiz\u00e1 un poco menos. Una de las bondades de trabajar en la radio\nes que te permite tener cerca a personajes de la cultura mexicana, esos que\nantes le\u00edas, ve\u00edas en la televisi\u00f3n o conoc\u00edas de ellos cuando eras estudiante.\nY as\u00ed fue. Cruzamos palabra por una carcajada que me produjo uno de sus\ncomentarios lanzado a media voz por toda la oficina. Y de pronto, comenzamos\nuna pl\u00e1tica que se repiti\u00f3 al d\u00eda siguiente, y al siguiente, y poco a poco se\nconvirti\u00f3 en una divertida rutina vespertina.<\/p>\n\n\n\n<p>Pol\u00edtica, historia, vida diaria y\nhasta an\u00e9cdotas muy personales fueron los temas de esas charlas entra\u00f1ables. Se\nve\u00eda necesario un caf\u00e9, pero uno de a de veras, que participara de la pl\u00e1tica.\nAs\u00ed fue como finalmente coincidimos en un lugar de la colonia Roma que parec\u00eda\ndecorado por algunas de las vivencias de Armando. Sus cr\u00f3nicas eran\ninevitables. Siempre atinadas, sumamente coloridas y, eso s\u00ed, \u00fanicas. Ese\nencuentro ha sido uno de los m\u00e1s memorables de mi vida. Conoc\u00ed m\u00e1s all\u00e1 del\npersonaje, conoc\u00ed a un maestro, a un padre orgulloso, a un notable escritor,\ncronista y cr\u00edtico. Conoc\u00ed a Armando Ram\u00edrez.<\/p>\n\n\n\n<p>El lenguaje de barrio, el sentir\nde la calle, de lo cotidiano, lo popular, formaba parte exquisita de las\nnarraciones que Armando Ram\u00edrez realizaba todos los d\u00edas. Me atrever\u00eda a decir\nque no necesitaba una c\u00e1mara, un micr\u00f3fono y ni siquiera una libreta para\ncontar esas historias que vio, sinti\u00f3 y acogi\u00f3.<\/p>\n\n\n\n<div class=\"wp-block-image\"><figure class=\"alignright is-resized\"><img loading=\"lazy\" decoding=\"async\" src=\"https:\/\/www.imer.mx\/rmi\/wp-content\/uploads\/sites\/3\/2019\/07\/Aramndo_Ramirez.jpg\" alt=\"\" class=\"wp-image-20767\" width=\"311\" height=\"480\" srcset=\"https:\/\/www.imer.mx\/rmi\/wp-content\/uploads\/sites\/3\/2019\/07\/Aramndo_Ramirez.jpg 621w, https:\/\/www.imer.mx\/rmi\/wp-content\/uploads\/sites\/3\/2019\/07\/Aramndo_Ramirez-194x300.jpg 194w\" sizes=\"auto, (max-width: 311px) 100vw, 311px\" \/><\/figure><\/div>\n\n\n\n<p>No fue dif\u00edcil que se convirtiera\nen un cronista destacado de la Ciudad de M\u00e9xico. Nacido en Tepito, uno de los\nbarrios m\u00e1s emblem\u00e1ticos de la capital, Armando Ram\u00edrez entendi\u00f3 y logr\u00f3, con\nsu escritura, abrir espacio para lo popular en la cr\u00f3nica, en la literatura, en\nla prensa, en los medios electr\u00f3nicos. Dotado de un peculiar olfato narrativo,\nrecorri\u00f3 las calles de la ciudad y conoci\u00f3 los rincones m\u00e1s rec\u00f3nditos para\nrevelar historias y darles voz a sus protagonistas.<\/p>\n\n\n\n<p>M\u00e1s all\u00e1 de los libros que\nescribi\u00f3, algunos llevados a la pantalla grande, me atrever\u00eda a decir que lo\nque m\u00e1s disfrut\u00f3 Armando Ram\u00edrez fue hacer reportajes en las calles de la\nciudad de M\u00e9xico. Se le notaba. Cada entrevista que hac\u00eda, cada edificio que\nvisitaba, cada calle que caminaba iban acompa\u00f1ados de una enorme sonrisa\u2026 y\nmuchos seguidores. Se daba a querer, pues.<\/p>\n\n\n\n<p>Su muerte me tom\u00f3 por sorpresa.\nSi bien es cierto que no nos ve\u00edamos desde hace a\u00f1os, en las redes sociales\nbrome\u00e1bamos con una prometida visita a una de las torter\u00edas m\u00e1s conocidas del\ncentro de la ciudad. Armando la conoc\u00eda bien y yo me saboreaba el peculiar\nmanjar.&nbsp; Ah\u00ed seguir\u00edamos la charla como la\nde la colonia Roma. \u00a1Ay Armando! Ni modo, me qued\u00e9 con las ganas.<\/p>\n\n\n\n<p>Se te va a extra\u00f1ar. Ahora s\u00f3lo\nqueda releerte, imaginarte escribiendo y contando historias como las de <em>Chin chin el teporocho<\/em>, <em>Noche de Califas<\/em>, <em>Quincea\u00f1era<\/em>, <em>La tepiteada<\/em>\no tu m\u00e1s reciente novela, <em>D\u00e9jame<\/em>. Tu\npartida deja un gran vac\u00edo en los barrios y en la cr\u00f3nica popular. A\u00fan hay\nmucho que contar. Gracias por el aprendizaje. Hay que seguir, pues total, como dec\u00edas,\n<em>qu\u00e9 tanto es tantititooooo<\/em>.<\/p>\n","protected":false},"excerpt":{"rendered":"<p>Un recuerdo del escritor Armando Ram\u00edrez escrito por nuestra compa\u00f1era Angie Trujillo que comparti\u00f3 con \u00e9l trabajo y amistad\u2026<\/p>\n","protected":false},"author":34,"featured_media":20768,"comment_status":"open","ping_status":"open","sticky":false,"template":"","format":"standard","meta":{"wp_popup_display_lightbox":0,"wp_popup_suppress":"","wp_popup_trigger":"","wp_popup_trigger_amount":0,"wp_popup_disable_on_mobile":false,"footnotes":""},"categories":[3,43],"tags":[],"class_list":["post-20765","post","type-post","status-publish","format-standard","has-post-thumbnail","hentry","category-radiomexicointernacional","category-temas-de-mexico","category-3","category-43","description-off"],"_links":{"self":[{"href":"https:\/\/www.imer.mx\/rmi\/wp-json\/wp\/v2\/posts\/20765","targetHints":{"allow":["GET"]}}],"collection":[{"href":"https:\/\/www.imer.mx\/rmi\/wp-json\/wp\/v2\/posts"}],"about":[{"href":"https:\/\/www.imer.mx\/rmi\/wp-json\/wp\/v2\/types\/post"}],"author":[{"embeddable":true,"href":"https:\/\/www.imer.mx\/rmi\/wp-json\/wp\/v2\/users\/34"}],"replies":[{"embeddable":true,"href":"https:\/\/www.imer.mx\/rmi\/wp-json\/wp\/v2\/comments?post=20765"}],"version-history":[{"count":0,"href":"https:\/\/www.imer.mx\/rmi\/wp-json\/wp\/v2\/posts\/20765\/revisions"}],"wp:featuredmedia":[{"embeddable":true,"href":"https:\/\/www.imer.mx\/rmi\/wp-json\/wp\/v2\/media\/20768"}],"wp:attachment":[{"href":"https:\/\/www.imer.mx\/rmi\/wp-json\/wp\/v2\/media?parent=20765"}],"wp:term":[{"taxonomy":"category","embeddable":true,"href":"https:\/\/www.imer.mx\/rmi\/wp-json\/wp\/v2\/categories?post=20765"},{"taxonomy":"post_tag","embeddable":true,"href":"https:\/\/www.imer.mx\/rmi\/wp-json\/wp\/v2\/tags?post=20765"}],"curies":[{"name":"wp","href":"https:\/\/api.w.org\/{rel}","templated":true}]}}