{"id":20740,"date":"2019-07-12T20:37:50","date_gmt":"2019-07-13T01:37:50","guid":{"rendered":"https:\/\/www.imer.mx\/rmi\/?p=20740"},"modified":"2019-07-12T23:43:56","modified_gmt":"2019-07-13T04:43:56","slug":"etiopia-rostros-ancestrales-y-lugares-sagrados-exposicion-en-las-rejas-de-chapultepec","status":"publish","type":"post","link":"https:\/\/www.imer.mx\/rmi\/etiopia-rostros-ancestrales-y-lugares-sagrados-exposicion-en-las-rejas-de-chapultepec\/","title":{"rendered":"\u201cEtiop\u00eda: rostros ancestrales y lugares sagrados\u201d, exposici\u00f3n en Las Rejas de Chapultepec."},"content":{"rendered":"\n<p><\/p>\n\n\n\n<figure class=\"wp-block-audio\"><audio controls src=\"https:\/\/www.imer.mx\/rmi\/wp-content\/uploads\/sites\/3\/2019\/07\/Entrevista-Expo-Etiopia-OK.mp3\"><\/audio><\/figure>\n\n\n\n<div class=\"wp-block-image\"><figure class=\"alignleft is-resized\"><img loading=\"lazy\" decoding=\"async\" src=\"https:\/\/www.imer.mx\/rmi\/wp-content\/uploads\/sites\/3\/2019\/07\/Etiopi\u0301a_Prensa_03-684x1024.jpg\" alt=\"\" class=\"wp-image-20744\" width=\"342\" height=\"512\" srcset=\"https:\/\/www.imer.mx\/rmi\/wp-content\/uploads\/sites\/3\/2019\/07\/Etiopi\u0301a_Prensa_03-684x1024.jpg 684w, https:\/\/www.imer.mx\/rmi\/wp-content\/uploads\/sites\/3\/2019\/07\/Etiopi\u0301a_Prensa_03-201x300.jpg 201w, https:\/\/www.imer.mx\/rmi\/wp-content\/uploads\/sites\/3\/2019\/07\/Etiopi\u0301a_Prensa_03-768x1149.jpg 768w, https:\/\/www.imer.mx\/rmi\/wp-content\/uploads\/sites\/3\/2019\/07\/Etiopi\u0301a_Prensa_03.jpg 802w\" sizes=\"auto, (max-width: 342px) 100vw, 342px\" \/><\/figure><\/div>\n\n\n\n<p>El fot\u00f3grafo Rodrigo Jard\u00f3n estuvo en entrevista en la cabina de Radio M\u00e9xico Internacional, acompa\u00f1ado de la gestora cultural Ana Cecilia Martorell para hablar sobre la exposici\u00f3n \u201cEtiop\u00eda: rostros ancestrales y lugares sagrados\u201d que se presentar\u00e1 del 13 de julio al 18 de agosto en la Galer\u00eda al Aire Libre Rejas de Chapultepec en la Ciudad de M\u00e9xico. Se trata de 58 fotograf\u00edas de diferentes momentos y lugares de Etiop\u00eda en las que cada peat\u00f3n o automovilista podr\u00e1 encontrar, en un recorrido por Paseo de la Reforma,  un fragmento de la compleja realidad de ese singular  pa\u00eds africano.<\/p>\n\n\n\n<p>Esta\nexposici\u00f3n es por dem\u00e1s relevante puesto que se da en el marco de la\nconmemoraci\u00f3n de los 70 a\u00f1os de las relaciones diplom\u00e1ticas entre M\u00e9xico y\nEtiop\u00eda, hecho que se remonta al apoyo de nuestro pa\u00eds al estado africano\ndurante la invasi\u00f3n italiana en el periodo de Mussolini.<\/p>\n\n\n\n<p>Invitamos\na nuestros radioescuchas a que asistan a la inauguraci\u00f3n el s\u00e1bado 13 de julio al\nmedio d\u00eda frente al Museo Tamayo. La exposici\u00f3n est\u00e1 dividida en tres\nsecciones. No hay una forma impuesta para recorrerla, el visitante puede iniciar\nen cualquier sentido de avenida Paseo de la Reforma.<\/p>\n\n\n\n<p>Al pie\nde cada foto hay textos de Gerardo Zapata quien realiz\u00f3 una investigaci\u00f3n de la\ncultura et\u00edope, tambi\u00e9n hay dos textos introductorios uno del secretario de\ncultura de la CDMX, Jos\u00e9\nAlfonso Su\u00e1rez del Real y Aguilera y otro del director de Radio\nUNAM, Benito Taibo. <\/p>\n","protected":false},"excerpt":{"rendered":"<p>El fot\u00f3grafo Rodrigo Jard\u00f3n estuvo en entrevista en la cabina de Radio M\u00e9xico Internacional, acompa\u00f1ado de la gestora cultural Ana Cecilia Martorell para hablar sobre la exposici\u00f3n \u201cEtiopia: rostros ancestrales y lugares sagrados\u201d.<\/p>\n","protected":false},"author":34,"featured_media":20745,"comment_status":"open","ping_status":"open","sticky":false,"template":"","format":"standard","meta":{"wp_popup_display_lightbox":0,"wp_popup_suppress":"","wp_popup_trigger":"","wp_popup_trigger_amount":0,"wp_popup_disable_on_mobile":false,"footnotes":""},"categories":[9,3],"tags":[],"class_list":["post-20740","post","type-post","status-publish","format-standard","has-post-thumbnail","hentry","category-entrevistas","category-radiomexicointernacional","category-9","category-3","description-off"],"_links":{"self":[{"href":"https:\/\/www.imer.mx\/rmi\/wp-json\/wp\/v2\/posts\/20740","targetHints":{"allow":["GET"]}}],"collection":[{"href":"https:\/\/www.imer.mx\/rmi\/wp-json\/wp\/v2\/posts"}],"about":[{"href":"https:\/\/www.imer.mx\/rmi\/wp-json\/wp\/v2\/types\/post"}],"author":[{"embeddable":true,"href":"https:\/\/www.imer.mx\/rmi\/wp-json\/wp\/v2\/users\/34"}],"replies":[{"embeddable":true,"href":"https:\/\/www.imer.mx\/rmi\/wp-json\/wp\/v2\/comments?post=20740"}],"version-history":[{"count":0,"href":"https:\/\/www.imer.mx\/rmi\/wp-json\/wp\/v2\/posts\/20740\/revisions"}],"wp:featuredmedia":[{"embeddable":true,"href":"https:\/\/www.imer.mx\/rmi\/wp-json\/wp\/v2\/media\/20745"}],"wp:attachment":[{"href":"https:\/\/www.imer.mx\/rmi\/wp-json\/wp\/v2\/media?parent=20740"}],"wp:term":[{"taxonomy":"category","embeddable":true,"href":"https:\/\/www.imer.mx\/rmi\/wp-json\/wp\/v2\/categories?post=20740"},{"taxonomy":"post_tag","embeddable":true,"href":"https:\/\/www.imer.mx\/rmi\/wp-json\/wp\/v2\/tags?post=20740"}],"curies":[{"name":"wp","href":"https:\/\/api.w.org\/{rel}","templated":true}]}}