{"id":20737,"date":"2019-07-12T20:35:16","date_gmt":"2019-07-13T01:35:16","guid":{"rendered":"https:\/\/www.imer.mx\/rmi\/?p=20737"},"modified":"2019-07-12T23:36:11","modified_gmt":"2019-07-13T04:36:11","slug":"radio-cafetal-ritmos-cubanos-presenta-el-primero","status":"publish","type":"post","link":"https:\/\/www.imer.mx\/rmi\/radio-cafetal-ritmos-cubanos-presenta-el-primero\/","title":{"rendered":"Radio Cafetal Ritmos cubanos presenta \u201cEl primero\u201d."},"content":{"rendered":"\n<p><\/p>\n\n\n\n<figure class=\"wp-block-audio\"><audio controls src=\"https:\/\/www.imer.mx\/rmi\/wp-content\/uploads\/sites\/3\/2019\/07\/ENTREVISTA-RADIO-CAFETAL-11JULIO2019.mp3\"><\/audio><\/figure>\n\n\n\n<div class=\"wp-block-image\"><figure class=\"alignleft is-resized\"><img loading=\"lazy\" decoding=\"async\" src=\"https:\/\/www.imer.mx\/rmi\/wp-content\/uploads\/sites\/3\/2019\/07\/Radio-Cafetal.jpg\" alt=\"\" class=\"wp-image-20747\" width=\"235\" height=\"251\" srcset=\"https:\/\/www.imer.mx\/rmi\/wp-content\/uploads\/sites\/3\/2019\/07\/Radio-Cafetal.jpg 469w, https:\/\/www.imer.mx\/rmi\/wp-content\/uploads\/sites\/3\/2019\/07\/Radio-Cafetal-280x300.jpg 280w\" sizes=\"auto, (max-width: 235px) 100vw, 235px\" \/><\/figure><\/div>\n\n\n\n<p>Todo\nel sabor y la frescura de los ritmos caribe\u00f1os llegaron a la cabina de Radio\nM\u00e9xico Internacional con la visita del proyecto \u201cRadio Cafetal. Ritmos Cubanos\u201d.\nKarina Figueroa y Miguel Carl\u00f3n Vega estuvieron conversando con nuestra\ncompa\u00f1era Rita Abreu sobre su primer material discogr\u00e1fico intitulado, muy\nadecuadamente: El primero.<\/p>\n\n\n\n<p>El\nnombre de Radio Cafetal. Ritmos Cubanos fue una idea de Karina Figueroa, voz\nprincipal y fundadora del grupo, porque record\u00f3 que es justo en la radio donde\nconoci\u00f3 la m\u00fasica que le apasiona y porque el caf\u00e9 es algo que une a Cuba y\nVeracruz, lugar del que ella es originaria.<\/p>\n\n\n\n<p>Este\ndisco concentra cinco a\u00f1os de trabajo y de dedicaci\u00f3n. En el caso del\npercusionista Miguel Carl\u00f3n Vega, cont\u00f3 que viaj\u00f3 a Cuba para aprender de\nestilos y t\u00e9cnicas; mientras que Karina Figueroa tom\u00f3 clases de canto y\ncontinu\u00f3 escuchando a sus grandes inspiraciones: Celina Gonz\u00e1lez y Celia Cruz.<\/p>\n\n\n\n<p>Todo el p\u00fablico est\u00e1 invitado a la presentaci\u00f3n de este disco el s\u00e1bado 13 de junio en el Museo Nacional de Culturas Populares al filo de las 19:00 hrs. La m\u00fasica sonar\u00e1 con todo el talento de Radio Cafetal Ritmos Cubanos y participar\u00e1n tambi\u00e9n las decimistas: Melania Jim\u00e9nez Reyes y Citlali Malpica. Dejamos aqu\u00ed el podcast de la entrevista y les recordamos que el Museo se ubica en Av. Hidalgo #289, Col del Carmen en el Centro de Coyoac\u00e1n. \u00a1Ah\u00ed nos vemos! \u00a1Felicidades a Radio Cafetal y lo mejor para este disco!<\/p>\n","protected":false},"excerpt":{"rendered":"<p>Todo el sabor y la frescura de los ritmos caribe\u00f1os llegaron a la cabina de Radio M\u00e9xico Internacional con la visita del proyecto \u201cRadio Cafetal. Ritmos Cubanos\u201d.<\/p>\n","protected":false},"author":34,"featured_media":20746,"comment_status":"open","ping_status":"open","sticky":false,"template":"","format":"standard","meta":{"wp_popup_display_lightbox":0,"wp_popup_suppress":"","wp_popup_trigger":"","wp_popup_trigger_amount":0,"wp_popup_disable_on_mobile":false,"footnotes":""},"categories":[9,3],"tags":[],"class_list":["post-20737","post","type-post","status-publish","format-standard","has-post-thumbnail","hentry","category-entrevistas","category-radiomexicointernacional","category-9","category-3","description-off"],"_links":{"self":[{"href":"https:\/\/www.imer.mx\/rmi\/wp-json\/wp\/v2\/posts\/20737","targetHints":{"allow":["GET"]}}],"collection":[{"href":"https:\/\/www.imer.mx\/rmi\/wp-json\/wp\/v2\/posts"}],"about":[{"href":"https:\/\/www.imer.mx\/rmi\/wp-json\/wp\/v2\/types\/post"}],"author":[{"embeddable":true,"href":"https:\/\/www.imer.mx\/rmi\/wp-json\/wp\/v2\/users\/34"}],"replies":[{"embeddable":true,"href":"https:\/\/www.imer.mx\/rmi\/wp-json\/wp\/v2\/comments?post=20737"}],"version-history":[{"count":0,"href":"https:\/\/www.imer.mx\/rmi\/wp-json\/wp\/v2\/posts\/20737\/revisions"}],"wp:featuredmedia":[{"embeddable":true,"href":"https:\/\/www.imer.mx\/rmi\/wp-json\/wp\/v2\/media\/20746"}],"wp:attachment":[{"href":"https:\/\/www.imer.mx\/rmi\/wp-json\/wp\/v2\/media?parent=20737"}],"wp:term":[{"taxonomy":"category","embeddable":true,"href":"https:\/\/www.imer.mx\/rmi\/wp-json\/wp\/v2\/categories?post=20737"},{"taxonomy":"post_tag","embeddable":true,"href":"https:\/\/www.imer.mx\/rmi\/wp-json\/wp\/v2\/tags?post=20737"}],"curies":[{"name":"wp","href":"https:\/\/api.w.org\/{rel}","templated":true}]}}