{"id":20447,"date":"2019-03-12T17:58:47","date_gmt":"2019-03-12T23:58:47","guid":{"rendered":"https:\/\/www.imer.mx\/rmi\/?p=20447"},"modified":"2019-06-17T14:11:14","modified_gmt":"2019-06-17T19:11:14","slug":"canto-y-piano-en-el-museo-jose-luis-cuevas","status":"publish","type":"post","link":"https:\/\/www.imer.mx\/rmi\/canto-y-piano-en-el-museo-jose-luis-cuevas\/","title":{"rendered":"Canto y piano en el Museo Jos\u00e9 Luis Cuevas."},"content":{"rendered":"\n<figure class=\"wp-block-audio\"><audio controls src=\"https:\/\/www.imer.mx\/rmi\/wp-content\/uploads\/sites\/3\/2019\/06\/Entrevista-Odise-Reyes-10-junio-2019-ok-ok.mp3\"><\/audio><\/figure>\n\n\n\n<div class=\"wp-block-image\"><figure class=\"alignleft is-resized\"><img loading=\"lazy\" decoding=\"async\" src=\"https:\/\/www.imer.mx\/rmi\/wp-content\/uploads\/sites\/3\/2019\/06\/Canto-y-piano-1024x768.jpg\" alt=\"\" class=\"wp-image-20449\" width=\"256\" height=\"192\" srcset=\"https:\/\/www.imer.mx\/rmi\/wp-content\/uploads\/sites\/3\/2019\/06\/Canto-y-piano.jpg 1024w, https:\/\/www.imer.mx\/rmi\/wp-content\/uploads\/sites\/3\/2019\/06\/Canto-y-piano-300x225.jpg 300w, https:\/\/www.imer.mx\/rmi\/wp-content\/uploads\/sites\/3\/2019\/06\/Canto-y-piano-768x576.jpg 768w\" sizes=\"auto, (max-width: 256px) 100vw, 256px\" \/><\/figure><\/div>\n\n\n\n<p>En\nd\u00edas recientes recibimos la visita, en la cabina de RMI, de dos m\u00fasicos\ntalentosos, el tenor mexicano, Odiseo Reyes y el pianista argentino, Gabriel\nPaz, que conversaron con nuestra compa\u00f1era Rita Abreu acerca de una propuesta art\u00edstica\nde gran belleza que invitan a nuestro p\u00fablico a conocer.<\/p>\n\n\n\n<p>Se\ntrata del proyecto \u201cCanto y piano\u201d, que se presentar\u00e1 el jueves 13 de junio en\nel Museo Jos\u00e9 Luis Cueva en el Centro Hist\u00f3rico de la Ciudad de M\u00e9xico. Est\u00e1\nintegrado por dos ciclos musicales: \u201cLa bella molinera\u201d c\u00e9lebre conjunto de\nlieder de Franz Schubert y una serie de sonetos de William Shakespeare. La idea\nsurgi\u00f3 como una suerte de homenaje a los m\u00fasicos cubanos Hilario Gonz\u00e1lez y\nMayda Prado. El primero musicaliz\u00f3 los sonetos de Shakespeare, la segunda, que\nfue maestra de canto de Odiseo y alumna de Mar\u00eda Callas, cant\u00f3 algunos de\nellos.<\/p>\n\n\n\n<p>\u201cCanto\ny piano\u201d se presentar\u00e1 el jueves 13 de junio en el Museo Jos\u00e9 Luis Cuevas en\npunto de las 19 horas. Est\u00e1 ubicado en la calle Academia N\u00b0 13. Les\nrecomendamos escuchen la entrevista con Odiseo y Gabriel para que no se pierdan\nning\u00fan detalle de esta interesante propuesta. <\/p>\n","protected":false},"excerpt":{"rendered":"<p>En d\u00edas recientes recibimos la visita, en la cabina de RMI, de dos m\u00fasicos talentosos, el tenor mexicano, Odiseo Reyes y el pianista argentino, Gabriel Paz<\/p>\n","protected":false},"author":34,"featured_media":20450,"comment_status":"open","ping_status":"open","sticky":false,"template":"","format":"standard","meta":{"wp_popup_display_lightbox":0,"wp_popup_suppress":"","wp_popup_trigger":"","wp_popup_trigger_amount":0,"wp_popup_disable_on_mobile":false,"footnotes":""},"categories":[9,3],"tags":[],"class_list":["post-20447","post","type-post","status-publish","format-standard","has-post-thumbnail","hentry","category-entrevistas","category-radiomexicointernacional","category-9","category-3","description-off"],"_links":{"self":[{"href":"https:\/\/www.imer.mx\/rmi\/wp-json\/wp\/v2\/posts\/20447","targetHints":{"allow":["GET"]}}],"collection":[{"href":"https:\/\/www.imer.mx\/rmi\/wp-json\/wp\/v2\/posts"}],"about":[{"href":"https:\/\/www.imer.mx\/rmi\/wp-json\/wp\/v2\/types\/post"}],"author":[{"embeddable":true,"href":"https:\/\/www.imer.mx\/rmi\/wp-json\/wp\/v2\/users\/34"}],"replies":[{"embeddable":true,"href":"https:\/\/www.imer.mx\/rmi\/wp-json\/wp\/v2\/comments?post=20447"}],"version-history":[{"count":0,"href":"https:\/\/www.imer.mx\/rmi\/wp-json\/wp\/v2\/posts\/20447\/revisions"}],"wp:featuredmedia":[{"embeddable":true,"href":"https:\/\/www.imer.mx\/rmi\/wp-json\/wp\/v2\/media\/20450"}],"wp:attachment":[{"href":"https:\/\/www.imer.mx\/rmi\/wp-json\/wp\/v2\/media?parent=20447"}],"wp:term":[{"taxonomy":"category","embeddable":true,"href":"https:\/\/www.imer.mx\/rmi\/wp-json\/wp\/v2\/categories?post=20447"},{"taxonomy":"post_tag","embeddable":true,"href":"https:\/\/www.imer.mx\/rmi\/wp-json\/wp\/v2\/tags?post=20447"}],"curies":[{"name":"wp","href":"https:\/\/api.w.org\/{rel}","templated":true}]}}