{"id":20113,"date":"2019-05-20T23:24:39","date_gmt":"2019-05-21T04:24:39","guid":{"rendered":"https:\/\/www.imer.mx\/rmi\/?p=20113"},"modified":"2019-05-30T12:59:53","modified_gmt":"2019-05-30T17:59:53","slug":"ciencia-joven-abre-la-conversacion-en-la-fes-aragon","status":"publish","type":"post","link":"https:\/\/www.imer.mx\/rmi\/ciencia-joven-abre-la-conversacion-en-la-fes-aragon\/","title":{"rendered":"Ciencia Joven abre la conversaci\u00f3n en la FES Arag\u00f3n"},"content":{"rendered":"\n<p style=\"text-align:right\">Por\nDavid Mej\u00eda<\/p>\n\n\n\n<div class=\"wp-block-image\"><figure class=\"alignleft is-resized\"><img loading=\"lazy\" decoding=\"async\" src=\"https:\/\/www.imer.mx\/rmi\/wp-content\/uploads\/sites\/3\/2019\/05\/1-1024x683.jpg\" alt=\"\" class=\"wp-image-20114\" width=\"256\" height=\"171\" srcset=\"https:\/\/www.imer.mx\/rmi\/wp-content\/uploads\/sites\/3\/2019\/05\/1.jpg 1024w, https:\/\/www.imer.mx\/rmi\/wp-content\/uploads\/sites\/3\/2019\/05\/1-300x200.jpg 300w, https:\/\/www.imer.mx\/rmi\/wp-content\/uploads\/sites\/3\/2019\/05\/1-768x512.jpg 768w\" sizes=\"auto, (max-width: 256px) 100vw, 256px\" \/><\/figure><\/div>\n\n\n\n<p>El equipo de producci\u00f3n del programa \u201cCiencia Joven\u201d, del\nInstituto Mexicano de la Radio, fue invitado por parte de la Facultad de\nEstudios Superiores plantel Arag\u00f3n, de la UNAM, para ofrecer una mesa redonda\nque abriera la conversaci\u00f3n sobre el papel de los medios de comunicaci\u00f3n en la\ngeneraci\u00f3n de contenidos especializados en materia de divulgaci\u00f3n de la ciencia\nen M\u00e9xico. Esto, en el marco de la Primera Jornada de Comunicaci\u00f3n de la\nCiencia y Apropiaci\u00f3n Social, celebrada la tarde del 14 de mayo en el Auditorio\ndel Centro Tecnol\u00f3gico de dicho plantel. <\/p>\n\n\n\n<p>Rogelio Castro Hern\u00e1ndez, conductor; y Jos\u00e9 de Jes\u00fas S\u00e1nchez, productor; expusieron frente a la comunidad universitaria el proceso radiof\u00f3nico que hay detr\u00e1s de la elaboraci\u00f3n de Ciencia Joven. Asimismo, hicieron hincapi\u00e9 en el rigor period\u00edstico que requiere la labor informativa a partir de la investigaci\u00f3n, la consulta de fuentes informativas y la consecuci\u00f3n de entrevistas, elementos que en conjunto han hecho del programa un espacio importante para la difusi\u00f3n de los proyectos cient\u00edficos y acad\u00e9micos emprendidos por j\u00f3venes mexicanos en los \u00faltimos dos a\u00f1os. <\/p>\n\n\n\n<ul class=\"wp-block-gallery columns-4 is-cropped wp-block-gallery-1 is-layout-flex wp-block-gallery-is-layout-flex\"><li class=\"blocks-gallery-item\"><figure><img loading=\"lazy\" decoding=\"async\" width=\"1024\" height=\"683\" src=\"https:\/\/www.imer.mx\/rmi\/wp-content\/uploads\/sites\/3\/2019\/05\/5-1024x683.jpg\" alt=\"\" data-id=\"20118\" data-link=\"https:\/\/www.imer.mx\/rmi\/?attachment_id=20118\" class=\"wp-image-20118\" srcset=\"https:\/\/www.imer.mx\/rmi\/wp-content\/uploads\/sites\/3\/2019\/05\/5.jpg 1024w, https:\/\/www.imer.mx\/rmi\/wp-content\/uploads\/sites\/3\/2019\/05\/5-300x200.jpg 300w, https:\/\/www.imer.mx\/rmi\/wp-content\/uploads\/sites\/3\/2019\/05\/5-768x512.jpg 768w\" sizes=\"auto, (max-width: 1024px) 100vw, 1024px\" \/><\/figure><\/li><li class=\"blocks-gallery-item\"><figure><img loading=\"lazy\" decoding=\"async\" width=\"1024\" height=\"683\" src=\"https:\/\/www.imer.mx\/rmi\/wp-content\/uploads\/sites\/3\/2019\/05\/3-1024x683.jpg\" alt=\"\" data-id=\"20116\" data-link=\"https:\/\/www.imer.mx\/rmi\/?attachment_id=20116\" class=\"wp-image-20116\" srcset=\"https:\/\/www.imer.mx\/rmi\/wp-content\/uploads\/sites\/3\/2019\/05\/3.jpg 1024w, https:\/\/www.imer.mx\/rmi\/wp-content\/uploads\/sites\/3\/2019\/05\/3-300x200.jpg 300w, https:\/\/www.imer.mx\/rmi\/wp-content\/uploads\/sites\/3\/2019\/05\/3-768x512.jpg 768w\" sizes=\"auto, (max-width: 1024px) 100vw, 1024px\" \/><\/figure><\/li><li class=\"blocks-gallery-item\"><figure><img loading=\"lazy\" decoding=\"async\" width=\"1024\" height=\"683\" src=\"https:\/\/www.imer.mx\/rmi\/wp-content\/uploads\/sites\/3\/2019\/05\/2-1024x683.jpg\" alt=\"\" data-id=\"20115\" data-link=\"https:\/\/www.imer.mx\/rmi\/?attachment_id=20115\" class=\"wp-image-20115\" srcset=\"https:\/\/www.imer.mx\/rmi\/wp-content\/uploads\/sites\/3\/2019\/05\/2.jpg 1024w, https:\/\/www.imer.mx\/rmi\/wp-content\/uploads\/sites\/3\/2019\/05\/2-300x200.jpg 300w, https:\/\/www.imer.mx\/rmi\/wp-content\/uploads\/sites\/3\/2019\/05\/2-768x512.jpg 768w\" sizes=\"auto, (max-width: 1024px) 100vw, 1024px\" \/><\/figure><\/li><li class=\"blocks-gallery-item\"><figure><img loading=\"lazy\" decoding=\"async\" width=\"1024\" height=\"683\" src=\"https:\/\/www.imer.mx\/rmi\/wp-content\/uploads\/sites\/3\/2019\/05\/4-1024x683.jpg\" alt=\"\" data-id=\"20117\" data-link=\"https:\/\/www.imer.mx\/rmi\/?attachment_id=20117\" class=\"wp-image-20117\" srcset=\"https:\/\/www.imer.mx\/rmi\/wp-content\/uploads\/sites\/3\/2019\/05\/4.jpg 1024w, https:\/\/www.imer.mx\/rmi\/wp-content\/uploads\/sites\/3\/2019\/05\/4-300x200.jpg 300w, https:\/\/www.imer.mx\/rmi\/wp-content\/uploads\/sites\/3\/2019\/05\/4-768x512.jpg 768w\" sizes=\"auto, (max-width: 1024px) 100vw, 1024px\" \/><\/figure><\/li><\/ul>\n\n\n\n<p>Edgar Gabriel Lara Granados, jefe de la carrera de\nComunicaci\u00f3n y Periodismo en la FES Arag\u00f3n, destac\u00f3 el trabajo de Ciencia Joven\nen la promoci\u00f3n del razonamiento cient\u00edfico con un enfoque \u00e1gil y entretenido.\nDe igual forma exhort\u00f3 a los universitarios a involucrarse en el quehacer\nradiof\u00f3nico a partir de las bases metodol\u00f3gicas de la comunicaci\u00f3n y el\nperiodismo. En este sentido, Rogelio Castro describi\u00f3 el panorama de la radio\nmexicana en el que predominan los contenidos pol\u00edticos y musicales, enfatizando\n\u201cla importancia que los medios de comunicaci\u00f3n tienen, una responsabilidad y\nsatisfacci\u00f3n de difundir la ciencia\u201d. \n\nFinalmente, Jos\u00e9 de Jes\u00fas S\u00e1nchez invit\u00f3 a\nrevalorar el papel de la radio como medio de comunicaci\u00f3n inmediato frente a\nlas plataformas multimedia de hoy en d\u00eda. Al t\u00e9rmino de su ponencia, el equipo\nde producci\u00f3n de Ciencia Joven recibi\u00f3 un reconocimiento por su participaci\u00f3n\nen la Primera Jornada de Comunicaci\u00f3n de la Ciencia y Apropiaci\u00f3n social, en un\nejercicio por socializar el conocimiento como tarea fundamental del IMER.\n\n\n\n<\/p>\n","protected":false},"excerpt":{"rendered":"<p>El equipo de producci\u00f3n del programa \u201cCiencia Joven\u201d, del Instituto Mexicano de la Radio, fue invitado por parte de la Facultad de Estudios Superiores plantel Arag\u00f3n, de la UNAM, para ofrecer una mesa redonda que abriera la conversaci\u00f3n sobre el papel de los medios de comunicaci\u00f3n en la generaci\u00f3n de contenidos especializados en materia de divulgaci\u00f3n de la ciencia en M\u00e9xico.<\/p>\n","protected":false},"author":34,"featured_media":20119,"comment_status":"open","ping_status":"open","sticky":false,"template":"","format":"standard","meta":{"wp_popup_display_lightbox":0,"wp_popup_suppress":"","wp_popup_trigger":"","wp_popup_trigger_amount":0,"wp_popup_disable_on_mobile":false,"footnotes":""},"categories":[8,3],"tags":[],"class_list":["post-20113","post","type-post","status-publish","format-standard","has-post-thumbnail","hentry","category-destacados","category-radiomexicointernacional","category-8","category-3","description-off"],"_links":{"self":[{"href":"https:\/\/www.imer.mx\/rmi\/wp-json\/wp\/v2\/posts\/20113","targetHints":{"allow":["GET"]}}],"collection":[{"href":"https:\/\/www.imer.mx\/rmi\/wp-json\/wp\/v2\/posts"}],"about":[{"href":"https:\/\/www.imer.mx\/rmi\/wp-json\/wp\/v2\/types\/post"}],"author":[{"embeddable":true,"href":"https:\/\/www.imer.mx\/rmi\/wp-json\/wp\/v2\/users\/34"}],"replies":[{"embeddable":true,"href":"https:\/\/www.imer.mx\/rmi\/wp-json\/wp\/v2\/comments?post=20113"}],"version-history":[{"count":0,"href":"https:\/\/www.imer.mx\/rmi\/wp-json\/wp\/v2\/posts\/20113\/revisions"}],"wp:featuredmedia":[{"embeddable":true,"href":"https:\/\/www.imer.mx\/rmi\/wp-json\/wp\/v2\/media\/20119"}],"wp:attachment":[{"href":"https:\/\/www.imer.mx\/rmi\/wp-json\/wp\/v2\/media?parent=20113"}],"wp:term":[{"taxonomy":"category","embeddable":true,"href":"https:\/\/www.imer.mx\/rmi\/wp-json\/wp\/v2\/categories?post=20113"},{"taxonomy":"post_tag","embeddable":true,"href":"https:\/\/www.imer.mx\/rmi\/wp-json\/wp\/v2\/tags?post=20113"}],"curies":[{"name":"wp","href":"https:\/\/api.w.org\/{rel}","templated":true}]}}