{"id":19912,"date":"2019-04-24T07:31:11","date_gmt":"2019-04-24T12:31:11","guid":{"rendered":"https:\/\/www.imer.mx\/rmi\/?p=19912"},"modified":"2019-04-29T15:52:22","modified_gmt":"2019-04-29T20:52:22","slug":"la-sombra-del-caudillo-en-el-dia-mundial-del-libro","status":"publish","type":"post","link":"https:\/\/www.imer.mx\/rmi\/la-sombra-del-caudillo-en-el-dia-mundial-del-libro\/","title":{"rendered":"La Sombra del Caudillo en el D\u00eda Mundial del Libro."},"content":{"rendered":"\n<p class=\"has-medium-font-size\"><strong>Escucha a Paco Ignacio Taibo II,  Benjam\u00edn Gonz\u00e1lez y  Francisco P\u00e9rez Arce <\/strong><\/p>\n\n\n\n<figure class=\"wp-block-audio\"><audio controls src=\"https:\/\/www.imer.mx\/rmi\/wp-content\/uploads\/sites\/3\/2019\/04\/phoner-El-dia-internacional-del-libro-ok-ok.mp3\"><\/audio><\/figure>\n\n\n\n<p><\/p>\n\n\n\n<div class=\"wp-block-image\"><figure class=\"alignleft is-resized\"><img loading=\"lazy\" decoding=\"async\" src=\"https:\/\/www.imer.mx\/rmi\/wp-content\/uploads\/sites\/3\/2019\/04\/4773-1-683x1024.jpg\" alt=\"\" class=\"wp-image-19915\" width=\"171\" height=\"256\" srcset=\"https:\/\/www.imer.mx\/rmi\/wp-content\/uploads\/sites\/3\/2019\/04\/4773-1.jpg 683w, https:\/\/www.imer.mx\/rmi\/wp-content\/uploads\/sites\/3\/2019\/04\/4773-1-200x300.jpg 200w\" sizes=\"auto, (max-width: 171px) 100vw, 171px\" \/><\/figure><\/div>\n\n\n\n<p>El libro es la m\u00e1s extraordinaria herramienta que hemos inventado los seres humanos. Es un apoyo para la inteligencia, un veh\u00edculo para la imaginaci\u00f3n, una potente m\u00e1quina del tiempo que permite que las voces de cientos de hombres y mujeres traspasen la barrera de los siglos. Pero, para que los libros cumplan su funci\u00f3n, para que lleven sus relatos y sus ideas ante cientos y miles de personas, hace falta que viajen de mano en mano, que encuentren lectores atentos, en fin: hace falta que se compartan. Por esta raz\u00f3n el Fondo de Cultura Econ\u00f3mica y el Gobierno de la Ciudad de M\u00e9xico organizaron una entrega gratuita de libros en las inmediaciones del \u00c1ngel de la Independencia, en el Paseo de la Reforma, para festejar el D\u00eda Mundial de Libro y el Derecho de Autor. Se eligi\u00f3 un t\u00edtulo fundamental de la literatura del siglo XX mexicano. Una obra cargada de simbolismo que refleja un momento muy singular de la historia de nuestro pa\u00eds. Un libro que fue prohibido, perseguido, se\u00f1alado, temido. Se trata de \u201cLa Sombra del Caudillo\u201d, la obra m\u00e1s importante de Mart\u00edn Luis Guzm\u00e1n, escritor nacido en Chihuahua en 1887 y muerto en el a\u00f1o 1976, tras una intensa vida que lo llev\u00f3 a participar directamente en la Revoluci\u00f3n Mexicana, dentro de las tropas y como secretario particular de Francisco Villa. Cuatro mil ejemplares de una edici\u00f3n especial del FCE de \u201cLa Sombra del Caudillo\u201d, fueron puestos en las manos de los ciudadanos y ciudadanas que los solicitaron. Seguramente estos cuatro mil libros encontrar\u00e1n en ellos a los lectores atentos e inquietos que una obra de esta naturaleza necesita.<\/p>\n\n\n<p><\/p>\n<p><\/p>\n<p><!--StartFragment--><\/p>\n<p>\n<\/p><p><!--StartFragment--><\/p>\n\n\n<div class=\"wp-block-image\"><figure class=\"alignleft is-resized\"><img loading=\"lazy\" decoding=\"async\" src=\"https:\/\/www.imer.mx\/rmi\/wp-content\/uploads\/sites\/3\/2019\/04\/4793-1024x683.jpg\" alt=\"\" class=\"wp-image-19918\" width=\"256\" height=\"171\" srcset=\"https:\/\/www.imer.mx\/rmi\/wp-content\/uploads\/sites\/3\/2019\/04\/4793.jpg 1024w, https:\/\/www.imer.mx\/rmi\/wp-content\/uploads\/sites\/3\/2019\/04\/4793-300x200.jpg 300w, https:\/\/www.imer.mx\/rmi\/wp-content\/uploads\/sites\/3\/2019\/04\/4793-768x512.jpg 768w\" sizes=\"auto, (max-width: 256px) 100vw, 256px\" \/><\/figure><\/div>\n\n\n\n<p>\n\nRadio M\u00e9xico Internacional estuvo presente en la ceremonia que abri\u00f3 esta entrega de libros y recogimos las palabras de Paco Ignacio Taibo II, Director del Fondo de Cultura Econ\u00f3mica; de Benjam\u00edn Gonz\u00e1lez, Director General de Vinculaci\u00f3n Cultural Comunitaria del Gobierno de la Ciudad de M\u00e9xico; y de Francisco P\u00e9rez Arce, Coordinador Editorial del Fondo de Cultura Econ\u00f3mica. Compartimos con ustedes los audios de sus intervenciones y algunas im\u00e1genes del evento.\n\n<\/p>\n\n\n<p><!--EndFragment--><\/p>\n<p><\/p>\n<p><!--EndFragment--><\/p>\n<p><\/p>\n<p><!--EndFragment--><\/p>\n<p><\/p>\n\n\n<p> <\/p>\n\n\n\n<p><\/p>\n\n\n\n<ul class=\"wp-block-gallery columns-4 is-cropped wp-block-gallery-1 is-layout-flex wp-block-gallery-is-layout-flex\"><li class=\"blocks-gallery-item\"><figure><img loading=\"lazy\" decoding=\"async\" width=\"683\" height=\"1024\" src=\"https:\/\/www.imer.mx\/rmi\/wp-content\/uploads\/sites\/3\/2019\/04\/4833-683x1024.jpg\" alt=\"\" data-id=\"19940\" data-link=\"https:\/\/www.imer.mx\/rmi\/?attachment_id=19940\" class=\"wp-image-19940\" srcset=\"https:\/\/www.imer.mx\/rmi\/wp-content\/uploads\/sites\/3\/2019\/04\/4833.jpg 683w, https:\/\/www.imer.mx\/rmi\/wp-content\/uploads\/sites\/3\/2019\/04\/4833-200x300.jpg 200w\" sizes=\"auto, (max-width: 683px) 100vw, 683px\" \/><\/figure><\/li><li class=\"blocks-gallery-item\"><figure><img loading=\"lazy\" decoding=\"async\" width=\"683\" height=\"1024\" src=\"https:\/\/www.imer.mx\/rmi\/wp-content\/uploads\/sites\/3\/2019\/04\/4842-683x1024.jpg\" alt=\"\" data-id=\"19941\" data-link=\"https:\/\/www.imer.mx\/rmi\/?attachment_id=19941\" class=\"wp-image-19941\" srcset=\"https:\/\/www.imer.mx\/rmi\/wp-content\/uploads\/sites\/3\/2019\/04\/4842.jpg 683w, https:\/\/www.imer.mx\/rmi\/wp-content\/uploads\/sites\/3\/2019\/04\/4842-200x300.jpg 200w\" sizes=\"auto, (max-width: 683px) 100vw, 683px\" \/><\/figure><\/li><li class=\"blocks-gallery-item\"><figure><img loading=\"lazy\" decoding=\"async\" width=\"683\" height=\"1024\" src=\"https:\/\/www.imer.mx\/rmi\/wp-content\/uploads\/sites\/3\/2019\/04\/4852-683x1024.jpg\" alt=\"\" data-id=\"19942\" data-link=\"https:\/\/www.imer.mx\/rmi\/?attachment_id=19942\" class=\"wp-image-19942\" srcset=\"https:\/\/www.imer.mx\/rmi\/wp-content\/uploads\/sites\/3\/2019\/04\/4852-683x1024.jpg 683w, https:\/\/www.imer.mx\/rmi\/wp-content\/uploads\/sites\/3\/2019\/04\/4852-200x300.jpg 200w, https:\/\/www.imer.mx\/rmi\/wp-content\/uploads\/sites\/3\/2019\/04\/4852-768x1152.jpg 768w\" sizes=\"auto, (max-width: 683px) 100vw, 683px\" \/><\/figure><\/li><li class=\"blocks-gallery-item\"><figure><img loading=\"lazy\" decoding=\"async\" width=\"683\" height=\"1024\" src=\"https:\/\/www.imer.mx\/rmi\/wp-content\/uploads\/sites\/3\/2019\/04\/4871-683x1024.jpg\" alt=\"\" data-id=\"19943\" data-link=\"https:\/\/www.imer.mx\/rmi\/?attachment_id=19943\" class=\"wp-image-19943\" srcset=\"https:\/\/www.imer.mx\/rmi\/wp-content\/uploads\/sites\/3\/2019\/04\/4871-683x1024.jpg 683w, https:\/\/www.imer.mx\/rmi\/wp-content\/uploads\/sites\/3\/2019\/04\/4871-200x300.jpg 200w, https:\/\/www.imer.mx\/rmi\/wp-content\/uploads\/sites\/3\/2019\/04\/4871-768x1152.jpg 768w\" sizes=\"auto, (max-width: 683px) 100vw, 683px\" \/><\/figure><\/li><li class=\"blocks-gallery-item\"><figure><img loading=\"lazy\" decoding=\"async\" width=\"683\" height=\"1024\" src=\"https:\/\/www.imer.mx\/rmi\/wp-content\/uploads\/sites\/3\/2019\/04\/4856-683x1024.jpg\" alt=\"\" data-id=\"19925\" data-link=\"https:\/\/www.imer.mx\/rmi\/?attachment_id=19925\" class=\"wp-image-19925\" srcset=\"https:\/\/www.imer.mx\/rmi\/wp-content\/uploads\/sites\/3\/2019\/04\/4856.jpg 683w, https:\/\/www.imer.mx\/rmi\/wp-content\/uploads\/sites\/3\/2019\/04\/4856-200x300.jpg 200w\" sizes=\"auto, (max-width: 683px) 100vw, 683px\" \/><\/figure><\/li><li class=\"blocks-gallery-item\"><figure><img loading=\"lazy\" decoding=\"async\" width=\"683\" height=\"1024\" src=\"https:\/\/www.imer.mx\/rmi\/wp-content\/uploads\/sites\/3\/2019\/04\/4851-683x1024.jpg\" alt=\"\" data-id=\"19924\" data-link=\"https:\/\/www.imer.mx\/rmi\/?attachment_id=19924\" class=\"wp-image-19924\" srcset=\"https:\/\/www.imer.mx\/rmi\/wp-content\/uploads\/sites\/3\/2019\/04\/4851.jpg 683w, https:\/\/www.imer.mx\/rmi\/wp-content\/uploads\/sites\/3\/2019\/04\/4851-200x300.jpg 200w\" sizes=\"auto, (max-width: 683px) 100vw, 683px\" \/><\/figure><\/li><li class=\"blocks-gallery-item\"><figure><img loading=\"lazy\" decoding=\"async\" width=\"683\" height=\"1024\" src=\"https:\/\/www.imer.mx\/rmi\/wp-content\/uploads\/sites\/3\/2019\/04\/4847-683x1024.jpg\" alt=\"\" data-id=\"19923\" data-link=\"https:\/\/www.imer.mx\/rmi\/?attachment_id=19923\" class=\"wp-image-19923\" srcset=\"https:\/\/www.imer.mx\/rmi\/wp-content\/uploads\/sites\/3\/2019\/04\/4847.jpg 683w, https:\/\/www.imer.mx\/rmi\/wp-content\/uploads\/sites\/3\/2019\/04\/4847-200x300.jpg 200w\" sizes=\"auto, (max-width: 683px) 100vw, 683px\" \/><\/figure><\/li><\/ul>\n\n\n\n<p><\/p>\n\n\n\n<p><\/p>\n\n\n\n<p><\/p>\n\n\n\n<p><\/p>\n","protected":false},"excerpt":{"rendered":"<p>El Fondo de Cultura Econ\u00f3mica y el Gobierno de la Ciudad de M\u00e9xico organizaron una entrega gratuita de libros en las inmediaciones del \u00c1ngel de la Independencia, en el Paseo de la Reforma, para festejar el D\u00eda Mundial de Libro y el Derecho de Autor. Se eligi\u00f3 un t\u00edtulo fundamental de la literatura del siglo XX mexicano: \u201cLa Sombra del Caudillo\u201d de Mart\u00edn Luis Guzm\u00e1n. <\/p>\n","protected":false},"author":34,"featured_media":19927,"comment_status":"open","ping_status":"open","sticky":false,"template":"","format":"standard","meta":{"wp_popup_display_lightbox":0,"wp_popup_suppress":"","wp_popup_trigger":"","wp_popup_trigger_amount":0,"wp_popup_disable_on_mobile":false,"footnotes":""},"categories":[8,3],"tags":[],"class_list":["post-19912","post","type-post","status-publish","format-standard","has-post-thumbnail","hentry","category-destacados","category-radiomexicointernacional","category-8","category-3","description-off"],"_links":{"self":[{"href":"https:\/\/www.imer.mx\/rmi\/wp-json\/wp\/v2\/posts\/19912","targetHints":{"allow":["GET"]}}],"collection":[{"href":"https:\/\/www.imer.mx\/rmi\/wp-json\/wp\/v2\/posts"}],"about":[{"href":"https:\/\/www.imer.mx\/rmi\/wp-json\/wp\/v2\/types\/post"}],"author":[{"embeddable":true,"href":"https:\/\/www.imer.mx\/rmi\/wp-json\/wp\/v2\/users\/34"}],"replies":[{"embeddable":true,"href":"https:\/\/www.imer.mx\/rmi\/wp-json\/wp\/v2\/comments?post=19912"}],"version-history":[{"count":0,"href":"https:\/\/www.imer.mx\/rmi\/wp-json\/wp\/v2\/posts\/19912\/revisions"}],"wp:featuredmedia":[{"embeddable":true,"href":"https:\/\/www.imer.mx\/rmi\/wp-json\/wp\/v2\/media\/19927"}],"wp:attachment":[{"href":"https:\/\/www.imer.mx\/rmi\/wp-json\/wp\/v2\/media?parent=19912"}],"wp:term":[{"taxonomy":"category","embeddable":true,"href":"https:\/\/www.imer.mx\/rmi\/wp-json\/wp\/v2\/categories?post=19912"},{"taxonomy":"post_tag","embeddable":true,"href":"https:\/\/www.imer.mx\/rmi\/wp-json\/wp\/v2\/tags?post=19912"}],"curies":[{"name":"wp","href":"https:\/\/api.w.org\/{rel}","templated":true}]}}