{"id":19853,"date":"2019-05-02T18:00:18","date_gmt":"2019-05-02T23:00:18","guid":{"rendered":"https:\/\/www.imer.mx\/rmi\/?p=19853"},"modified":"2019-05-02T19:57:57","modified_gmt":"2019-05-03T00:57:57","slug":"eloy-cruz-la-fontegara-y-la-musica-de-mexico","status":"publish","type":"post","link":"https:\/\/www.imer.mx\/rmi\/eloy-cruz-la-fontegara-y-la-musica-de-mexico\/","title":{"rendered":"Eloy Cruz, La Fontegara y la m\u00fasica de M\u00e9xico."},"content":{"rendered":"\n<p class=\"has-large-font-size\">Escucha la entrevista con el maestro Eloy Cruz<\/p>\n\n\n\n<figure class=\"wp-block-audio\"><audio controls src=\"https:\/\/www.imer.mx\/rmi\/wp-content\/uploads\/sites\/3\/2019\/04\/Entrevista-Mtro.-Eloy-Cruz-14-marzo-2019-ok.mp3\"><\/audio><\/figure>\n\n\n\n<div class=\"wp-block-image\"><figure class=\"alignleft is-resized\"><img loading=\"lazy\" decoding=\"async\" src=\"https:\/\/www.imer.mx\/rmi\/wp-content\/uploads\/sites\/3\/2019\/05\/DSC03801.jpg\" alt=\"\" class=\"wp-image-20026\" width=\"352\" height=\"264\" srcset=\"https:\/\/www.imer.mx\/rmi\/wp-content\/uploads\/sites\/3\/2019\/05\/DSC03801.jpg 960w, https:\/\/www.imer.mx\/rmi\/wp-content\/uploads\/sites\/3\/2019\/05\/DSC03801-300x225.jpg 300w, https:\/\/www.imer.mx\/rmi\/wp-content\/uploads\/sites\/3\/2019\/05\/DSC03801-768x576.jpg 768w\" sizes=\"auto, (max-width: 352px) 100vw, 352px\" \/><\/figure><\/div>\n\n\n\n<p>La guitarra barroca es un instrumento que lleg\u00f3 a M\u00e9xico con la conquista europea y es el origen de la gran variedad de guitarras tradicionales locales que hay en las diferentes regiones de nuestro territorio. No solo es el caso de la jarana jarocha, la vihuela mariachera y la huapanguera, sino de muchas guitarrras m\u00e1s como la tua, el cirincho o el cardonal, algunas de las cuales se encuentran en franco peligro de extinci\u00f3n.<\/p>\n\n\n\n<p>Este fue uno de los saberes importantes que\ncomparti\u00f3 con nosotros el maestro Eloy Cruz, m\u00fasico y erudito, que tiene la\nvirtud de comunicar con pasi\u00f3n y exactitud sus entusiasmos y sus amplios\nconocimientos en materia de m\u00fasica.<\/p>\n\n\n\n<p>Eloy estuvo en la cabina de Radio M\u00e9xico\nInternacional en charla con nuestra compa\u00f1era Rita Abreu para relatar la\nhistoria del disco m\u00e1s reciente del grupo La Fontegara, en el que se\ninterpretan algunas de las piezas musicales que formaban parte del cat\u00e1logo de\npartituras de una antigua tienda especializada que estuvo ubicada en la Ciudad\nde M\u00e9xico en el \u00faltimo siglo del Virreinato. Este trabajo discogr\u00e1fico\n(interesante y bell\u00edsimo) fue el resultado de una profunda investigaci\u00f3n de los\nintegrantes de La Fontegara y revela aspectos sorprendentes acerca de los\ngustos y conocimientos musicales de los mexicanos de aquellos tiempos. <\/p>\n\n\n\n<p>Pero la charla tambi\u00e9n nos llev\u00f3 por muchos y muy diversos caminos, y en ellos la sapiencia del maestro Eloy Cruz y su gran inter\u00e9s por la m\u00fasica de M\u00e9xico nos cautivaron. Nos dej\u00f3 datos sorprendentes, como saber que nuestras tradicionales \u201cMa\u00f1anitas\u201d (infaltables en los festejos de cumplea\u00f1os) son en realidad un canto campesino de saludo al d\u00eda, de los cuales existen muchos otros ejemplos.<\/p>\n\n\n\n<div class=\"wp-block-image\"><figure class=\"alignright is-resized\"><img loading=\"lazy\" decoding=\"async\" src=\"https:\/\/www.imer.mx\/rmi\/wp-content\/uploads\/sites\/3\/2019\/05\/Portada-2.png\" alt=\"\" class=\"wp-image-20029\" width=\"280\" height=\"280\" srcset=\"https:\/\/www.imer.mx\/rmi\/wp-content\/uploads\/sites\/3\/2019\/05\/Portada-2.png 691w, https:\/\/www.imer.mx\/rmi\/wp-content\/uploads\/sites\/3\/2019\/05\/Portada-2-150x150.png 150w, https:\/\/www.imer.mx\/rmi\/wp-content\/uploads\/sites\/3\/2019\/05\/Portada-2-300x300.png 300w\" sizes=\"auto, (max-width: 280px) 100vw, 280px\" \/><\/figure><\/div>\n\n\n\n<p>Platicar con Eloy Cruz es una grata y\nenriquecedora experiencia que queremos volver a compartir con ustedes, para lo\ncual publicamos aqu\u00ed el podcast de esta entrevista con la recomendaci\u00f3n de que\nse acerquen al trabajo de La Fontegara para conocer m\u00e1s a fondo el disco que\nfue el origen de nuestra pl\u00e1tica.<\/p>\n","protected":false},"excerpt":{"rendered":"<p>Eloy Cruz, m\u00fasico y erudito, estuvo en la cabina de Radio M\u00e9xico Internacional en charla con nuestra compa\u00f1era Rita Abreu para relatar la historia del disco m\u00e1s reciente del grupo La Fontegara\u2026<\/p>\n","protected":false},"author":34,"featured_media":20025,"comment_status":"open","ping_status":"open","sticky":false,"template":"","format":"standard","meta":{"wp_popup_display_lightbox":0,"wp_popup_suppress":"","wp_popup_trigger":"","wp_popup_trigger_amount":0,"wp_popup_disable_on_mobile":false,"footnotes":""},"categories":[8,3],"tags":[],"class_list":["post-19853","post","type-post","status-publish","format-standard","has-post-thumbnail","hentry","category-destacados","category-radiomexicointernacional","category-8","category-3","description-off"],"_links":{"self":[{"href":"https:\/\/www.imer.mx\/rmi\/wp-json\/wp\/v2\/posts\/19853","targetHints":{"allow":["GET"]}}],"collection":[{"href":"https:\/\/www.imer.mx\/rmi\/wp-json\/wp\/v2\/posts"}],"about":[{"href":"https:\/\/www.imer.mx\/rmi\/wp-json\/wp\/v2\/types\/post"}],"author":[{"embeddable":true,"href":"https:\/\/www.imer.mx\/rmi\/wp-json\/wp\/v2\/users\/34"}],"replies":[{"embeddable":true,"href":"https:\/\/www.imer.mx\/rmi\/wp-json\/wp\/v2\/comments?post=19853"}],"version-history":[{"count":0,"href":"https:\/\/www.imer.mx\/rmi\/wp-json\/wp\/v2\/posts\/19853\/revisions"}],"wp:featuredmedia":[{"embeddable":true,"href":"https:\/\/www.imer.mx\/rmi\/wp-json\/wp\/v2\/media\/20025"}],"wp:attachment":[{"href":"https:\/\/www.imer.mx\/rmi\/wp-json\/wp\/v2\/media?parent=19853"}],"wp:term":[{"taxonomy":"category","embeddable":true,"href":"https:\/\/www.imer.mx\/rmi\/wp-json\/wp\/v2\/categories?post=19853"},{"taxonomy":"post_tag","embeddable":true,"href":"https:\/\/www.imer.mx\/rmi\/wp-json\/wp\/v2\/tags?post=19853"}],"curies":[{"name":"wp","href":"https:\/\/api.w.org\/{rel}","templated":true}]}}