{"id":19792,"date":"2019-04-09T12:37:22","date_gmt":"2019-04-09T17:37:22","guid":{"rendered":"https:\/\/www.imer.mx\/rmi\/?p=19792"},"modified":"2019-04-09T13:52:41","modified_gmt":"2019-04-09T18:52:41","slug":"sabor-a-ti-alvaro-carrillo-exposicion-en-la-fonoteca-nacional","status":"publish","type":"post","link":"https:\/\/www.imer.mx\/rmi\/sabor-a-ti-alvaro-carrillo-exposicion-en-la-fonoteca-nacional\/","title":{"rendered":"\u201cSabor a ti, \u00c1lvaro Carrillo\u201d, exposici\u00f3n en la Fonoteca Nacional."},"content":{"rendered":"\n<p>Escucha la entrevista sobre \u201cSabor a ti\u201d con Eduardo Garc\u00eda, curador, y Juan Carlos Landa, investigador y documentalista.<\/p>\n\n\n\n<figure class=\"wp-block-audio\"><audio controls src=\"https:\/\/www.imer.mx\/rmi\/wp-content\/uploads\/sites\/3\/2019\/04\/Entrevista-Alvaro-Carrillo-080419.mp3\"><\/audio><\/figure>\n\n\n\n<div class=\"wp-block-image\"><figure class=\"alignleft is-resized\"><img loading=\"lazy\" decoding=\"async\" src=\"https:\/\/www.imer.mx\/rmi\/wp-content\/uploads\/sites\/3\/2019\/04\/03.jpg\" alt=\"\" class=\"wp-image-19802\" width=\"233\" height=\"350\" srcset=\"https:\/\/www.imer.mx\/rmi\/wp-content\/uploads\/sites\/3\/2019\/04\/03.jpg 553w, https:\/\/www.imer.mx\/rmi\/wp-content\/uploads\/sites\/3\/2019\/04\/03-200x300.jpg 200w\" sizes=\"auto, (max-width: 233px) 100vw, 233px\" \/><\/figure><\/div>\n\n\n\n<p>\u00bfPor qu\u00e9 nos gustan tanto las canciones de \u00c1lvaro Carrillo? Es dif\u00edcil responder a esa pregunta. Cada quien tiene sus motivos. Cada coraz\u00f3n recuerda, sonr\u00ede y se estremece de manera diferente. Pero hay algo en esas canciones, en su l\u00edrica, en sus notas, en su franqueza, que ha logrado que muchas personas las tengan entre las m\u00e1s importantes de su repertorio emocional. \u00c1lvaro Carrillo naci\u00f3 hace 100 a\u00f1os, en diciembre de 1919, en un pueblo de la Costa Chica de Oaxaca, Cacahuatepec. Y muri\u00f3 hace 50 a\u00f1os, el 3 de abril de 1969 en un accidente automovil\u00edstico. Su vida transcurri\u00f3 entre la costa y la ciudad, entre su formaci\u00f3n como normalista y como ingeniero agr\u00f3nomo y su pasi\u00f3n por la m\u00fasica que finalmente se convirti\u00f3 en la raz\u00f3n de sus d\u00edas. Dej\u00f3 un legado musical amplio y excelente, en el que todav\u00eda hay muchas canciones que debemos conocer. Este a\u00f1o se est\u00e1n dedicando muchos esfuerzos y entusiasmos a recordar a \u00c1lvaro Carrillo y a develar muchas notas musicales, historias y relatos para hacerlo m\u00e1s y m\u00e1s cercano. Es por ello que la Fonoteca Nacional inaugurar\u00e1 una magn\u00edfica exposici\u00f3n que lleva por t\u00edtulo \u201cSabor a ti, \u00c1lvaro Carrillo\u201d en la que se mostrar\u00e1 el lado m\u00e1s \u00edntimo de la vida y obra del compositor oaxaque\u00f1o. El visitante podr\u00e1 ver art\u00edculos y fotograf\u00edas personales, conocer su paso por la Escuela de Agricultura de Chapingo y su trabajo en la Sociedad de Autores y Compositores.<\/p>\n\n\n\n<div class=\"wp-block-image\"><figure class=\"alignright is-resized\"><img loading=\"lazy\" decoding=\"async\" src=\"https:\/\/www.imer.mx\/rmi\/wp-content\/uploads\/sites\/3\/2019\/04\/17.jpg\" alt=\"\" class=\"wp-image-19800\" width=\"419\" height=\"279\" srcset=\"https:\/\/www.imer.mx\/rmi\/wp-content\/uploads\/sites\/3\/2019\/04\/17.jpg 960w, https:\/\/www.imer.mx\/rmi\/wp-content\/uploads\/sites\/3\/2019\/04\/17-300x200.jpg 300w, https:\/\/www.imer.mx\/rmi\/wp-content\/uploads\/sites\/3\/2019\/04\/17-768x512.jpg 768w\" sizes=\"auto, (max-width: 419px) 100vw, 419px\" \/><\/figure><\/div>\n\n\n\n<p><\/p>\n\n\n\n<p>Para hablar de esta exposici\u00f3n, visitaron la cabina de RMI Eduardo Garc\u00eda, curador, y Juan Carlos Landa, investigador y documentalista. Compartimos con ustedes el podcast de la entrevista con la invitaci\u00f3n a visitar esta exposici\u00f3n que estar\u00e1 abierta a partir del 12 abril en la Fonoteca Nacional, Francisco Sosa N\u00b0 383, Barrio de Santa Catarina, Coyoac\u00e1n, Ciudad de M\u00e9xico<\/p>\n\n\n\n<p><\/p>\n\n\n\n<p>Fotograf\u00edas de Alvaro Carrillo cortes\u00eda de la Fonoteca Nacional<\/p>\n","protected":false},"excerpt":{"rendered":"<p>\u00bfPor qu\u00e9 nos gustan tanto las canciones de \u00c1lvaro Carrillo? Es dif\u00edcil responder a esa pregunta. Cada quien tiene sus motivos. Cada coraz\u00f3n recuerda, sonr\u00ede y se estremece de manera diferente\u2026<\/p>\n","protected":false},"author":34,"featured_media":19801,"comment_status":"open","ping_status":"open","sticky":false,"template":"","format":"standard","meta":{"wp_popup_display_lightbox":0,"wp_popup_suppress":"","wp_popup_trigger":"","wp_popup_trigger_amount":0,"wp_popup_disable_on_mobile":false,"footnotes":""},"categories":[8,3],"tags":[],"class_list":["post-19792","post","type-post","status-publish","format-standard","has-post-thumbnail","hentry","category-destacados","category-radiomexicointernacional","category-8","category-3","description-off"],"_links":{"self":[{"href":"https:\/\/www.imer.mx\/rmi\/wp-json\/wp\/v2\/posts\/19792","targetHints":{"allow":["GET"]}}],"collection":[{"href":"https:\/\/www.imer.mx\/rmi\/wp-json\/wp\/v2\/posts"}],"about":[{"href":"https:\/\/www.imer.mx\/rmi\/wp-json\/wp\/v2\/types\/post"}],"author":[{"embeddable":true,"href":"https:\/\/www.imer.mx\/rmi\/wp-json\/wp\/v2\/users\/34"}],"replies":[{"embeddable":true,"href":"https:\/\/www.imer.mx\/rmi\/wp-json\/wp\/v2\/comments?post=19792"}],"version-history":[{"count":0,"href":"https:\/\/www.imer.mx\/rmi\/wp-json\/wp\/v2\/posts\/19792\/revisions"}],"wp:featuredmedia":[{"embeddable":true,"href":"https:\/\/www.imer.mx\/rmi\/wp-json\/wp\/v2\/media\/19801"}],"wp:attachment":[{"href":"https:\/\/www.imer.mx\/rmi\/wp-json\/wp\/v2\/media?parent=19792"}],"wp:term":[{"taxonomy":"category","embeddable":true,"href":"https:\/\/www.imer.mx\/rmi\/wp-json\/wp\/v2\/categories?post=19792"},{"taxonomy":"post_tag","embeddable":true,"href":"https:\/\/www.imer.mx\/rmi\/wp-json\/wp\/v2\/tags?post=19792"}],"curies":[{"name":"wp","href":"https:\/\/api.w.org\/{rel}","templated":true}]}}