{"id":19552,"date":"2019-03-05T16:46:18","date_gmt":"2019-03-05T22:46:18","guid":{"rendered":"https:\/\/www.imer.mx\/rmi\/?p=19552"},"modified":"2019-03-07T17:20:39","modified_gmt":"2019-03-07T23:20:39","slug":"entrevista-a-salomon-bazbaz-director-del-festival-cumbre-tajin","status":"publish","type":"post","link":"https:\/\/www.imer.mx\/rmi\/entrevista-a-salomon-bazbaz-director-del-festival-cumbre-tajin\/","title":{"rendered":"Entrevista a Salom\u00f3n Bazbaz, director del Festival Cumbre Taj\u00edn."},"content":{"rendered":"\n<figure class=\"wp-block-audio\"><audio controls src=\"https:\/\/www.imer.mx\/rmi\/wp-content\/uploads\/sites\/3\/2019\/03\/ENTREVISTA-DIRECTOR-CUMBRE-TAJIN-2019-OK-OK.mp3\"><\/audio><\/figure>\n\n\n\n<div class=\"wp-block-image\"><figure class=\"alignleft is-resized\"><img loading=\"lazy\" decoding=\"async\" src=\"https:\/\/www.imer.mx\/rmi\/wp-content\/uploads\/sites\/3\/2019\/03\/3256-1-1024x683.jpg\" alt=\"\" class=\"wp-image-19575\" width=\"263\" height=\"174\" srcset=\"https:\/\/www.imer.mx\/rmi\/wp-content\/uploads\/sites\/3\/2019\/03\/3256-1.jpg 1024w, https:\/\/www.imer.mx\/rmi\/wp-content\/uploads\/sites\/3\/2019\/03\/3256-1-300x200.jpg 300w, https:\/\/www.imer.mx\/rmi\/wp-content\/uploads\/sites\/3\/2019\/03\/3256-1-768x512.jpg 768w\" sizes=\"auto, (max-width: 263px) 100vw, 263px\" \/><\/figure><\/div>\n\n\n\n<p>Les invitamos a escuchar el podcast de la entrevista\nque Radio M\u00e9xico Internacional&nbsp; tuvo,\nhace unos d\u00edas, con el Director General de Cumbre Taj\u00edn, Festival de la\nIdentidad, Salom\u00f3n Bazbaz Lapidus, quien convers\u00f3 con nuestra compa\u00f1era Sonia\nY\u00e1\u00f1ez acerca de la historia de este gran evento que, a\u00f1o con a\u00f1o, se realiza en\nla regi\u00f3n del Totonacapan, al norte del estado de Veracruz. <\/p>\n\n\n\n<div class=\"wp-block-image\"><figure class=\"alignright is-resized\"><img loading=\"lazy\" decoding=\"async\" src=\"https:\/\/www.imer.mx\/rmi\/wp-content\/uploads\/sites\/3\/2019\/03\/9271.jpg\" alt=\"\" class=\"wp-image-19577\" width=\"236\" height=\"157\" srcset=\"https:\/\/www.imer.mx\/rmi\/wp-content\/uploads\/sites\/3\/2019\/03\/9271.jpg 960w, https:\/\/www.imer.mx\/rmi\/wp-content\/uploads\/sites\/3\/2019\/03\/9271-300x200.jpg 300w, https:\/\/www.imer.mx\/rmi\/wp-content\/uploads\/sites\/3\/2019\/03\/9271-768x512.jpg 768w\" sizes=\"auto, (max-width: 236px) 100vw, 236px\" \/><\/figure><\/div>\n\n\n\n<p>Salom\u00f3n nos habl\u00f3 de la estrecha relaci\u00f3n que\nel Festival Cumbre Taj\u00edn ha tenido con la cultura totonaca y de las ense\u00f1anzas\nque de ella ha recibido. Tambi\u00e9n nos relat\u00f3 c\u00f3mo fue el acercamiento que\ntuvieron con los abuelos totonacas, especialmente con el desaparecido Tata Juan\nSimbr\u00f3n, que los apoy\u00f3 y los llev\u00f3 casa por casa para invitar a la comunidad a\nparticipar. Con el tiempo este proyecto apoy\u00f3 la propuesta que se present\u00f3 en\nla UNESCO para obtener dos importantes inscripciones en las listas\npatrimoniales de ese instituto cultural de la ONU. Cuando el Festival Cumbre\nTaj\u00edn inici\u00f3, hace 20 a\u00f1os, ya se contaba, desde 1992, con la declaratoria de\nPatrimonio de la Humanidad para la antigua ciudad prehisp\u00e1nica del Taj\u00edn. M\u00e1s\nadelante, en el 2009 la Ceremonia &nbsp;Ritual\nde los Voladores fue inscrita en la lista del Patrimonio Cultural Inmaterial de\nla Humanidad y en el 2012 el Centro de las Artes Ind\u00edgenas fue considerado\ndentro de las Mejores Pr\u00e1cticas de Salvaguardia del Patrimonio Inmaterial de la\nHumanidad. <\/p>\n\n\n\n<div class=\"wp-block-image\"><figure class=\"alignright is-resized\"><img loading=\"lazy\" decoding=\"async\" src=\"https:\/\/www.imer.mx\/rmi\/wp-content\/uploads\/sites\/3\/2019\/03\/IMG_8685.jpg\" alt=\"\" class=\"wp-image-19571\" width=\"150\" height=\"225\" srcset=\"https:\/\/www.imer.mx\/rmi\/wp-content\/uploads\/sites\/3\/2019\/03\/IMG_8685.jpg 640w, https:\/\/www.imer.mx\/rmi\/wp-content\/uploads\/sites\/3\/2019\/03\/IMG_8685-200x300.jpg 200w\" sizes=\"auto, (max-width: 150px) 100vw, 150px\" \/><\/figure><\/div>\n\n\n\n<p>En 20 a\u00f1os Cumbre Taj\u00edn Festival de la\nIdentidad, se ha consolidado como una ventana de la cultura del Totonacapan\npara el mundo. En \u00e9l se muestra la amplia gama de conocimientos que se\ntransmiten a las nuevas generaciones, los sabores que integran la riqueza de la\ncocina y los fogones. Y por supuesto de la m\u00fasica que forma parte importante\nque atrae a los j\u00f3venes y que propicia un acercamiento con las actividades de\neste festival de la identidad.&nbsp; <\/p>\n\n\n\n<p>En el 2019 se presentar\u00e1n, como ya es habitual\nen el Festival, grandes elencos internacionales adem\u00e1s de grupos que han\nmarcado la escena musical veracruzana. Habr\u00e1 importantes representantes del son\njarocho y resalta tambi\u00e9n participaci\u00f3n de &nbsp;grupos de Hip Hop y rock en lengua ind\u00edgena. <\/p>\n\n\n\n<ul class=\"wp-block-gallery columns-3 is-cropped wp-block-gallery-1 is-layout-flex wp-block-gallery-is-layout-flex\"><li class=\"blocks-gallery-item\"><figure><img loading=\"lazy\" decoding=\"async\" width=\"960\" height=\"640\" src=\"https:\/\/www.imer.mx\/rmi\/wp-content\/uploads\/sites\/3\/2019\/03\/8691.jpg\" alt=\"\" data-id=\"19579\" data-link=\"https:\/\/www.imer.mx\/rmi\/entrevista-a-salomon-bazbaz-director-del-festival-cumbre-tajin\/attachment\/8691\/\" class=\"wp-image-19579\" srcset=\"https:\/\/www.imer.mx\/rmi\/wp-content\/uploads\/sites\/3\/2019\/03\/8691.jpg 960w, https:\/\/www.imer.mx\/rmi\/wp-content\/uploads\/sites\/3\/2019\/03\/8691-300x200.jpg 300w, https:\/\/www.imer.mx\/rmi\/wp-content\/uploads\/sites\/3\/2019\/03\/8691-768x512.jpg 768w\" sizes=\"auto, (max-width: 960px) 100vw, 960px\" \/><\/figure><\/li><li class=\"blocks-gallery-item\"><figure><img loading=\"lazy\" decoding=\"async\" width=\"960\" height=\"640\" src=\"https:\/\/www.imer.mx\/rmi\/wp-content\/uploads\/sites\/3\/2019\/03\/9725-1.jpg\" alt=\"\" data-id=\"19588\" data-link=\"https:\/\/www.imer.mx\/rmi\/entrevista-a-salomon-bazbaz-director-del-festival-cumbre-tajin\/9725-2\/\" class=\"wp-image-19588\" srcset=\"https:\/\/www.imer.mx\/rmi\/wp-content\/uploads\/sites\/3\/2019\/03\/9725-1.jpg 960w, https:\/\/www.imer.mx\/rmi\/wp-content\/uploads\/sites\/3\/2019\/03\/9725-1-300x200.jpg 300w, https:\/\/www.imer.mx\/rmi\/wp-content\/uploads\/sites\/3\/2019\/03\/9725-1-768x512.jpg 768w\" sizes=\"auto, (max-width: 960px) 100vw, 960px\" \/><\/figure><\/li><li class=\"blocks-gallery-item\"><figure><img loading=\"lazy\" decoding=\"async\" width=\"960\" height=\"640\" src=\"https:\/\/www.imer.mx\/rmi\/wp-content\/uploads\/sites\/3\/2019\/03\/0015-2.jpg\" alt=\"\" data-id=\"19589\" data-link=\"https:\/\/www.imer.mx\/rmi\/entrevista-a-salomon-bazbaz-director-del-festival-cumbre-tajin\/0015-3\/\" class=\"wp-image-19589\" srcset=\"https:\/\/www.imer.mx\/rmi\/wp-content\/uploads\/sites\/3\/2019\/03\/0015-2.jpg 960w, https:\/\/www.imer.mx\/rmi\/wp-content\/uploads\/sites\/3\/2019\/03\/0015-2-300x200.jpg 300w, https:\/\/www.imer.mx\/rmi\/wp-content\/uploads\/sites\/3\/2019\/03\/0015-2-768x512.jpg 768w\" sizes=\"auto, (max-width: 960px) 100vw, 960px\" \/><\/figure><\/li><\/ul>\n\n\n\n<p>Recuerden que del 20 al 24 de marzo se llevar\u00e1 a cabo la Cumbre Taj\u00edn 2019, Festival de la Identidad, Volando Alto. <\/p>\n\n\n\n<div class=\"wp-block-image\"><figure class=\"alignright is-resized\"><img loading=\"lazy\" decoding=\"async\" src=\"https:\/\/www.imer.mx\/rmi\/wp-content\/uploads\/sites\/3\/2019\/03\/Tajin.jpg\" alt=\"\" class=\"wp-image-19583\" width=\"661\" height=\"331\" srcset=\"https:\/\/www.imer.mx\/rmi\/wp-content\/uploads\/sites\/3\/2019\/03\/Tajin.jpg 960w, https:\/\/www.imer.mx\/rmi\/wp-content\/uploads\/sites\/3\/2019\/03\/Tajin-300x150.jpg 300w, https:\/\/www.imer.mx\/rmi\/wp-content\/uploads\/sites\/3\/2019\/03\/Tajin-768x384.jpg 768w\" sizes=\"auto, (max-width: 661px) 100vw, 661px\" \/><figcaption>Fotograf\u00edas: Enrique Rivera.<br><\/figcaption><\/figure><\/div>\n","protected":false},"excerpt":{"rendered":"<p>Les invitamos a escuchar el podcast de la entrevista que Radio M\u00e9xico Internacional  tuvo, hace unos d\u00edas, con el Director General de Cumbre Taj\u00edn, Festival de la Identidad, Salom\u00f3n Bazbaz Lapidus, quien convers\u00f3 con nuestra compa\u00f1era Sonia Y\u00e1\u00f1ez acerca de la historia de este gran evento que, a\u00f1o con a\u00f1o, se realiza en la regi\u00f3n del Totonacapan, al norte del estado de Veracruz. <\/p>\n","protected":false},"author":34,"featured_media":19567,"comment_status":"open","ping_status":"open","sticky":false,"template":"","format":"standard","meta":{"wp_popup_display_lightbox":0,"wp_popup_suppress":"","wp_popup_trigger":"","wp_popup_trigger_amount":0,"wp_popup_disable_on_mobile":false,"footnotes":""},"categories":[7,8,3],"tags":[],"class_list":["post-19552","post","type-post","status-publish","format-standard","has-post-thumbnail","hentry","category-coberturas","category-destacados","category-radiomexicointernacional","category-7","category-8","category-3","description-off"],"_links":{"self":[{"href":"https:\/\/www.imer.mx\/rmi\/wp-json\/wp\/v2\/posts\/19552","targetHints":{"allow":["GET"]}}],"collection":[{"href":"https:\/\/www.imer.mx\/rmi\/wp-json\/wp\/v2\/posts"}],"about":[{"href":"https:\/\/www.imer.mx\/rmi\/wp-json\/wp\/v2\/types\/post"}],"author":[{"embeddable":true,"href":"https:\/\/www.imer.mx\/rmi\/wp-json\/wp\/v2\/users\/34"}],"replies":[{"embeddable":true,"href":"https:\/\/www.imer.mx\/rmi\/wp-json\/wp\/v2\/comments?post=19552"}],"version-history":[{"count":0,"href":"https:\/\/www.imer.mx\/rmi\/wp-json\/wp\/v2\/posts\/19552\/revisions"}],"wp:featuredmedia":[{"embeddable":true,"href":"https:\/\/www.imer.mx\/rmi\/wp-json\/wp\/v2\/media\/19567"}],"wp:attachment":[{"href":"https:\/\/www.imer.mx\/rmi\/wp-json\/wp\/v2\/media?parent=19552"}],"wp:term":[{"taxonomy":"category","embeddable":true,"href":"https:\/\/www.imer.mx\/rmi\/wp-json\/wp\/v2\/categories?post=19552"},{"taxonomy":"post_tag","embeddable":true,"href":"https:\/\/www.imer.mx\/rmi\/wp-json\/wp\/v2\/tags?post=19552"}],"curies":[{"name":"wp","href":"https:\/\/api.w.org\/{rel}","templated":true}]}}