{"id":18981,"date":"2018-12-17T14:49:23","date_gmt":"2018-12-17T20:49:23","guid":{"rendered":"https:\/\/www.imer.mx\/rmi\/?p=18981"},"modified":"2018-12-17T14:54:32","modified_gmt":"2018-12-17T20:54:32","slug":"a-cincuenta-anos-del-movimiento-estudiantil-de-1968-exposicion-desaparecidos","status":"publish","type":"post","link":"https:\/\/www.imer.mx\/rmi\/a-cincuenta-anos-del-movimiento-estudiantil-de-1968-exposicion-desaparecidos\/","title":{"rendered":"A cincuenta a\u00f1os del Movimiento Estudiantil de 1968. Exposici\u00f3n \u201cDesaparecidos\u201d."},"content":{"rendered":"\n<p><strong>Escuchala entrevista con la curadora de arte Mariana Ma\u00f1\u00f3n.\ufeff<\/strong><\/p>\n\n\n\n<figure class=\"wp-block-audio\"><audio controls src=\"https:\/\/www.imer.mx\/rmi\/wp-content\/uploads\/sites\/3\/2018\/12\/ENTREVISTA-MARIANA-MALLON-SEPULVEDA-OBRA-DE-TEATRO-DESAPARECIDOS-071118.mp3\"><\/audio><\/figure>\n\n\n\n<div class=\"wp-block-image\"><figure class=\"alignleft is-resized\"><img loading=\"lazy\" decoding=\"async\" src=\"https:\/\/www.imer.mx\/rmi\/wp-content\/uploads\/sites\/3\/2018\/12\/Del-68-2.jpg\" alt=\"\" class=\"wp-image-18985\" width=\"384\" height=\"385\" srcset=\"https:\/\/www.imer.mx\/rmi\/wp-content\/uploads\/sites\/3\/2018\/12\/Del-68-2.jpg 479w, https:\/\/www.imer.mx\/rmi\/wp-content\/uploads\/sites\/3\/2018\/12\/Del-68-2-150x150.jpg 150w, https:\/\/www.imer.mx\/rmi\/wp-content\/uploads\/sites\/3\/2018\/12\/Del-68-2-300x300.jpg 300w\" sizes=\"auto, (max-width: 384px) 100vw, 384px\" \/><\/figure><\/div>\n\n\n\n<p>Una de las fotos m\u00e1s vistas en M\u00e9xico y el mundo entero sobre la represi\u00f3n del 2 de octubre de 1968 en la Plaza de las Tres Culturas, es aquella donde, amenazados con armas de fuego, varios estudiantes est\u00e1n contra la pared en un muro del edificio Chihuahua en Tlatelolco. En alarde al sometimiento del que fueron v\u00edctimas tienen adem\u00e1s los pantalones abajo. Cincuenta a\u00f1os despu\u00e9s de ese acontecimiento, la imagen, a trav\u00e9s de la interpretaci\u00f3n art\u00edstica, se convierte en un ej\u00e9rcito simb\u00f3lico de 20 mil piezas a escala que representan a los masacrados, pero tambi\u00e9n a los desaparecidos de entonces a la fecha.&nbsp; Se trata de unainstalaci\u00f3n emplazada a unos metros de lugar donde ocurrieron los hechos, hoy Centro Cultural Tlatelolco. Es original del artista pl\u00e1stico espa\u00f1ol FernandoS\u00e1nchez Castillo, interesado en recuperar la memoria de sucesos tr\u00e1gicos e impunes que, como el 68 mexicano, merecen constante reflexi\u00f3n. \u201cEsta obra representa la rebeld\u00eda de la sociedad civil en contra de la violencia que ha acosado a los mexicanos diariamente. Un ej\u00e9rcito de estudiantes remite a la constelaci\u00f3n de j\u00f3venes desaparecidos sistem\u00e1ticamente por el Estado\u201d, son palabras de la curadora dela obra Mariana Ma\u00f1\u00f3n, quien visit\u00f3 la cabina de Radio M\u00e9xico Internacional y nos habl\u00f3 ampliamente de este \u201cmonumento expandido\u201d, que adem\u00e1s propone al espectador dejar un testimonio a cambio de llevarse uno de los figurines. <\/p>\n\n\n\n<p>Permanecer\u00e1 abierta al p\u00fablico hasta el 17 de\nfebrero de 2019, en el vest\u00edbulo del Sal\u00f3n Ju\u00e1rez, CCU Tlatelolco.<\/p>\n\n\n\n<div class=\"wp-block-image\"><figure class=\"alignright is-resized\"><img loading=\"lazy\" decoding=\"async\" src=\"https:\/\/www.imer.mx\/rmi\/wp-content\/uploads\/sites\/3\/2018\/12\/Mariana-Ma\u00f1on.jpg\" alt=\"\" class=\"wp-image-18987\" width=\"475\" height=\"317\" srcset=\"https:\/\/www.imer.mx\/rmi\/wp-content\/uploads\/sites\/3\/2018\/12\/Mariana-Ma\u00f1on.jpg 960w, https:\/\/www.imer.mx\/rmi\/wp-content\/uploads\/sites\/3\/2018\/12\/Mariana-Ma\u00f1on-300x200.jpg 300w, https:\/\/www.imer.mx\/rmi\/wp-content\/uploads\/sites\/3\/2018\/12\/Mariana-Ma\u00f1on-768x512.jpg 768w\" sizes=\"auto, (max-width: 475px) 100vw, 475px\" \/><\/figure><\/div>\n\n\n\n<p><br><\/p>\n\n\n\n<p><strong> <\/strong><\/p>\n","protected":false},"excerpt":{"rendered":"<p>Una de las fotos m\u00e1s vistas en M\u00e9xico y el mundo entero sobre la represi\u00f3n del 2 de octubre de 1968 en la Plaza de las Tres Culturas, es aquella donde, amenazados con armas de fuego, varios estudiantes est\u00e1n contra la pared en un muro del edificio Chihuahua en Tlatelolco<\/p>\n","protected":false},"author":34,"featured_media":18989,"comment_status":"open","ping_status":"open","sticky":false,"template":"","format":"standard","meta":{"wp_popup_display_lightbox":0,"wp_popup_suppress":"","wp_popup_trigger":"","wp_popup_trigger_amount":0,"wp_popup_disable_on_mobile":false,"footnotes":""},"categories":[8,3],"tags":[],"class_list":["post-18981","post","type-post","status-publish","format-standard","has-post-thumbnail","hentry","category-destacados","category-radiomexicointernacional","category-8","category-3","description-off"],"_links":{"self":[{"href":"https:\/\/www.imer.mx\/rmi\/wp-json\/wp\/v2\/posts\/18981","targetHints":{"allow":["GET"]}}],"collection":[{"href":"https:\/\/www.imer.mx\/rmi\/wp-json\/wp\/v2\/posts"}],"about":[{"href":"https:\/\/www.imer.mx\/rmi\/wp-json\/wp\/v2\/types\/post"}],"author":[{"embeddable":true,"href":"https:\/\/www.imer.mx\/rmi\/wp-json\/wp\/v2\/users\/34"}],"replies":[{"embeddable":true,"href":"https:\/\/www.imer.mx\/rmi\/wp-json\/wp\/v2\/comments?post=18981"}],"version-history":[{"count":0,"href":"https:\/\/www.imer.mx\/rmi\/wp-json\/wp\/v2\/posts\/18981\/revisions"}],"wp:featuredmedia":[{"embeddable":true,"href":"https:\/\/www.imer.mx\/rmi\/wp-json\/wp\/v2\/media\/18989"}],"wp:attachment":[{"href":"https:\/\/www.imer.mx\/rmi\/wp-json\/wp\/v2\/media?parent=18981"}],"wp:term":[{"taxonomy":"category","embeddable":true,"href":"https:\/\/www.imer.mx\/rmi\/wp-json\/wp\/v2\/categories?post=18981"},{"taxonomy":"post_tag","embeddable":true,"href":"https:\/\/www.imer.mx\/rmi\/wp-json\/wp\/v2\/tags?post=18981"}],"curies":[{"name":"wp","href":"https:\/\/api.w.org\/{rel}","templated":true}]}}