{"id":18789,"date":"2018-11-14T22:13:26","date_gmt":"2018-11-15T04:13:26","guid":{"rendered":"https:\/\/www.imer.mx\/rmi\/?p=18789"},"modified":"2018-11-14T22:13:26","modified_gmt":"2018-11-15T04:13:26","slug":"el-festival-de-cantautoras-en-su-3a-edicion","status":"publish","type":"post","link":"https:\/\/www.imer.mx\/rmi\/el-festival-de-cantautoras-en-su-3a-edicion\/","title":{"rendered":"El Festival de Cantautoras en su 3\u00aa edici\u00f3n."},"content":{"rendered":"<p><strong>Escucha la entrevista con Gabriela Serralde y Vivir Quintana.<\/strong><\/p>\n<p>&nbsp;<\/p>\n<audio class=\"wp-audio-shortcode\" id=\"audio-18789-1\" preload=\"none\" style=\"width: 100%;\" controls=\"controls\"><source type=\"audio\/mpeg\" src=\"https:\/\/www.imer.mx\/rmi\/wp-content\/uploads\/sites\/3\/2018\/11\/ENTREVISTA-GABRIELA-SERRALDE-Y-VIVIR-QUINTANA-141118.mp3?_=1\" \/><a href=\"https:\/\/www.imer.mx\/rmi\/wp-content\/uploads\/sites\/3\/2018\/11\/ENTREVISTA-GABRIELA-SERRALDE-Y-VIVIR-QUINTANA-141118.mp3\">https:\/\/www.imer.mx\/rmi\/wp-content\/uploads\/sites\/3\/2018\/11\/ENTREVISTA-GABRIELA-SERRALDE-Y-VIVIR-QUINTANA-141118.mp3<\/a><\/audio>\n<p><strong>\u00a0<\/strong><\/p>\n<p><img loading=\"lazy\" decoding=\"async\" class=\"alignleft wp-image-18792 size-medium\" src=\"https:\/\/www.imer.mx\/rmi\/wp-content\/uploads\/sites\/3\/2018\/11\/IMG-201811142-300x200.jpg\" alt=\"\" width=\"300\" height=\"200\" srcset=\"https:\/\/www.imer.mx\/rmi\/wp-content\/uploads\/sites\/3\/2018\/11\/IMG-201811142-300x200.jpg 300w, https:\/\/www.imer.mx\/rmi\/wp-content\/uploads\/sites\/3\/2018\/11\/IMG-201811142.jpg 704w\" sizes=\"auto, (max-width: 300px) 100vw, 300px\" \/>El Festival de Cantautoras es un todo acontecimiento musical que se consolida cada vez m\u00e1s y que llega a su 3\u00aa edici\u00f3n en 2018 sumando esfuerzos, entusiasmos, convicciones, b\u00fasquedas y excelente m\u00fasica. Es una fiesta de la canci\u00f3n, pero tambi\u00e9n es una celebraci\u00f3n de la creatividad de muchas mujeres que han encontrado en la conjunci\u00f3n de la voz, la palabra y la melod\u00eda un espacio de profunda expresi\u00f3n. En este a\u00f1o el festival reunir\u00e1 12 propuestas diferentes que se mueven en los m\u00e1s diversos g\u00e9neros: son, blues, country, pop, trova, bossa nova, corrido, canci\u00f3n ranchera. Cada una de las participantes explora en su m\u00fasica rumbos originales. Piensan, sue\u00f1an, proponen diferentes formas de vivir el amor, de imaginar las muchas formas de ser mujer, los m\u00faltiples pliegues de las emociones, la fuerza transformadora de sus certidumbres. Todas las participantes desbordan talento y excelente factura musical. Y la propuesta del festival es, ante todo, crear y apoyar espacios para que las mujeres ejerzan su derecho a la cultura y hagan proliferar los discursos contra la violencia. Este a\u00f1o participar\u00e1n: Ana Ru\u00edz; Odette Guti\u00e9rrez; Gabriela Alatorre; Karina Galicia; Irina Indigo; Nancy Zamher; Martha Salinas; Las Iguanas; Ana Contreras; Gabriela Serralde; Thay Luar y Vivir Quintana.<img loading=\"lazy\" decoding=\"async\" class=\"alignright wp-image-18791 size-medium\" src=\"https:\/\/www.imer.mx\/rmi\/wp-content\/uploads\/sites\/3\/2018\/11\/IMG-201811141-300x200.jpg\" alt=\"\" width=\"300\" height=\"200\" srcset=\"https:\/\/www.imer.mx\/rmi\/wp-content\/uploads\/sites\/3\/2018\/11\/IMG-201811141-300x200.jpg 300w, https:\/\/www.imer.mx\/rmi\/wp-content\/uploads\/sites\/3\/2018\/11\/IMG-201811141.jpg 704w\" sizes=\"auto, (max-width: 300px) 100vw, 300px\" \/><\/p>\n<p>Precisamente Vivir Quintana y Gabriela Serralde estuvieron en la cabina de Radio M\u00e9xico Internacional platicando ampliamente con nuestra compa\u00f1era Rita Abreu sobre este Festival e invitando a nuestro p\u00fablico a asistir. Aqu\u00ed les dejamos el podcast de la entrevista y los datos de la funci\u00f3n.<\/p>\n<p>El <strong>Festival de Cantautoras<\/strong> se llevar\u00e1 a cabo el <strong>viernes 23 de noviembre a partir de las 19:00 hrs en la Casa de Coahuila, Prolongaci\u00f3n Xicot\u00e9ncatl N\u00b0 10, Col. San Diego Churubusco, Coyoac\u00e1n <\/strong>(muy cerca de la estaci\u00f3n General Anaya de la l\u00ednea dos del Metro). \u00a1All\u00e1 nos vemos!<\/p>\n","protected":false},"excerpt":{"rendered":"<p>El Festival de Cantautoras es un todo acontecimiento musical que se consolida cada vez m\u00e1s y que llega a su 3\u00aa edici\u00f3n en 2018 sumando esfuerzos, entusiasmos, convicciones, b\u00fasquedas y excelente m\u00fasica. Es una fiesta de la canci\u00f3n, pero tambi\u00e9n una celebraci\u00f3n de la creatividad de muchas mujeres que en han encontrado en la conjunci\u00f3n de la voz, la palabra y la melod\u00eda un espacio expresi\u00f3n de profunda expresi\u00f3n.<\/p>\n","protected":false},"author":34,"featured_media":18793,"comment_status":"open","ping_status":"open","sticky":false,"template":"","format":"standard","meta":{"wp_popup_display_lightbox":0,"wp_popup_suppress":"","wp_popup_trigger":"","wp_popup_trigger_amount":0,"wp_popup_disable_on_mobile":false,"footnotes":""},"categories":[8,3],"tags":[],"class_list":["post-18789","post","type-post","status-publish","format-standard","has-post-thumbnail","hentry","category-destacados","category-radiomexicointernacional","category-8","category-3","description-off"],"_links":{"self":[{"href":"https:\/\/www.imer.mx\/rmi\/wp-json\/wp\/v2\/posts\/18789","targetHints":{"allow":["GET"]}}],"collection":[{"href":"https:\/\/www.imer.mx\/rmi\/wp-json\/wp\/v2\/posts"}],"about":[{"href":"https:\/\/www.imer.mx\/rmi\/wp-json\/wp\/v2\/types\/post"}],"author":[{"embeddable":true,"href":"https:\/\/www.imer.mx\/rmi\/wp-json\/wp\/v2\/users\/34"}],"replies":[{"embeddable":true,"href":"https:\/\/www.imer.mx\/rmi\/wp-json\/wp\/v2\/comments?post=18789"}],"version-history":[{"count":0,"href":"https:\/\/www.imer.mx\/rmi\/wp-json\/wp\/v2\/posts\/18789\/revisions"}],"wp:featuredmedia":[{"embeddable":true,"href":"https:\/\/www.imer.mx\/rmi\/wp-json\/wp\/v2\/media\/18793"}],"wp:attachment":[{"href":"https:\/\/www.imer.mx\/rmi\/wp-json\/wp\/v2\/media?parent=18789"}],"wp:term":[{"taxonomy":"category","embeddable":true,"href":"https:\/\/www.imer.mx\/rmi\/wp-json\/wp\/v2\/categories?post=18789"},{"taxonomy":"post_tag","embeddable":true,"href":"https:\/\/www.imer.mx\/rmi\/wp-json\/wp\/v2\/tags?post=18789"}],"curies":[{"name":"wp","href":"https:\/\/api.w.org\/{rel}","templated":true}]}}