{"id":18616,"date":"2018-10-15T15:40:07","date_gmt":"2018-10-15T20:40:07","guid":{"rendered":"https:\/\/www.imer.mx\/rmi\/?p=18616"},"modified":"2018-10-15T18:07:23","modified_gmt":"2018-10-15T23:07:23","slug":"novena-semana-del-trovador-puertorriqueno","status":"publish","type":"post","link":"https:\/\/www.imer.mx\/rmi\/novena-semana-del-trovador-puertorriqueno\/","title":{"rendered":"Novena semana del trovador puertorrique\u00f1o"},"content":{"rendered":"<p style=\"text-align: right\">Portada: M\u00e9xico en Caguas Foto: Marta Fuentes<\/p>\n<p>&nbsp;<\/p>\n<p style=\"text-align: right\"><strong>Texto y fotos: Aide\u00e9 Balderas Medina<\/strong><\/p>\n<p style=\"text-align: right\"><strong>@aideebalderas<\/strong><\/p>\n<p>&nbsp;<\/p>\n<div id=\"attachment_18624\" style=\"width: 310px\" class=\"wp-caption alignleft\"><img loading=\"lazy\" decoding=\"async\" aria-describedby=\"caption-attachment-18624\" class=\"wp-image-18624 size-medium\" src=\"https:\/\/www.imer.mx\/rmi\/wp-content\/uploads\/sites\/3\/2018\/10\/Curbelo-y-Gabotto-Foto-Aidee-Balderas-300x225.jpg\" alt=\"\" width=\"300\" height=\"225\" srcset=\"https:\/\/www.imer.mx\/rmi\/wp-content\/uploads\/sites\/3\/2018\/10\/Curbelo-y-Gabotto-Foto-Aidee-Balderas-300x225.jpg 300w, https:\/\/www.imer.mx\/rmi\/wp-content\/uploads\/sites\/3\/2018\/10\/Curbelo-y-Gabotto-Foto-Aidee-Balderas-768x576.jpg 768w, https:\/\/www.imer.mx\/rmi\/wp-content\/uploads\/sites\/3\/2018\/10\/Curbelo-y-Gabotto-Foto-Aidee-Balderas.jpg 960w\" sizes=\"auto, (max-width: 300px) 100vw, 300px\" \/><p id=\"caption-attachment-18624\" class=\"wp-caption-text\">Curbelo y Gabotto<\/p><\/div>\n<p>Del 28 de septiembre al 7 de octubre de 2018 se realiz\u00f3 en Puerto Rico la novena \u201cSemana del Trovador Puertorrique\u00f1o. Trovadores del mundo\u201d. Cultores del verso improvisado de Argentina, Uruguay, M\u00e9xico, Panam\u00e1, Colombia, Chile, Cuba y Puerto Rico se dieron cita en las plazas p\u00fablicas de Hormigueros, Barrio Espino en San Lorenzo, Juncos, Ciales, Caguas y Hatillo, as\u00ed como en el Colegio de Abogados en San Juan y la Universidad Interamericana de Arecibo.<\/p>\n<div id=\"attachment_18621\" style=\"width: 310px\" class=\"wp-caption alignright\"><img loading=\"lazy\" decoding=\"async\" aria-describedby=\"caption-attachment-18621\" class=\"wp-image-18621 size-medium\" src=\"https:\/\/www.imer.mx\/rmi\/wp-content\/uploads\/sites\/3\/2018\/10\/04-Leonel-Sanchez-y-juan-Carlos-Bustamante-Foto-Aidee-Balderas-300x225.jpg\" alt=\"\" width=\"300\" height=\"225\" srcset=\"https:\/\/www.imer.mx\/rmi\/wp-content\/uploads\/sites\/3\/2018\/10\/04-Leonel-Sanchez-y-juan-Carlos-Bustamante-Foto-Aidee-Balderas-300x225.jpg 300w, https:\/\/www.imer.mx\/rmi\/wp-content\/uploads\/sites\/3\/2018\/10\/04-Leonel-Sanchez-y-juan-Carlos-Bustamante-Foto-Aidee-Balderas-768x576.jpg 768w, https:\/\/www.imer.mx\/rmi\/wp-content\/uploads\/sites\/3\/2018\/10\/04-Leonel-Sanchez-y-juan-Carlos-Bustamante-Foto-Aidee-Balderas.jpg 960w\" sizes=\"auto, (max-width: 300px) 100vw, 300px\" \/><p id=\"caption-attachment-18621\" class=\"wp-caption-text\">Leonel S\u00e1nchez y Juan Carlos Bustamante.<\/p><\/div>\n<p>Uruguay estuvo representado por el c\u00e9lebre payador Jos\u00e9 Silvio Curbelo, quien recibi\u00f3 en el barrio Espino, un reconocimiento especial por su trayectoria. De Argentina asisti\u00f3 el payador y formador Emanuel Gabotto. Chile estuvo muy bien acompa\u00f1ado por el guitarr\u00f3n chileno y los versos de Leonel S\u00e1nchez y Juan Carlos Bustamante. De Panam\u00e1 asisti\u00f3 el grupo Mejorana con Jos\u00e9 Augusto Broce en el viol\u00edn; Valerio G\u00f3mez en la guitarra y los cantores Jazm\u00edn Mu\u00f1oz y Maximino Rodr\u00edguez. La trova paisa de Medellin, Colombia dijo presente con Juan Fernando Zapata y Juan David Blanco. Representando a Cuba estuvieron los repentistas Luis Paz y Jes\u00fas Rodr\u00edguez. De M\u00e9xico el tr\u00edo Amanecer Huasteco de Agua Zarca, Landa de Matamoros, Quer\u00e9taro. Hern\u00e1n Andablo en el viol\u00edn, Godofredo Garay en la guitarra quinta o huapanguera y Luis Sastre en la jarana huasteca, llevaron el Querreque y junto con su servidora hicieron zapatear a los boricuas.<\/p>\n<div id=\"attachment_18627\" style=\"width: 310px\" class=\"wp-caption alignleft\"><img loading=\"lazy\" decoding=\"async\" aria-describedby=\"caption-attachment-18627\" class=\"wp-image-18627 size-medium\" src=\"https:\/\/www.imer.mx\/rmi\/wp-content\/uploads\/sites\/3\/2018\/10\/Maximino-Rodr\u00edguez-y-Jazmin-Mu\u00f1oz-Foto-Aidee-Balderas-300x225.jpg\" alt=\"\" width=\"300\" height=\"225\" srcset=\"https:\/\/www.imer.mx\/rmi\/wp-content\/uploads\/sites\/3\/2018\/10\/Maximino-Rodr\u00edguez-y-Jazmin-Mu\u00f1oz-Foto-Aidee-Balderas-300x225.jpg 300w, https:\/\/www.imer.mx\/rmi\/wp-content\/uploads\/sites\/3\/2018\/10\/Maximino-Rodr\u00edguez-y-Jazmin-Mu\u00f1oz-Foto-Aidee-Balderas-768x576.jpg 768w, https:\/\/www.imer.mx\/rmi\/wp-content\/uploads\/sites\/3\/2018\/10\/Maximino-Rodr\u00edguez-y-Jazmin-Mu\u00f1oz-Foto-Aidee-Balderas.jpg 960w\" sizes=\"auto, (max-width: 300px) 100vw, 300px\" \/><p id=\"caption-attachment-18627\" class=\"wp-caption-text\">Maximino Rodr\u00edguez y Jazm\u00edn Mu\u00f1oz de Panam\u00e1<\/p><\/div>\n<p>Todas las actividades se presentaron de forma gratuita, gracias al trabajo de la asociaci\u00f3n Deciman\u00eda, que literalmente lucha contra viento y marea para hacer posible este encuentro. La novena Semana del Trovador se iba a realizar el 29 de septiembre de 2017 pero el hurac\u00e1n Mar\u00eda de categor\u00eda cinco, lleg\u00f3 a las costas de Puerto Rico el 20 de septiembre y devast\u00f3 la isla. Hubo muchas p\u00e9rdidas humanas y actualmente un gran n\u00famero de comercios se encuentran cerrados y seg\u00fan el testimonio de algunos pobladores, a\u00fan hay lugares donde no se ha restablecido la energ\u00eda el\u00e9ctrica.<\/p>\n<div id=\"attachment_18622\" style=\"width: 310px\" class=\"wp-caption alignright\"><img loading=\"lazy\" decoding=\"async\" aria-describedby=\"caption-attachment-18622\" class=\"wp-image-18622 size-medium\" src=\"https:\/\/www.imer.mx\/rmi\/wp-content\/uploads\/sites\/3\/2018\/10\/05-Colombia-en-Arecibo-Foto-Aidee-Balderas-300x225.jpg\" alt=\"\" width=\"300\" height=\"225\" srcset=\"https:\/\/www.imer.mx\/rmi\/wp-content\/uploads\/sites\/3\/2018\/10\/05-Colombia-en-Arecibo-Foto-Aidee-Balderas-300x225.jpg 300w, https:\/\/www.imer.mx\/rmi\/wp-content\/uploads\/sites\/3\/2018\/10\/05-Colombia-en-Arecibo-Foto-Aidee-Balderas-768x576.jpg 768w, https:\/\/www.imer.mx\/rmi\/wp-content\/uploads\/sites\/3\/2018\/10\/05-Colombia-en-Arecibo-Foto-Aidee-Balderas.jpg 960w\" sizes=\"auto, (max-width: 300px) 100vw, 300px\" \/><p id=\"caption-attachment-18622\" class=\"wp-caption-text\">Colombia en Arecibo.<\/p><\/div>\n<p>Omar Santiago y Roberto Silva, coordinadores de Deciman\u00eda, desde hace d\u00edez a\u00f1os crearon esta asociaci\u00f3n para fortalecer la difusi\u00f3n de la m\u00fasica t\u00edpica campesina de Puerto Rico, junto con un gran n\u00famero de voluntarios realizan la Semana del Trovador Puertorrique\u00f1o, el programa de televisi\u00f3n Fiesta Cultural y el programa radial Tardes Campesinas en WIPR.<\/p>\n<p>En el marco de la Semana del Trovador se realiz\u00f3 el concurso de trovadores en Barrio Espino en San Lorenzo, Caguas y Arecibo. Donde participaron 52 trovadores. El jurado calific\u00f3 contenido, m\u00e9trica de la estrofa, rima, ritmo, comp\u00e1s, etc. Al participante se le da un verso y con \u00e9ste debe terminar su estrofa, a ese verso se le llama pie forzado. El concurso es una prueba de habilidad, contenido y velocidad. El ganador de la presea fue el experimentado trovador Jovino Gonz\u00e1lez.<\/p>\n<p>Cada a\u00f1o se reconoce el trabajo de creadores que han contribuido para fortalecer la cultura boricua y en esta ocasi\u00f3n se brind\u00f3 un homenaje al cuatrista Modesto Nieves Fuentes originario de El Naranjito, quien naci\u00f3 el 8 de abril de 1951. Modesto ha sido parte del Grupo Mapey\u00e9 y actualmente toca con el grupo Herencia Musical junto con sus virtuosos hijos M\u00f3nica y Christi\u00e1n Nieves.<\/p>\n\n\t\t\t<style type='text\/css'>\n\t\t\t\t#gallery-1 {\n\t\t\t\t\tmargin: auto;\n\t\t\t\t}\n\t\t\t\t#gallery-1 .gallery-item {\n\t\t\t\t\tfloat: left;\n\t\t\t\t\tmargin-top: 10px;\n\t\t\t\t\ttext-align: center;\n\t\t\t\t\twidth: 50%;\n\t\t\t\t}\n\t\t\t\t#gallery-1 img {\n\t\t\t\t\tborder: 2px solid #cfcfcf;\n\t\t\t\t}\n\t\t\t\t#gallery-1 .gallery-caption {\n\t\t\t\t\tmargin-left: 0;\n\t\t\t\t}\n\t\t\t\t\/* see gallery_shortcode() in wp-includes\/media.php *\/\n\t\t\t<\/style>\n\t\t<div id='gallery-1' class='dt-gallery-container gallery galleryid-18616 gallery-columns-2 gallery-size-medium'><dl class='gallery-item'>\n\t\t\t\t<dt class='gallery-icon landscape'>\n\t\t\t\t\t<a class=\"rollover rollover-zoom dt-pswp-item\" title=\"Jovino Gonz\u00e1lez Foto Aidee Balderas\" data-dt-img-description=\"\" data-large_image_width=\"960\" data-large_image_height=\"720\"href='https:\/\/www.imer.mx\/rmi\/wp-content\/uploads\/sites\/3\/2018\/10\/Jovino-Gonz\u00e1lez-Foto-Aidee-Balderas.jpg'><img loading=\"lazy\" decoding=\"async\" width=\"300\" height=\"225\" src=\"https:\/\/www.imer.mx\/rmi\/wp-content\/uploads\/sites\/3\/2018\/10\/Jovino-Gonz\u00e1lez-Foto-Aidee-Balderas-300x225.jpg\" class=\"attachment-medium size-medium\" alt=\"\" aria-describedby=\"gallery-1-18626\" srcset=\"https:\/\/www.imer.mx\/rmi\/wp-content\/uploads\/sites\/3\/2018\/10\/Jovino-Gonz\u00e1lez-Foto-Aidee-Balderas-300x225.jpg 300w, https:\/\/www.imer.mx\/rmi\/wp-content\/uploads\/sites\/3\/2018\/10\/Jovino-Gonz\u00e1lez-Foto-Aidee-Balderas-768x576.jpg 768w, https:\/\/www.imer.mx\/rmi\/wp-content\/uploads\/sites\/3\/2018\/10\/Jovino-Gonz\u00e1lez-Foto-Aidee-Balderas.jpg 960w\" sizes=\"auto, (max-width: 300px) 100vw, 300px\" \/><\/a>\n\t\t\t\t<\/dt>\n\t\t\t\t\t<dd class='wp-caption-text gallery-caption' id='gallery-1-18626'>\n\t\t\t\t\tJovino Gonz\u00e1lez \n\t\t\t\t\t<\/dd><\/dl><dl class='gallery-item'>\n\t\t\t\t<dt class='gallery-icon landscape'>\n\t\t\t\t\t<a class=\"rollover rollover-zoom dt-pswp-item\" title=\"Panam\u00e1 en Barrio Espino Foto Aidee Balderas\" data-dt-img-description=\"\" data-large_image_width=\"960\" data-large_image_height=\"720\"href='https:\/\/www.imer.mx\/rmi\/wp-content\/uploads\/sites\/3\/2018\/10\/Panam\u00e1-en-Barrio-Espino-Foto-Aidee-Balderas.jpg'><img loading=\"lazy\" decoding=\"async\" width=\"300\" height=\"225\" src=\"https:\/\/www.imer.mx\/rmi\/wp-content\/uploads\/sites\/3\/2018\/10\/Panam\u00e1-en-Barrio-Espino-Foto-Aidee-Balderas-300x225.jpg\" class=\"attachment-medium size-medium\" alt=\"\" aria-describedby=\"gallery-1-18630\" srcset=\"https:\/\/www.imer.mx\/rmi\/wp-content\/uploads\/sites\/3\/2018\/10\/Panam\u00e1-en-Barrio-Espino-Foto-Aidee-Balderas-300x225.jpg 300w, https:\/\/www.imer.mx\/rmi\/wp-content\/uploads\/sites\/3\/2018\/10\/Panam\u00e1-en-Barrio-Espino-Foto-Aidee-Balderas-768x576.jpg 768w, https:\/\/www.imer.mx\/rmi\/wp-content\/uploads\/sites\/3\/2018\/10\/Panam\u00e1-en-Barrio-Espino-Foto-Aidee-Balderas.jpg 960w\" sizes=\"auto, (max-width: 300px) 100vw, 300px\" \/><\/a>\n\t\t\t\t<\/dt>\n\t\t\t\t\t<dd class='wp-caption-text gallery-caption' id='gallery-1-18630'>\n\t\t\t\t\tPanam\u00e1 en Barrio Espino\n\t\t\t\t\t<\/dd><\/dl><br style=\"clear: both\" \/><dl class='gallery-item'>\n\t\t\t\t<dt class='gallery-icon landscape'>\n\t\t\t\t\t<a class=\"rollover rollover-zoom dt-pswp-item\" title=\"Jesusito Rodr\u00edguez de Cuba Foto Marta Fuentes\" data-dt-img-description=\"\" data-large_image_width=\"960\" data-large_image_height=\"720\"href='https:\/\/www.imer.mx\/rmi\/wp-content\/uploads\/sites\/3\/2018\/10\/Jesusito-Rodr\u00edguez-de-Cuba-Foto-Marta-Fuentes.jpg'><img loading=\"lazy\" decoding=\"async\" width=\"300\" height=\"225\" src=\"https:\/\/www.imer.mx\/rmi\/wp-content\/uploads\/sites\/3\/2018\/10\/Jesusito-Rodr\u00edguez-de-Cuba-Foto-Marta-Fuentes-300x225.jpg\" class=\"attachment-medium size-medium\" alt=\"\" aria-describedby=\"gallery-1-18625\" srcset=\"https:\/\/www.imer.mx\/rmi\/wp-content\/uploads\/sites\/3\/2018\/10\/Jesusito-Rodr\u00edguez-de-Cuba-Foto-Marta-Fuentes-300x225.jpg 300w, https:\/\/www.imer.mx\/rmi\/wp-content\/uploads\/sites\/3\/2018\/10\/Jesusito-Rodr\u00edguez-de-Cuba-Foto-Marta-Fuentes-768x576.jpg 768w, https:\/\/www.imer.mx\/rmi\/wp-content\/uploads\/sites\/3\/2018\/10\/Jesusito-Rodr\u00edguez-de-Cuba-Foto-Marta-Fuentes.jpg 960w\" sizes=\"auto, (max-width: 300px) 100vw, 300px\" \/><\/a>\n\t\t\t\t<\/dt>\n\t\t\t\t\t<dd class='wp-caption-text gallery-caption' id='gallery-1-18625'>\n\t\t\t\t\tJesusito Rodr\u00edguez de Cuba Foto Marta Fuentes\n\t\t\t\t\t<\/dd><\/dl><dl class='gallery-item'>\n\t\t\t\t<dt class='gallery-icon landscape'>\n\t\t\t\t\t<a class=\"rollover rollover-zoom dt-pswp-item\" title=\"01 Argentina y uruguay Foto Aidee Balderas\" data-dt-img-description=\"\" data-large_image_width=\"960\" data-large_image_height=\"720\"href='https:\/\/www.imer.mx\/rmi\/wp-content\/uploads\/sites\/3\/2018\/10\/01-Argentina-y-uruguay-Foto-Aidee-Balderas.jpg'><img loading=\"lazy\" decoding=\"async\" width=\"300\" height=\"225\" src=\"https:\/\/www.imer.mx\/rmi\/wp-content\/uploads\/sites\/3\/2018\/10\/01-Argentina-y-uruguay-Foto-Aidee-Balderas-300x225.jpg\" class=\"attachment-medium size-medium\" alt=\"\" aria-describedby=\"gallery-1-18618\" srcset=\"https:\/\/www.imer.mx\/rmi\/wp-content\/uploads\/sites\/3\/2018\/10\/01-Argentina-y-uruguay-Foto-Aidee-Balderas-300x225.jpg 300w, https:\/\/www.imer.mx\/rmi\/wp-content\/uploads\/sites\/3\/2018\/10\/01-Argentina-y-uruguay-Foto-Aidee-Balderas-768x576.jpg 768w, https:\/\/www.imer.mx\/rmi\/wp-content\/uploads\/sites\/3\/2018\/10\/01-Argentina-y-uruguay-Foto-Aidee-Balderas.jpg 960w\" sizes=\"auto, (max-width: 300px) 100vw, 300px\" \/><\/a>\n\t\t\t\t<\/dt>\n\t\t\t\t\t<dd class='wp-caption-text gallery-caption' id='gallery-1-18618'>\n\t\t\t\t\tArgentina y Uruguay \n\t\t\t\t\t<\/dd><\/dl><br style=\"clear: both\" \/><dl class='gallery-item'>\n\t\t\t\t<dt class='gallery-icon landscape'>\n\t\t\t\t\t<a class=\"rollover rollover-zoom dt-pswp-item\" title=\"Modesto Nieves en Juncos Foto Aidee Balderas\" data-dt-img-description=\"\" data-large_image_width=\"960\" data-large_image_height=\"720\"href='https:\/\/www.imer.mx\/rmi\/wp-content\/uploads\/sites\/3\/2018\/10\/Modesto-Nieves-en-Juncos-Foto-Aidee-Balderas.jpg'><img loading=\"lazy\" decoding=\"async\" width=\"300\" height=\"225\" src=\"https:\/\/www.imer.mx\/rmi\/wp-content\/uploads\/sites\/3\/2018\/10\/Modesto-Nieves-en-Juncos-Foto-Aidee-Balderas-300x225.jpg\" class=\"attachment-medium size-medium\" alt=\"\" aria-describedby=\"gallery-1-18629\" srcset=\"https:\/\/www.imer.mx\/rmi\/wp-content\/uploads\/sites\/3\/2018\/10\/Modesto-Nieves-en-Juncos-Foto-Aidee-Balderas-300x225.jpg 300w, https:\/\/www.imer.mx\/rmi\/wp-content\/uploads\/sites\/3\/2018\/10\/Modesto-Nieves-en-Juncos-Foto-Aidee-Balderas-768x576.jpg 768w, https:\/\/www.imer.mx\/rmi\/wp-content\/uploads\/sites\/3\/2018\/10\/Modesto-Nieves-en-Juncos-Foto-Aidee-Balderas.jpg 960w\" sizes=\"auto, (max-width: 300px) 100vw, 300px\" \/><\/a>\n\t\t\t\t<\/dt>\n\t\t\t\t\t<dd class='wp-caption-text gallery-caption' id='gallery-1-18629'>\n\t\t\t\t\tModesto Nieves en Juncos\n\t\t\t\t\t<\/dd><\/dl><dl class='gallery-item'>\n\t\t\t\t<dt class='gallery-icon landscape'>\n\t\t\t\t\t<a class=\"rollover rollover-zoom dt-pswp-item\" title=\"02 En la plaza de Caguas Foto AideeBalderas\" data-dt-img-description=\"\" data-large_image_width=\"960\" data-large_image_height=\"720\"href='https:\/\/www.imer.mx\/rmi\/wp-content\/uploads\/sites\/3\/2018\/10\/02-En-la-plaza-de-Caguas-Foto-AideeBalderas.jpg'><img loading=\"lazy\" decoding=\"async\" width=\"300\" height=\"225\" src=\"https:\/\/www.imer.mx\/rmi\/wp-content\/uploads\/sites\/3\/2018\/10\/02-En-la-plaza-de-Caguas-Foto-AideeBalderas-300x225.jpg\" class=\"attachment-medium size-medium\" alt=\"\" aria-describedby=\"gallery-1-18619\" srcset=\"https:\/\/www.imer.mx\/rmi\/wp-content\/uploads\/sites\/3\/2018\/10\/02-En-la-plaza-de-Caguas-Foto-AideeBalderas-300x225.jpg 300w, https:\/\/www.imer.mx\/rmi\/wp-content\/uploads\/sites\/3\/2018\/10\/02-En-la-plaza-de-Caguas-Foto-AideeBalderas-768x576.jpg 768w, https:\/\/www.imer.mx\/rmi\/wp-content\/uploads\/sites\/3\/2018\/10\/02-En-la-plaza-de-Caguas-Foto-AideeBalderas.jpg 960w\" sizes=\"auto, (max-width: 300px) 100vw, 300px\" \/><\/a>\n\t\t\t\t<\/dt>\n\t\t\t\t\t<dd class='wp-caption-text gallery-caption' id='gallery-1-18619'>\n\t\t\t\t\tEn la plaza de Caguas\n\t\t\t\t\t<\/dd><\/dl><br style=\"clear: both\" \/>\n\t\t\t<\/div>\n\n<p>Para garantizar que la tradici\u00f3n musical contin\u00fae, Deciman\u00eda le apuesta a la formaci\u00f3n de nuevos relevos generacionales y realiz\u00f3 en la Hacienda Mu\u00f1oz en San Lorenzo, el Congreso de Ni\u00f1os Trovadores, donde participaron 180 ni\u00f1os de doce talleres que se imparten en algunos puntos de la Isla. Esta actividad fue coordinada por Samuel Quijano.<\/p>\n<p>Los trovadores boricuas levantan su bandera y entonan a ritmo de seises y aguinaldos su canto rebelde que reafirma su identidad nacional puetorrique\u00f1a. Junto con los trovadores del mundo en el Colegio de Abogados en San Juan, entonaron versos que claman por el respeto de los derechos humanos.<\/p>\n<p>Cada noche de la Semana del Trovador estuvo llena de agradables sorpresas y en Caguas Charlie Aponte, exvocalista del Gran Combo, haciendo gala de su talento y sencillez se sumo a la fiesta para cantar La Loma del Tamarindo.<\/p>\n<p>Durante m\u00e1s de una semana, los trovadores del mundo mostraron su tremendo talento para improvisar versos en d\u00e9cima, decimilla, cuarteta, quintilla y sextilla. Estas formas estr\u00f3ficas viajaron en los nav\u00edos de los conquistadores de Am\u00e9rica y se arraigaron en la m\u00fasica popular, principalmente en el \u00e1mbito campesino. Hoy en d\u00eda esta expresi\u00f3n lucha por sobrevivir en el Viejo Continente, pero en Am\u00e9rica se encuentra m\u00e1s viva que nunca por ejemplo el uso de la quintilla (estrofa de cinco versos de ocho s\u00edlabas) se interpreta en el trovo en Alpujarra y Murcia, Espa\u00f1a, sin embargo cada vez son menos sus cultores. En M\u00e9xico se usa esta forma estr\u00f3fica en el son huasteco y son innumerables los tr\u00edos huastecos que la cantan y a\u00fan mayor la cantidad de gente que la baila, ya que en una noche se puede reunir hasta cinco mil personas en una plaza publica que disfrutan de esta expresi\u00f3n.<\/p>\n\n\t\t\t<style type='text\/css'>\n\t\t\t\t#gallery-2 {\n\t\t\t\t\tmargin: auto;\n\t\t\t\t}\n\t\t\t\t#gallery-2 .gallery-item {\n\t\t\t\t\tfloat: left;\n\t\t\t\t\tmargin-top: 10px;\n\t\t\t\t\ttext-align: center;\n\t\t\t\t\twidth: 50%;\n\t\t\t\t}\n\t\t\t\t#gallery-2 img {\n\t\t\t\t\tborder: 2px solid #cfcfcf;\n\t\t\t\t}\n\t\t\t\t#gallery-2 .gallery-caption {\n\t\t\t\t\tmargin-left: 0;\n\t\t\t\t}\n\t\t\t\t\/* see gallery_shortcode() in wp-includes\/media.php *\/\n\t\t\t<\/style>\n\t\t<div id='gallery-2' class='dt-gallery-container gallery galleryid-18616 gallery-columns-2 gallery-size-medium'><dl class='gallery-item'>\n\t\t\t\t<dt class='gallery-icon landscape'>\n\t\t\t\t\t<a class=\"rollover rollover-zoom dt-pswp-item\" title=\"06 Concurso de trovadores en Espino Foto Aidee Balderas\" data-dt-img-description=\"\" data-large_image_width=\"960\" data-large_image_height=\"720\"href='https:\/\/www.imer.mx\/rmi\/wp-content\/uploads\/sites\/3\/2018\/10\/06-Concurso-de-trovadores-en-Espino-Foto-Aidee-Balderas.jpg'><img loading=\"lazy\" decoding=\"async\" width=\"300\" height=\"225\" src=\"https:\/\/www.imer.mx\/rmi\/wp-content\/uploads\/sites\/3\/2018\/10\/06-Concurso-de-trovadores-en-Espino-Foto-Aidee-Balderas-300x225.jpg\" class=\"attachment-medium size-medium\" alt=\"\" aria-describedby=\"gallery-2-18623\" srcset=\"https:\/\/www.imer.mx\/rmi\/wp-content\/uploads\/sites\/3\/2018\/10\/06-Concurso-de-trovadores-en-Espino-Foto-Aidee-Balderas-300x225.jpg 300w, https:\/\/www.imer.mx\/rmi\/wp-content\/uploads\/sites\/3\/2018\/10\/06-Concurso-de-trovadores-en-Espino-Foto-Aidee-Balderas-768x576.jpg 768w, https:\/\/www.imer.mx\/rmi\/wp-content\/uploads\/sites\/3\/2018\/10\/06-Concurso-de-trovadores-en-Espino-Foto-Aidee-Balderas.jpg 960w\" sizes=\"auto, (max-width: 300px) 100vw, 300px\" \/><\/a>\n\t\t\t\t<\/dt>\n\t\t\t\t\t<dd class='wp-caption-text gallery-caption' id='gallery-2-18623'>\n\t\t\t\t\tConcurso de trovadores en Espino \n\t\t\t\t\t<\/dd><\/dl><dl class='gallery-item'>\n\t\t\t\t<dt class='gallery-icon landscape'>\n\t\t\t\t\t<a class=\"rollover rollover-zoom dt-pswp-item\" title=\"Tr\u00edo Amanecer Huasteco Foto Joel Nazario\" data-dt-img-description=\"\" data-large_image_width=\"960\" data-large_image_height=\"720\"href='https:\/\/www.imer.mx\/rmi\/wp-content\/uploads\/sites\/3\/2018\/10\/Tr\u00edo-Amanecer-Huasteco-Foto-Joel-Nazario.jpg'><img loading=\"lazy\" decoding=\"async\" width=\"300\" height=\"225\" src=\"https:\/\/www.imer.mx\/rmi\/wp-content\/uploads\/sites\/3\/2018\/10\/Tr\u00edo-Amanecer-Huasteco-Foto-Joel-Nazario-300x225.jpg\" class=\"attachment-medium size-medium\" alt=\"\" aria-describedby=\"gallery-2-18617\" srcset=\"https:\/\/www.imer.mx\/rmi\/wp-content\/uploads\/sites\/3\/2018\/10\/Tr\u00edo-Amanecer-Huasteco-Foto-Joel-Nazario-300x225.jpg 300w, https:\/\/www.imer.mx\/rmi\/wp-content\/uploads\/sites\/3\/2018\/10\/Tr\u00edo-Amanecer-Huasteco-Foto-Joel-Nazario-768x576.jpg 768w, https:\/\/www.imer.mx\/rmi\/wp-content\/uploads\/sites\/3\/2018\/10\/Tr\u00edo-Amanecer-Huasteco-Foto-Joel-Nazario.jpg 960w\" sizes=\"auto, (max-width: 300px) 100vw, 300px\" \/><\/a>\n\t\t\t\t<\/dt>\n\t\t\t\t\t<dd class='wp-caption-text gallery-caption' id='gallery-2-18617'>\n\t\t\t\t\tTr\u00edo Amanecer Huasteco Foto Joel Nazario\n\t\t\t\t\t<\/dd><\/dl><br style=\"clear: both\" \/>\n\t\t\t<\/div>\n\n<p>Esperamos con emoci\u00f3n la emisi\u00f3n, a trav\u00e9s de Radio M\u00e9xico Internacional del Instituto Mexicano de la Radio, de la Tercera Temporada de la serie de radio \u201cTrovadores y Juglares\u201d que se nutre con la transmisi\u00f3n de los conciertos que fueron grabados en vivo durante la Semana del Trovador y con los testimonios de los artistas.<\/p>\n<p>Felicidades a Deciman\u00eda de Puerto Rico por el tremendo trabajo que realiza a favor del verso improvisado con lo que contribuye enormemente a fortalecer la l\u00edrica popular. Todo esto es posible, como dijera Omar Santiago, porque \u201cNosotros amamos el Folklor\u201d.<\/p>\n","protected":false},"excerpt":{"rendered":"<p>Del 28 de septiembre al 7 de octubre de 2018 se realiz\u00f3 en Puerto Rico la novena \u201cSemana del Trovador Puertorrique\u00f1o. Trovadores del mundo\u201d. Cultores del verso improvisado de Argentina, Uruguay, M\u00e9xico, Panam\u00e1, Colombia, Chile, Cuba y Puerto Rico se dieron cita en las plazas p\u00fablicas de Hormigueros, Barrio Espino en San Lorenzo, Juncos, Ciales, Caguas y Hatillo, as\u00ed como en el Colegio de Abogados en San Juan y la Universidad Interamericana de Arecibo.<\/p>\n","protected":false},"author":34,"featured_media":18631,"comment_status":"open","ping_status":"open","sticky":false,"template":"","format":"standard","meta":{"wp_popup_display_lightbox":0,"wp_popup_suppress":"","wp_popup_trigger":"","wp_popup_trigger_amount":0,"wp_popup_disable_on_mobile":false,"footnotes":""},"categories":[8,3],"tags":[],"class_list":["post-18616","post","type-post","status-publish","format-standard","has-post-thumbnail","hentry","category-destacados","category-radiomexicointernacional","category-8","category-3","description-off"],"_links":{"self":[{"href":"https:\/\/www.imer.mx\/rmi\/wp-json\/wp\/v2\/posts\/18616","targetHints":{"allow":["GET"]}}],"collection":[{"href":"https:\/\/www.imer.mx\/rmi\/wp-json\/wp\/v2\/posts"}],"about":[{"href":"https:\/\/www.imer.mx\/rmi\/wp-json\/wp\/v2\/types\/post"}],"author":[{"embeddable":true,"href":"https:\/\/www.imer.mx\/rmi\/wp-json\/wp\/v2\/users\/34"}],"replies":[{"embeddable":true,"href":"https:\/\/www.imer.mx\/rmi\/wp-json\/wp\/v2\/comments?post=18616"}],"version-history":[{"count":0,"href":"https:\/\/www.imer.mx\/rmi\/wp-json\/wp\/v2\/posts\/18616\/revisions"}],"wp:featuredmedia":[{"embeddable":true,"href":"https:\/\/www.imer.mx\/rmi\/wp-json\/wp\/v2\/media\/18631"}],"wp:attachment":[{"href":"https:\/\/www.imer.mx\/rmi\/wp-json\/wp\/v2\/media?parent=18616"}],"wp:term":[{"taxonomy":"category","embeddable":true,"href":"https:\/\/www.imer.mx\/rmi\/wp-json\/wp\/v2\/categories?post=18616"},{"taxonomy":"post_tag","embeddable":true,"href":"https:\/\/www.imer.mx\/rmi\/wp-json\/wp\/v2\/tags?post=18616"}],"curies":[{"name":"wp","href":"https:\/\/api.w.org\/{rel}","templated":true}]}}