{"id":18226,"date":"2018-08-23T09:21:35","date_gmt":"2018-08-23T14:21:35","guid":{"rendered":"https:\/\/www.imer.mx\/rmi\/?p=18226"},"modified":"2018-08-23T09:21:35","modified_gmt":"2018-08-23T14:21:35","slug":"compania-de-teatro-liate-en-la-cabina-de-rmi","status":"publish","type":"post","link":"https:\/\/www.imer.mx\/rmi\/compania-de-teatro-liate-en-la-cabina-de-rmi\/","title":{"rendered":"Compa\u00f1\u00eda de teatro \u201cL\u00edate\u201d en la cabina de RMI."},"content":{"rendered":"<h5>Escucha la entrevista con Alba Alonso y Jorge Caballero, Compa\u00f1\u00eda de Teatro L\u00edate.<\/h5>\n<audio class=\"wp-audio-shortcode\" id=\"audio-18226-1\" preload=\"none\" style=\"width: 100%;\" controls=\"controls\"><source type=\"audio\/mpeg\" src=\"https:\/\/www.imer.mx\/rmi\/wp-content\/uploads\/sites\/3\/2018\/08\/Entrevista-LiateTeatro-Cabaret-ok.mp3?_=1\" \/><a href=\"https:\/\/www.imer.mx\/rmi\/wp-content\/uploads\/sites\/3\/2018\/08\/Entrevista-LiateTeatro-Cabaret-ok.mp3\">https:\/\/www.imer.mx\/rmi\/wp-content\/uploads\/sites\/3\/2018\/08\/Entrevista-LiateTeatro-Cabaret-ok.mp3<\/a><\/audio>\n<p>&nbsp;<\/p>\n<p><img loading=\"lazy\" decoding=\"async\" class=\"alignleft wp-image-18231 size-medium\" src=\"https:\/\/www.imer.mx\/rmi\/wp-content\/uploads\/sites\/3\/2018\/08\/2761-300x200.jpg\" alt=\"\" width=\"300\" height=\"200\" srcset=\"https:\/\/www.imer.mx\/rmi\/wp-content\/uploads\/sites\/3\/2018\/08\/2761-300x200.jpg 300w, https:\/\/www.imer.mx\/rmi\/wp-content\/uploads\/sites\/3\/2018\/08\/2761-768x512.jpg 768w, https:\/\/www.imer.mx\/rmi\/wp-content\/uploads\/sites\/3\/2018\/08\/2761.jpg 960w\" sizes=\"auto, (max-width: 300px) 100vw, 300px\" \/>Nos dio mucho gusto recibir en la cabina de Radio M\u00e9xico Internacional a la compa\u00f1\u00eda de teatro \u201cL\u00edate\u201d cuyas puestas en escena provocadoras, amenas, intensas, apuestan por un teatro inteligente que usa la iron\u00eda como instrumento para denunciar y agitar las conciencias. En esta ocasi\u00f3n Alba Alonso, actriz y directora, y Jorge Caballero, actor, compartieron con nuestros oyentes los detalles de su pr\u00f3ximo estreno \u201cImposible violar a una mujer tan viciosa\u201d y del reestreno de la obra \u201cUna investigaci\u00f3n pornogr\u00e1fica\u201d. Esta \u00faltima ha tenido varias temporadas muy exitosas en diferentes escenarios de la Ciudad de M\u00e9xico, es una propuesta inquietante y divertida que explora el tema de la doble moral en torno a la sexualidad y que se nutre de diferentes textos, sobre todo del libro \u201cTeor\u00eda King Kong de Virgine Despentes. La otra obra, \u201cImposible violar a una mujer tan viciosa\u201d, se estrenar\u00e1 en el <img loading=\"lazy\" decoding=\"async\" class=\"alignright wp-image-18232 size-medium\" src=\"https:\/\/www.imer.mx\/rmi\/wp-content\/uploads\/sites\/3\/2018\/08\/2775-300x200.jpg\" alt=\"\" width=\"300\" height=\"200\" srcset=\"https:\/\/www.imer.mx\/rmi\/wp-content\/uploads\/sites\/3\/2018\/08\/2775-300x200.jpg 300w, https:\/\/www.imer.mx\/rmi\/wp-content\/uploads\/sites\/3\/2018\/08\/2775-768x512.jpg 768w, https:\/\/www.imer.mx\/rmi\/wp-content\/uploads\/sites\/3\/2018\/08\/2775.jpg 960w\" sizes=\"auto, (max-width: 300px) 100vw, 300px\" \/>marco del 16\u00ba Festival Internacional de Cabaret en el Teatro Bar El Vicio, y, seg\u00fan comenta Alba Alonso, tiene la intenci\u00f3n de hacer una denuncia de lo que sigue consider\u00e1ndose como abuso y no como violaci\u00f3n. Se busca conmover al p\u00fablico con un trabajo creativo s\u00f3lido y generar una actitud de cambio frente a la normalizaci\u00f3n y permisividad de las actitudes sociales que alimentan la cada vez m\u00e1s grave problem\u00e1tica de la violencia hacia las mujeres. El estreno ser\u00e1 el viernes 24 de agosto a las 21:30 hrs en El Vicio, calle Madrid #13, Col. del Carmen, Coyoac\u00e1n. En tanto que \u201cUna Investigaci\u00f3n pornogr\u00e1fica\u201d se estar\u00e1 presentando los viernes, del 31 de agosto al 28 de septiembre a las 21:45 hrs en el Foro Teatral Bellecense de la calle Zempoala #90 Col. Narvarte, Ciudad de M\u00e9xico.<\/p>\n<p><img loading=\"lazy\" decoding=\"async\" class=\"alignright wp-image-18229 size-medium\" src=\"https:\/\/www.imer.mx\/rmi\/wp-content\/uploads\/sites\/3\/2018\/08\/2780-300x200.jpg\" alt=\"\" width=\"300\" height=\"200\" srcset=\"https:\/\/www.imer.mx\/rmi\/wp-content\/uploads\/sites\/3\/2018\/08\/2780-300x200.jpg 300w, https:\/\/www.imer.mx\/rmi\/wp-content\/uploads\/sites\/3\/2018\/08\/2780-768x512.jpg 768w, https:\/\/www.imer.mx\/rmi\/wp-content\/uploads\/sites\/3\/2018\/08\/2780.jpg 960w\" sizes=\"auto, (max-width: 300px) 100vw, 300px\" \/><\/p>\n","protected":false},"excerpt":{"rendered":"<p>Nos dio mucho gusto recibir en la cabina de Radio M\u00e9xico Internacional a la compa\u00f1\u00eda de teatro \u201cL\u00edate\u201d cuyas puestas en escena provocadoras, amenas, intensas, apuestan por un teatro inteligente que usa la iron\u00eda y el testimonio como instrumentos para denunciar y agitar las conciencias.<\/p>\n","protected":false},"author":34,"featured_media":18230,"comment_status":"open","ping_status":"open","sticky":false,"template":"","format":"standard","meta":{"wp_popup_display_lightbox":0,"wp_popup_suppress":"","wp_popup_trigger":"","wp_popup_trigger_amount":0,"wp_popup_disable_on_mobile":false,"footnotes":""},"categories":[8,3],"tags":[],"class_list":["post-18226","post","type-post","status-publish","format-standard","has-post-thumbnail","hentry","category-destacados","category-radiomexicointernacional","category-8","category-3","description-off"],"_links":{"self":[{"href":"https:\/\/www.imer.mx\/rmi\/wp-json\/wp\/v2\/posts\/18226","targetHints":{"allow":["GET"]}}],"collection":[{"href":"https:\/\/www.imer.mx\/rmi\/wp-json\/wp\/v2\/posts"}],"about":[{"href":"https:\/\/www.imer.mx\/rmi\/wp-json\/wp\/v2\/types\/post"}],"author":[{"embeddable":true,"href":"https:\/\/www.imer.mx\/rmi\/wp-json\/wp\/v2\/users\/34"}],"replies":[{"embeddable":true,"href":"https:\/\/www.imer.mx\/rmi\/wp-json\/wp\/v2\/comments?post=18226"}],"version-history":[{"count":0,"href":"https:\/\/www.imer.mx\/rmi\/wp-json\/wp\/v2\/posts\/18226\/revisions"}],"wp:featuredmedia":[{"embeddable":true,"href":"https:\/\/www.imer.mx\/rmi\/wp-json\/wp\/v2\/media\/18230"}],"wp:attachment":[{"href":"https:\/\/www.imer.mx\/rmi\/wp-json\/wp\/v2\/media?parent=18226"}],"wp:term":[{"taxonomy":"category","embeddable":true,"href":"https:\/\/www.imer.mx\/rmi\/wp-json\/wp\/v2\/categories?post=18226"},{"taxonomy":"post_tag","embeddable":true,"href":"https:\/\/www.imer.mx\/rmi\/wp-json\/wp\/v2\/tags?post=18226"}],"curies":[{"name":"wp","href":"https:\/\/api.w.org\/{rel}","templated":true}]}}