{"id":18154,"date":"2018-08-01T14:15:42","date_gmt":"2018-08-01T19:15:42","guid":{"rendered":"https:\/\/www.imer.mx\/rmi\/?p=18154"},"modified":"2018-08-01T18:03:32","modified_gmt":"2018-08-01T23:03:32","slug":"transitares","status":"publish","type":"post","link":"https:\/\/www.imer.mx\/rmi\/transitares\/","title":{"rendered":"TransitarES Duo, en la cabina del Radio M\u00e9xico Internacional."},"content":{"rendered":"<p><img loading=\"lazy\" decoding=\"async\" class=\"alignleft wp-image-18160 size-thumbnail\" src=\"https:\/\/www.imer.mx\/rmi\/wp-content\/uploads\/sites\/3\/2018\/08\/Disco-150x150.jpg\" alt=\"\" width=\"150\" height=\"150\" srcset=\"https:\/\/www.imer.mx\/rmi\/wp-content\/uploads\/sites\/3\/2018\/08\/Disco-150x150.jpg 150w, https:\/\/www.imer.mx\/rmi\/wp-content\/uploads\/sites\/3\/2018\/08\/Disco-300x298.jpg 300w, https:\/\/www.imer.mx\/rmi\/wp-content\/uploads\/sites\/3\/2018\/08\/Disco-768x762.jpg 768w, https:\/\/www.imer.mx\/rmi\/wp-content\/uploads\/sites\/3\/2018\/08\/Disco.jpg 880w\" sizes=\"auto, (max-width: 150px) 100vw, 150px\" \/>La m\u00fasica de M\u00e9xico tiene muchos rostros y diversos matices, en ella caben infinidad de propuestas de calidad como aquellas en las que los sonidos acad\u00e9micos conviven con el universo de la m\u00fasica tradicional y popular. Ese es el caso del dueto TransitarES que hace unos d\u00edas visit\u00f3 la cabina de Radio M\u00e9xico Internacional para compartir con nuestro p\u00fablico su proyecto, el cual se ha plasmado en el disco titulado \u201cViajes del Coraz\u00f3n\u201d. Los integrantes de TransitarES son la mezzosoprano Ruth Ram\u00edrez formada en el Centro de Investigaci\u00f3n y Estudios Musicales CIEM e integrante, desde 1987, del Coro de Madrigalistas del INBA; y el guitarrista y cantante Gerardo Matamoros, que curs\u00f3 estudios musicales en el Instituto Cardenal Miranda y en La Escuela Nacional de M\u00fasica de la UNAM. Ambos tienen una s\u00f3lida trayectoria de muchos a\u00f1os y es notorio el respeto y la admiraci\u00f3n que sienten el uno por el otro, lo cual representa un excelente punto de partida para sus propuestas sonoras. Afirman que TransitarES surgi\u00f3 \u201cde la necesidad de decir lo que el coraz\u00f3n sabe pero la mente duda, la naturaleza misma del canto en transformaci\u00f3n\u201d. En su propuesta conviven los boleros con los ritmos tradicionales y la m\u00fasica viaja a trav\u00e9s de la voz y la guitarra haciendo que un huapango lleve aires de cante jondo y que La Petenera viaje del Papaloapan al Guadalquivir.<\/p>\n\n\t\t\t<style type='text\/css'>\n\t\t\t\t#gallery-1 {\n\t\t\t\t\tmargin: auto;\n\t\t\t\t}\n\t\t\t\t#gallery-1 .gallery-item {\n\t\t\t\t\tfloat: left;\n\t\t\t\t\tmargin-top: 10px;\n\t\t\t\t\ttext-align: center;\n\t\t\t\t\twidth: 50%;\n\t\t\t\t}\n\t\t\t\t#gallery-1 img {\n\t\t\t\t\tborder: 2px solid #cfcfcf;\n\t\t\t\t}\n\t\t\t\t#gallery-1 .gallery-caption {\n\t\t\t\t\tmargin-left: 0;\n\t\t\t\t}\n\t\t\t\t\/* see gallery_shortcode() in wp-includes\/media.php *\/\n\t\t\t<\/style>\n\t\t<div id='gallery-1' class='dt-gallery-container gallery galleryid-18154 gallery-columns-2 gallery-size-medium'><dl class='gallery-item'>\n\t\t\t\t<dt class='gallery-icon portrait'>\n\t\t\t\t\t<a class=\"rollover rollover-zoom dt-pswp-item\" title=\"Ruth Ram\u00edrez\" data-dt-img-description=\"\" data-large_image_width=\"480\" data-large_image_height=\"717\"href='https:\/\/www.imer.mx\/rmi\/wp-content\/uploads\/sites\/3\/2018\/08\/Ruth-Ram\u00edrez.jpg'><img loading=\"lazy\" decoding=\"async\" width=\"201\" height=\"300\" src=\"https:\/\/www.imer.mx\/rmi\/wp-content\/uploads\/sites\/3\/2018\/08\/Ruth-Ram\u00edrez-201x300.jpg\" class=\"attachment-medium size-medium\" alt=\"\" srcset=\"https:\/\/www.imer.mx\/rmi\/wp-content\/uploads\/sites\/3\/2018\/08\/Ruth-Ram\u00edrez-201x300.jpg 201w, https:\/\/www.imer.mx\/rmi\/wp-content\/uploads\/sites\/3\/2018\/08\/Ruth-Ram\u00edrez.jpg 480w\" sizes=\"auto, (max-width: 201px) 100vw, 201px\" \/><\/a>\n\t\t\t\t<\/dt><\/dl><dl class='gallery-item'>\n\t\t\t\t<dt class='gallery-icon portrait'>\n\t\t\t\t\t<a class=\"rollover rollover-zoom dt-pswp-item\" title=\"Gerardo Matamoros\" data-dt-img-description=\"\" data-large_image_width=\"480\" data-large_image_height=\"717\"href='https:\/\/www.imer.mx\/rmi\/wp-content\/uploads\/sites\/3\/2018\/08\/Gerardo-Matamoros.jpg'><img loading=\"lazy\" decoding=\"async\" width=\"201\" height=\"300\" src=\"https:\/\/www.imer.mx\/rmi\/wp-content\/uploads\/sites\/3\/2018\/08\/Gerardo-Matamoros-201x300.jpg\" class=\"attachment-medium size-medium\" alt=\"\" srcset=\"https:\/\/www.imer.mx\/rmi\/wp-content\/uploads\/sites\/3\/2018\/08\/Gerardo-Matamoros-201x300.jpg 201w, https:\/\/www.imer.mx\/rmi\/wp-content\/uploads\/sites\/3\/2018\/08\/Gerardo-Matamoros.jpg 480w\" sizes=\"auto, (max-width: 201px) 100vw, 201px\" \/><\/a>\n\t\t\t\t<\/dt><\/dl><br style=\"clear: both\" \/>\n\t\t\t<\/div>\n\n<p>Compartimos aqu\u00ed con ustedes el podcast de la conversaci\u00f3n que Ruth Ram\u00edrez y Gerardo Matamosros, TransitarES, tuvieron con nuestra compa\u00f1era Ang\u00e9lica Trujillo. Sus canciones ya forman parte de nuestra programaci\u00f3n cotidiana. Gracias por su entusiasmo y su cuidadoso trabajo.<\/p>\n<audio class=\"wp-audio-shortcode\" id=\"audio-18154-1\" preload=\"none\" style=\"width: 100%;\" controls=\"controls\"><source type=\"audio\/mpeg\" src=\"https:\/\/www.imer.mx\/rmi\/wp-content\/uploads\/sites\/3\/2018\/08\/Entrevista-Angelica-trujillo-Duo-Transitar-es.mp3?_=1\" \/><a href=\"https:\/\/www.imer.mx\/rmi\/wp-content\/uploads\/sites\/3\/2018\/08\/Entrevista-Angelica-trujillo-Duo-Transitar-es.mp3\">https:\/\/www.imer.mx\/rmi\/wp-content\/uploads\/sites\/3\/2018\/08\/Entrevista-Angelica-trujillo-Duo-Transitar-es.mp3<\/a><\/audio>\n<p>&nbsp;<\/p>\n<p>&nbsp;<\/p>\n<p>&nbsp;<\/p>\n<p>&nbsp;<\/p>\n","protected":false},"excerpt":{"rendered":"<p>Hace unos d\u00edas la mezzosoprano Ruth Ram\u00edrez y el guitarrista Gerardo Matamoros, integrantes del dueto TransitarES, visitaron la cabina de Radio M\u00e9xico Internacional para compartir con nuestro p\u00fablico su proyecto, el cual se ha plasmado en el disco titulado \u201cViajes del Coraz\u00f3n\u201d.<\/p>\n","protected":false},"author":18,"featured_media":18162,"comment_status":"open","ping_status":"open","sticky":false,"template":"","format":"standard","meta":{"wp_popup_display_lightbox":0,"wp_popup_suppress":"","wp_popup_trigger":"","wp_popup_trigger_amount":0,"wp_popup_disable_on_mobile":false,"footnotes":""},"categories":[8,3],"tags":[],"class_list":["post-18154","post","type-post","status-publish","format-standard","has-post-thumbnail","hentry","category-destacados","category-radiomexicointernacional","category-8","category-3","description-off"],"_links":{"self":[{"href":"https:\/\/www.imer.mx\/rmi\/wp-json\/wp\/v2\/posts\/18154","targetHints":{"allow":["GET"]}}],"collection":[{"href":"https:\/\/www.imer.mx\/rmi\/wp-json\/wp\/v2\/posts"}],"about":[{"href":"https:\/\/www.imer.mx\/rmi\/wp-json\/wp\/v2\/types\/post"}],"author":[{"embeddable":true,"href":"https:\/\/www.imer.mx\/rmi\/wp-json\/wp\/v2\/users\/18"}],"replies":[{"embeddable":true,"href":"https:\/\/www.imer.mx\/rmi\/wp-json\/wp\/v2\/comments?post=18154"}],"version-history":[{"count":0,"href":"https:\/\/www.imer.mx\/rmi\/wp-json\/wp\/v2\/posts\/18154\/revisions"}],"wp:featuredmedia":[{"embeddable":true,"href":"https:\/\/www.imer.mx\/rmi\/wp-json\/wp\/v2\/media\/18162"}],"wp:attachment":[{"href":"https:\/\/www.imer.mx\/rmi\/wp-json\/wp\/v2\/media?parent=18154"}],"wp:term":[{"taxonomy":"category","embeddable":true,"href":"https:\/\/www.imer.mx\/rmi\/wp-json\/wp\/v2\/categories?post=18154"},{"taxonomy":"post_tag","embeddable":true,"href":"https:\/\/www.imer.mx\/rmi\/wp-json\/wp\/v2\/tags?post=18154"}],"curies":[{"name":"wp","href":"https:\/\/api.w.org\/{rel}","templated":true}]}}