{"id":18089,"date":"2018-07-27T09:03:14","date_gmt":"2018-07-27T14:03:14","guid":{"rendered":"https:\/\/www.imer.mx\/rmi\/?p=18089"},"modified":"2018-07-27T09:03:14","modified_gmt":"2018-07-27T14:03:14","slug":"una-charla-con-la-maestra-cecilia-lugo-itaca-el-viaje","status":"publish","type":"post","link":"https:\/\/www.imer.mx\/rmi\/una-charla-con-la-maestra-cecilia-lugo-itaca-el-viaje\/","title":{"rendered":"Una charla con la Maestra Cecilia Lugo: \u201c\u00cdtaca&#8230; el viaje\u201d."},"content":{"rendered":"<h4>Escucha la entrevista\u00a0on la Maestra Cecilia Lugo<\/h4>\n<audio class=\"wp-audio-shortcode\" id=\"audio-18089-1\" preload=\"none\" style=\"width: 100%;\" controls=\"controls\"><source type=\"audio\/mpeg\" src=\"https:\/\/www.imer.mx\/rmi\/wp-content\/uploads\/sites\/3\/2018\/07\/Entrevista-Bailarina-Cecilia-Lugo-espect\u00e1culo-Itaca-el-Viaje-25-Julio-2018.mp3?_=1\" \/><a href=\"https:\/\/www.imer.mx\/rmi\/wp-content\/uploads\/sites\/3\/2018\/07\/Entrevista-Bailarina-Cecilia-Lugo-espect\u00e1culo-Itaca-el-Viaje-25-Julio-2018.mp3\">https:\/\/www.imer.mx\/rmi\/wp-content\/uploads\/sites\/3\/2018\/07\/Entrevista-Bailarina-Cecilia-Lugo-espect\u00e1culo-Itaca-el-Viaje-25-Julio-2018.mp3<\/a><\/audio>\n<p>&nbsp;<\/p>\n<p style=\"text-align: right\"><strong>Cuando emprendas el viaje a \u00cdtaca<\/strong><br \/>\n<strong>pide que el camino sea largo<\/strong><br \/>\n<strong>lleno de aventuras, lleno de experiencias&#8230;<\/strong><br \/>\n<strong>Konstantinos Kavafis.<\/strong><\/p>\n<p><img loading=\"lazy\" decoding=\"async\" class=\"alignleft wp-image-18091 size-thumbnail\" src=\"https:\/\/www.imer.mx\/rmi\/wp-content\/uploads\/sites\/3\/2018\/07\/Cecilia-Lugo-150x150.jpeg\" alt=\"\" width=\"150\" height=\"150\" srcset=\"https:\/\/www.imer.mx\/rmi\/wp-content\/uploads\/sites\/3\/2018\/07\/Cecilia-Lugo-150x150.jpeg 150w, https:\/\/www.imer.mx\/rmi\/wp-content\/uploads\/sites\/3\/2018\/07\/Cecilia-Lugo-300x300.jpeg 300w, https:\/\/www.imer.mx\/rmi\/wp-content\/uploads\/sites\/3\/2018\/07\/Cecilia-Lugo.jpeg 400w\" sizes=\"auto, (max-width: 150px) 100vw, 150px\" \/>Ha sido un placer y un gran honor para Radio M\u00e9xico Internacional haber tenido en nuestra cabina a la Maestra Cecilia Lugo, bailarina. core\u00f3grafa y personaje fundamental de la danza contempor\u00e1nea en M\u00e9xico. Ella nos acompa\u00f1\u00f3 para conversar ampliamente con nuestra compa\u00f1era Rita Abreu sobre la danza, sobre su propia trayectoria, sobre los retos del trabajo art\u00edstico y sobre el espect\u00e1culo que su compa\u00f1\u00eda Contempodanza estrenar\u00e1 en el escenario del Palacio de Bellas Artes en la Ciudad de <img loading=\"lazy\" decoding=\"async\" class=\"alignright wp-image-18093 size-medium\" src=\"https:\/\/www.imer.mx\/rmi\/wp-content\/uploads\/sites\/3\/2018\/07\/ITACA-197x300.jpg\" alt=\"\" width=\"197\" height=\"300\" srcset=\"https:\/\/www.imer.mx\/rmi\/wp-content\/uploads\/sites\/3\/2018\/07\/ITACA-197x300.jpg 197w, https:\/\/www.imer.mx\/rmi\/wp-content\/uploads\/sites\/3\/2018\/07\/ITACA-768x1167.jpg 768w, https:\/\/www.imer.mx\/rmi\/wp-content\/uploads\/sites\/3\/2018\/07\/ITACA-674x1024.jpg 674w, https:\/\/www.imer.mx\/rmi\/wp-content\/uploads\/sites\/3\/2018\/07\/ITACA.jpg 1000w\" sizes=\"auto, (max-width: 197px) 100vw, 197px\" \/>M\u00e9xico, para despu\u00e9s continuar funciones en otros foros del pa\u00eds. Se trata de \u201c\u00cdtaca&#8230; el viaje\u201d, una \u201cmet\u00e1fora coreogr\u00e1fica en cuatro tiempos\u201d, que toma como punto de partida \u201cLa Odisea\u201d de Homero y el poema \u201cEl Viaje a \u00cdtaca\u201d de Konstantinos Kavafis. Es una creaci\u00f3n coreogr\u00e1fica de la Maestra Cecilia Lugo quien, adem\u00e1s, dirige los esfuerzos del extraordinario equipo de profesionales de la danza y de la escena que integran Contempodanza. La obra reflexiona sobre algunos de los grandes temas de todos los tiempos: el mito, la espera, la traves\u00eda, el viaje interior, los desaf\u00edos, la alegr\u00eda, los exilios, los misterios de la vida&#8230;<br \/>\nLa pl\u00e1tica con La maestra Cecilia Lugo fue para nosotros muy inspiradora. Nos dej\u00f3 deseosos de conocer esta propuesta danc\u00edstica y nos despert\u00f3 muchas inquietudes al constatar la variedad de rutas que sigue su trabajo creativo. Todo lo que somos nutre lo que hacemos y el arte abre la mirada y ampl\u00eda nuestras perspectivas. Es el gran liberador de las emociones y las reflexiones, un punto de encuentro con las inquietudes y los entusiasmos personales y colectivos. La po\u00e9tica de la danza es un regalo para el esp\u00edritu. Una oportunidad para la alegr\u00eda y el entendimiento. Muchas gracias a la Maestra Cecilia Lugo por el privilegio de su inteligente e inspiradora conversaci\u00f3n y gracias tambi\u00e9n, a ella y a todos los integrantes de Contempodanza, por este espect\u00e1culo y por el trabajo disciplinado y jubiloso que realizan d\u00eda a d\u00eda.<\/p>\n<p>&nbsp;<\/p>\n\n\t\t\t<style type='text\/css'>\n\t\t\t\t#gallery-1 {\n\t\t\t\t\tmargin: auto;\n\t\t\t\t}\n\t\t\t\t#gallery-1 .gallery-item {\n\t\t\t\t\tfloat: left;\n\t\t\t\t\tmargin-top: 10px;\n\t\t\t\t\ttext-align: center;\n\t\t\t\t\twidth: 50%;\n\t\t\t\t}\n\t\t\t\t#gallery-1 img {\n\t\t\t\t\tborder: 2px solid #cfcfcf;\n\t\t\t\t}\n\t\t\t\t#gallery-1 .gallery-caption {\n\t\t\t\t\tmargin-left: 0;\n\t\t\t\t}\n\t\t\t\t\/* see gallery_shortcode() in wp-includes\/media.php *\/\n\t\t\t<\/style>\n\t\t<div id='gallery-1' class='dt-gallery-container gallery galleryid-18089 gallery-columns-2 gallery-size-medium'><dl class='gallery-item'>\n\t\t\t\t<dt class='gallery-icon landscape'>\n\t\t\t\t\t<a class=\"rollover rollover-zoom dt-pswp-item\" title=\"Itaca_el_viaje_ContempoDanza_ALR_5557b\" data-dt-img-description=\"\" data-large_image_width=\"960\" data-large_image_height=\"578\"href='https:\/\/www.imer.mx\/rmi\/wp-content\/uploads\/sites\/3\/2018\/07\/Itaca_el_viaje_ContempoDanza_ALR_5557b.jpg'><img loading=\"lazy\" decoding=\"async\" width=\"300\" height=\"181\" src=\"https:\/\/www.imer.mx\/rmi\/wp-content\/uploads\/sites\/3\/2018\/07\/Itaca_el_viaje_ContempoDanza_ALR_5557b-300x181.jpg\" class=\"attachment-medium size-medium\" alt=\"\" srcset=\"https:\/\/www.imer.mx\/rmi\/wp-content\/uploads\/sites\/3\/2018\/07\/Itaca_el_viaje_ContempoDanza_ALR_5557b-300x181.jpg 300w, https:\/\/www.imer.mx\/rmi\/wp-content\/uploads\/sites\/3\/2018\/07\/Itaca_el_viaje_ContempoDanza_ALR_5557b-768x462.jpg 768w, https:\/\/www.imer.mx\/rmi\/wp-content\/uploads\/sites\/3\/2018\/07\/Itaca_el_viaje_ContempoDanza_ALR_5557b.jpg 960w\" sizes=\"auto, (max-width: 300px) 100vw, 300px\" \/><\/a>\n\t\t\t\t<\/dt><\/dl><dl class='gallery-item'>\n\t\t\t\t<dt class='gallery-icon landscape'>\n\t\t\t\t\t<a class=\"rollover rollover-zoom dt-pswp-item\" title=\"Itaca_el_viaje_ContempoDanza_ALR_5339b\" data-dt-img-description=\"\" data-large_image_width=\"960\" data-large_image_height=\"579\"href='https:\/\/www.imer.mx\/rmi\/wp-content\/uploads\/sites\/3\/2018\/07\/Itaca_el_viaje_ContempoDanza_ALR_5339b.jpg'><img loading=\"lazy\" decoding=\"async\" width=\"300\" height=\"181\" src=\"https:\/\/www.imer.mx\/rmi\/wp-content\/uploads\/sites\/3\/2018\/07\/Itaca_el_viaje_ContempoDanza_ALR_5339b-300x181.jpg\" class=\"attachment-medium size-medium\" alt=\"\" srcset=\"https:\/\/www.imer.mx\/rmi\/wp-content\/uploads\/sites\/3\/2018\/07\/Itaca_el_viaje_ContempoDanza_ALR_5339b-300x181.jpg 300w, https:\/\/www.imer.mx\/rmi\/wp-content\/uploads\/sites\/3\/2018\/07\/Itaca_el_viaje_ContempoDanza_ALR_5339b-768x463.jpg 768w, https:\/\/www.imer.mx\/rmi\/wp-content\/uploads\/sites\/3\/2018\/07\/Itaca_el_viaje_ContempoDanza_ALR_5339b.jpg 960w\" sizes=\"auto, (max-width: 300px) 100vw, 300px\" \/><\/a>\n\t\t\t\t<\/dt><\/dl><br style=\"clear: both\" \/><dl class='gallery-item'>\n\t\t\t\t<dt class='gallery-icon landscape'>\n\t\t\t\t\t<a class=\"rollover rollover-zoom dt-pswp-item\" title=\"Itaca_el_viaje_ContempoDanza_ALR_5068b\" data-dt-img-description=\"\" data-large_image_width=\"960\" data-large_image_height=\"597\"href='https:\/\/www.imer.mx\/rmi\/wp-content\/uploads\/sites\/3\/2018\/07\/Itaca_el_viaje_ContempoDanza_ALR_5068b.jpg'><img loading=\"lazy\" decoding=\"async\" width=\"300\" height=\"187\" src=\"https:\/\/www.imer.mx\/rmi\/wp-content\/uploads\/sites\/3\/2018\/07\/Itaca_el_viaje_ContempoDanza_ALR_5068b-300x187.jpg\" class=\"attachment-medium size-medium\" alt=\"\" srcset=\"https:\/\/www.imer.mx\/rmi\/wp-content\/uploads\/sites\/3\/2018\/07\/Itaca_el_viaje_ContempoDanza_ALR_5068b-300x187.jpg 300w, https:\/\/www.imer.mx\/rmi\/wp-content\/uploads\/sites\/3\/2018\/07\/Itaca_el_viaje_ContempoDanza_ALR_5068b-768x478.jpg 768w, https:\/\/www.imer.mx\/rmi\/wp-content\/uploads\/sites\/3\/2018\/07\/Itaca_el_viaje_ContempoDanza_ALR_5068b.jpg 960w\" sizes=\"auto, (max-width: 300px) 100vw, 300px\" \/><\/a>\n\t\t\t\t<\/dt><\/dl><dl class='gallery-item'>\n\t\t\t\t<dt class='gallery-icon landscape'>\n\t\t\t\t\t<a class=\"rollover rollover-zoom dt-pswp-item\" title=\"Itaca_el_viaje_ContempoDanza_ALR_5423b\" data-dt-img-description=\"\" data-large_image_width=\"960\" data-large_image_height=\"605\"href='https:\/\/www.imer.mx\/rmi\/wp-content\/uploads\/sites\/3\/2018\/07\/Itaca_el_viaje_ContempoDanza_ALR_5423b.jpg'><img loading=\"lazy\" decoding=\"async\" width=\"300\" height=\"189\" src=\"https:\/\/www.imer.mx\/rmi\/wp-content\/uploads\/sites\/3\/2018\/07\/Itaca_el_viaje_ContempoDanza_ALR_5423b-300x189.jpg\" class=\"attachment-medium size-medium\" alt=\"\" srcset=\"https:\/\/www.imer.mx\/rmi\/wp-content\/uploads\/sites\/3\/2018\/07\/Itaca_el_viaje_ContempoDanza_ALR_5423b-300x189.jpg 300w, https:\/\/www.imer.mx\/rmi\/wp-content\/uploads\/sites\/3\/2018\/07\/Itaca_el_viaje_ContempoDanza_ALR_5423b-768x484.jpg 768w, https:\/\/www.imer.mx\/rmi\/wp-content\/uploads\/sites\/3\/2018\/07\/Itaca_el_viaje_ContempoDanza_ALR_5423b.jpg 960w\" sizes=\"auto, (max-width: 300px) 100vw, 300px\" \/><\/a>\n\t\t\t\t<\/dt><\/dl><br style=\"clear: both\" \/>\n\t\t\t<\/div>\n\n","protected":false},"excerpt":{"rendered":"<p>La Maestra Cecilia Lugo, bailarina. core\u00f3grafa y personaje fundamental de la danza contempor\u00e1nea en M\u00e9xico, visit\u00f3 la cabina de Radio M\u00e9xico Internacional para charlar con nuestra compa\u00f1era Rita Abreu sobre el espect\u00e1culo de danza contempor\u00e1nea \u201c\u00cdtaca&#8230; el viaje\u201d que se estrenar\u00e1 en el Palacio de Bellas Artes. <\/p>\n","protected":false},"author":34,"featured_media":18092,"comment_status":"open","ping_status":"open","sticky":false,"template":"","format":"standard","meta":{"wp_popup_display_lightbox":0,"wp_popup_suppress":"","wp_popup_trigger":"","wp_popup_trigger_amount":0,"wp_popup_disable_on_mobile":false,"footnotes":""},"categories":[8,3],"tags":[],"class_list":["post-18089","post","type-post","status-publish","format-standard","has-post-thumbnail","hentry","category-destacados","category-radiomexicointernacional","category-8","category-3","description-off"],"_links":{"self":[{"href":"https:\/\/www.imer.mx\/rmi\/wp-json\/wp\/v2\/posts\/18089","targetHints":{"allow":["GET"]}}],"collection":[{"href":"https:\/\/www.imer.mx\/rmi\/wp-json\/wp\/v2\/posts"}],"about":[{"href":"https:\/\/www.imer.mx\/rmi\/wp-json\/wp\/v2\/types\/post"}],"author":[{"embeddable":true,"href":"https:\/\/www.imer.mx\/rmi\/wp-json\/wp\/v2\/users\/34"}],"replies":[{"embeddable":true,"href":"https:\/\/www.imer.mx\/rmi\/wp-json\/wp\/v2\/comments?post=18089"}],"version-history":[{"count":0,"href":"https:\/\/www.imer.mx\/rmi\/wp-json\/wp\/v2\/posts\/18089\/revisions"}],"wp:featuredmedia":[{"embeddable":true,"href":"https:\/\/www.imer.mx\/rmi\/wp-json\/wp\/v2\/media\/18092"}],"wp:attachment":[{"href":"https:\/\/www.imer.mx\/rmi\/wp-json\/wp\/v2\/media?parent=18089"}],"wp:term":[{"taxonomy":"category","embeddable":true,"href":"https:\/\/www.imer.mx\/rmi\/wp-json\/wp\/v2\/categories?post=18089"},{"taxonomy":"post_tag","embeddable":true,"href":"https:\/\/www.imer.mx\/rmi\/wp-json\/wp\/v2\/tags?post=18089"}],"curies":[{"name":"wp","href":"https:\/\/api.w.org\/{rel}","templated":true}]}}