{"id":18081,"date":"2018-07-25T14:56:35","date_gmt":"2018-07-25T19:56:35","guid":{"rendered":"https:\/\/www.imer.mx\/rmi\/?p=18081"},"modified":"2018-07-25T14:56:35","modified_gmt":"2018-07-25T19:56:35","slug":"teatro-mexicano-contemporaneo","status":"publish","type":"post","link":"https:\/\/www.imer.mx\/rmi\/teatro-mexicano-contemporaneo\/","title":{"rendered":"Teatro mexicano contempor\u00e1neo"},"content":{"rendered":"<p>&nbsp;<\/p>\n<audio class=\"wp-audio-shortcode\" id=\"audio-18081-1\" preload=\"none\" style=\"width: 100%;\" controls=\"controls\"><source type=\"audio\/mpeg\" src=\"https:\/\/www.imer.mx\/rmi\/wp-content\/uploads\/sites\/3\/2018\/07\/ENTREVISTA-Carilu-Navarro.mp3?_=1\" \/><a href=\"https:\/\/www.imer.mx\/rmi\/wp-content\/uploads\/sites\/3\/2018\/07\/ENTREVISTA-Carilu-Navarro.mp3\">https:\/\/www.imer.mx\/rmi\/wp-content\/uploads\/sites\/3\/2018\/07\/ENTREVISTA-Carilu-Navarro.mp3<\/a><\/audio>\n<p>&nbsp;<\/p>\n<p><img loading=\"lazy\" decoding=\"async\" class=\"alignleft wp-image-18083 size-thumbnail\" src=\"https:\/\/www.imer.mx\/rmi\/wp-content\/uploads\/sites\/3\/2018\/07\/Daniela-150x150.jpg\" alt=\"\" width=\"150\" height=\"150\" srcset=\"https:\/\/www.imer.mx\/rmi\/wp-content\/uploads\/sites\/3\/2018\/07\/Daniela-150x150.jpg 150w, https:\/\/www.imer.mx\/rmi\/wp-content\/uploads\/sites\/3\/2018\/07\/Daniela-300x300.jpg 300w, https:\/\/www.imer.mx\/rmi\/wp-content\/uploads\/sites\/3\/2018\/07\/Daniela.jpg 598w\" sizes=\"auto, (max-width: 150px) 100vw, 150px\" \/>La conversaci\u00f3n con la actriz Caril\u00fa Navarro sobre <em>Son s\u00f3lo tetas<\/em>, es una invitaci\u00f3n a asomarnos a lo que est\u00e1 sucediendo ahora mismo en el teatro mexicano. Una joven dramaturga, Daniela Zavala, se inspira en Casa de Mu\u00f1ecas del noruego Henrik Ibsen (1828-1906) y trae a dos de sus personajes al siglo XXI\u2026 Monta una pieza en formato de microteatro y suscita una muy pertinente confrontaci\u00f3n sobre identidad sexual, decisiones sin retorno, libertad y respeto a la condici\u00f3n humana. Interesante resulta adem\u00e1s que el conflicto principal, una transformaci\u00f3n irreversible, se sit\u00fae en el marco de la familia <img loading=\"lazy\" decoding=\"async\" class=\"alignright wp-image-18082 size-thumbnail\" src=\"https:\/\/www.imer.mx\/rmi\/wp-content\/uploads\/sites\/3\/2018\/07\/Carilu-150x150.jpg\" alt=\"\" width=\"150\" height=\"150\" srcset=\"https:\/\/www.imer.mx\/rmi\/wp-content\/uploads\/sites\/3\/2018\/07\/Carilu-150x150.jpg 150w, https:\/\/www.imer.mx\/rmi\/wp-content\/uploads\/sites\/3\/2018\/07\/Carilu-300x300.jpg 300w, https:\/\/www.imer.mx\/rmi\/wp-content\/uploads\/sites\/3\/2018\/07\/Carilu.jpg 767w\" sizes=\"auto, (max-width: 150px) 100vw, 150px\" \/>mexicana.<\/p>\n<p>La invitaci\u00f3n cordial a que escuchen esta charla en la que Caril\u00fa expresa lo que representa para ella el abordaje de este tema y su tratamiento, as\u00ed como la necesidad de que el teatro de vez en cuando nos sacuda y nos deje entrever emociones y dilemas que en muchas ocasiones preferimos barrer y ocultar debajo de la alfombra.<\/p>\n<p>Caril\u00fa comparte cr\u00e9ditos con la actriz Monserrat Monz\u00f3n, se presentan en Microteatro, calle Roble #3, colonia Santa Mar\u00eda La Rivera, mi\u00e9rcoles, viernes y domingo hasta el 5 de agosto.<\/p>\n","protected":false},"excerpt":{"rendered":"<p>La actriz Caril\u00fa Navarro visit\u00f3 la cabina de Radio M\u00e9xico Internacional para conversar con nosotros sobre un proyecto teatral que se est\u00e1 presentando en el espacio Microteatro, una nueva opci\u00f3n para la dramaturgia nacional y para la creatividad esc\u00e9nica. <\/p>\n","protected":false},"author":34,"featured_media":18085,"comment_status":"open","ping_status":"open","sticky":false,"template":"","format":"standard","meta":{"wp_popup_display_lightbox":0,"wp_popup_suppress":"","wp_popup_trigger":"","wp_popup_trigger_amount":0,"wp_popup_disable_on_mobile":false,"footnotes":""},"categories":[8,3],"tags":[],"class_list":["post-18081","post","type-post","status-publish","format-standard","has-post-thumbnail","hentry","category-destacados","category-radiomexicointernacional","category-8","category-3","description-off"],"_links":{"self":[{"href":"https:\/\/www.imer.mx\/rmi\/wp-json\/wp\/v2\/posts\/18081","targetHints":{"allow":["GET"]}}],"collection":[{"href":"https:\/\/www.imer.mx\/rmi\/wp-json\/wp\/v2\/posts"}],"about":[{"href":"https:\/\/www.imer.mx\/rmi\/wp-json\/wp\/v2\/types\/post"}],"author":[{"embeddable":true,"href":"https:\/\/www.imer.mx\/rmi\/wp-json\/wp\/v2\/users\/34"}],"replies":[{"embeddable":true,"href":"https:\/\/www.imer.mx\/rmi\/wp-json\/wp\/v2\/comments?post=18081"}],"version-history":[{"count":0,"href":"https:\/\/www.imer.mx\/rmi\/wp-json\/wp\/v2\/posts\/18081\/revisions"}],"wp:featuredmedia":[{"embeddable":true,"href":"https:\/\/www.imer.mx\/rmi\/wp-json\/wp\/v2\/media\/18085"}],"wp:attachment":[{"href":"https:\/\/www.imer.mx\/rmi\/wp-json\/wp\/v2\/media?parent=18081"}],"wp:term":[{"taxonomy":"category","embeddable":true,"href":"https:\/\/www.imer.mx\/rmi\/wp-json\/wp\/v2\/categories?post=18081"},{"taxonomy":"post_tag","embeddable":true,"href":"https:\/\/www.imer.mx\/rmi\/wp-json\/wp\/v2\/tags?post=18081"}],"curies":[{"name":"wp","href":"https:\/\/api.w.org\/{rel}","templated":true}]}}