{"id":17914,"date":"2018-07-02T16:41:43","date_gmt":"2018-07-02T21:41:43","guid":{"rendered":"http:\/\/www.imer.mx\/rmi\/?p=17914"},"modified":"2018-12-11T21:03:01","modified_gmt":"2018-12-12T03:03:01","slug":"el-valle-tehucacan-cuicatlan-de-los-estados-de-puebla-y-oaxaca-es-inscrito-por-la-unesco-en-la-lista-del-patrimonio-de-la-humanidad","status":"publish","type":"post","link":"https:\/\/www.imer.mx\/rmi\/el-valle-tehucacan-cuicatlan-de-los-estados-de-puebla-y-oaxaca-es-inscrito-por-la-unesco-en-la-lista-del-patrimonio-de-la-humanidad\/","title":{"rendered":"El Valle Tehuac\u00e1n-Cuicatl\u00e1n de los estados de Puebla y Oaxaca es inscrito por la UNESCO en la lista del Patrimonio de la Humanidad."},"content":{"rendered":"<p><img loading=\"lazy\" decoding=\"async\" class=\"alignleft wp-image-17910 size-medium\" src=\"https:\/\/www.imer.mx\/rmi\/wp-content\/uploads\/sites\/3\/2018\/06\/160-209x300.jpg\" alt=\"\" width=\"209\" height=\"300\" srcset=\"https:\/\/www.imer.mx\/rmi\/wp-content\/uploads\/sites\/3\/2018\/06\/160-209x300.jpg 209w, https:\/\/www.imer.mx\/rmi\/wp-content\/uploads\/sites\/3\/2018\/06\/160.jpg 668w\" sizes=\"auto, (max-width: 209px) 100vw, 209px\" \/>La ma\u00f1ana del lunes 2 de julio de 2018 el Comit\u00e9 del Patrimonio de la UNESCO reunido en Manama, Bahrein, anunci\u00f3 la decisi\u00f3n de inscribir a una importante regi\u00f3n natural y cultural del M\u00e9xico en la Lista del Patrimonio Mundial.<\/p>\n<p>Se trata del <em>Valle de Tehuac\u00e1n-Cuicatl\u00e1n, h\u00e1bitat originario de Mesoam\u00e9rica<\/em>, con una superficie de 145,255 hect\u00e1reas divididas entre los estados de Puebla y Oaxaca.<\/p>\n<p>La inscripci\u00f3n de la UNESCO lo define como \u201cSitio Mixto\u201d, es decir, que tiene valores excepcionales tanto naturales como culturales. Est\u00e1 subdividido en tres subregiones: el Valle Tehuac\u00e1n-Cuicatl\u00e1n, San Juan Raya y Purr\u00f3n.<\/p>\n<p>Esta candidatura fue propuesta por la Comisi\u00f3n Nacional de \u00c1reas Naturales Protegidas (Conanp) y el Instituto Nacional de Antropolog\u00eda e Historia (INAH) y llev\u00f3 un largo proceso en el cual se sustent\u00f3 el valor excepcional de este Valle.<\/p>\n<p>Se trata de la zona semi\u00e1rida con mayor diversidad biol\u00f3gica de toda Am\u00e9rica del Norte, especialmente destacan sus bosques de cact\u00e1ceas columnares que son los m\u00e1s densos del <img loading=\"lazy\" decoding=\"async\" class=\"wp-image-17911 size-medium alignright\" src=\"https:\/\/www.imer.mx\/rmi\/wp-content\/uploads\/sites\/3\/2018\/06\/163-300x215.jpg\" alt=\"\" width=\"300\" height=\"215\" srcset=\"https:\/\/www.imer.mx\/rmi\/wp-content\/uploads\/sites\/3\/2018\/06\/163-300x215.jpg 300w, https:\/\/www.imer.mx\/rmi\/wp-content\/uploads\/sites\/3\/2018\/06\/163-768x550.jpg 768w, https:\/\/www.imer.mx\/rmi\/wp-content\/uploads\/sites\/3\/2018\/06\/163.jpg 960w\" sizes=\"auto, (max-width: 300px) 100vw, 300px\" \/>planeta.<\/p>\n<p>Adem\u00e1s, esta regi\u00f3n tiene vestigios arqueol\u00f3gicos que permiten identificar ocupaciones humanas muy tempranas, la transici\u00f3n de los cazadores-recolectores a sociedades neol\u00edticas sedentarias y procesos de domesticaci\u00f3n de plantas relacionados con los or\u00edgenes de la agricultura mesoamericana.<\/p>\n<p>Enhorabuena por este reconocimiento que ayuda a una mejor conservaci\u00f3n de este tesoro natural y cultural de M\u00e9xico.<\/p>\n<p>Compartimos con ustedes una galer\u00eda de im\u00e1genes de nuestro fot\u00f3grafo Enrique Rivera de algunos paisajes naturales del <em>Valle de Tehuac\u00e1n-Cuicatl\u00e1n, h\u00e1bitat originario de Mesoam\u00e9rica.<\/em><\/p>\n\n\t\t\t<style type='text\/css'>\n\t\t\t\t#gallery-1 {\n\t\t\t\t\tmargin: auto;\n\t\t\t\t}\n\t\t\t\t#gallery-1 .gallery-item {\n\t\t\t\t\tfloat: left;\n\t\t\t\t\tmargin-top: 10px;\n\t\t\t\t\ttext-align: center;\n\t\t\t\t\twidth: 33%;\n\t\t\t\t}\n\t\t\t\t#gallery-1 img {\n\t\t\t\t\tborder: 2px solid #cfcfcf;\n\t\t\t\t}\n\t\t\t\t#gallery-1 .gallery-caption {\n\t\t\t\t\tmargin-left: 0;\n\t\t\t\t}\n\t\t\t\t\/* see gallery_shortcode() in wp-includes\/media.php *\/\n\t\t\t<\/style>\n\t\t<div id='gallery-1' class='dt-gallery-container gallery galleryid-17914 gallery-columns-3 gallery-size-medium'><dl class='gallery-item'>\n\t\t\t\t<dt class='gallery-icon landscape'>\n\t\t\t\t\t<a class=\"rollover rollover-zoom dt-pswp-item\" title=\"155\" data-dt-img-description=\"\" data-large_image_width=\"960\" data-large_image_height=\"631\"href='https:\/\/www.imer.mx\/rmi\/wp-content\/uploads\/sites\/3\/2018\/06\/155.jpg'><img loading=\"lazy\" decoding=\"async\" width=\"300\" height=\"197\" src=\"https:\/\/www.imer.mx\/rmi\/wp-content\/uploads\/sites\/3\/2018\/06\/155-300x197.jpg\" class=\"attachment-medium size-medium\" alt=\"\" srcset=\"https:\/\/www.imer.mx\/rmi\/wp-content\/uploads\/sites\/3\/2018\/06\/155-300x197.jpg 300w, https:\/\/www.imer.mx\/rmi\/wp-content\/uploads\/sites\/3\/2018\/06\/155-768x505.jpg 768w, https:\/\/www.imer.mx\/rmi\/wp-content\/uploads\/sites\/3\/2018\/06\/155.jpg 960w\" sizes=\"auto, (max-width: 300px) 100vw, 300px\" \/><\/a>\n\t\t\t\t<\/dt><\/dl><dl class='gallery-item'>\n\t\t\t\t<dt class='gallery-icon landscape'>\n\t\t\t\t\t<a class=\"rollover rollover-zoom dt-pswp-item\" title=\"156\" data-dt-img-description=\"\" data-large_image_width=\"960\" data-large_image_height=\"631\"href='https:\/\/www.imer.mx\/rmi\/wp-content\/uploads\/sites\/3\/2018\/06\/156.jpg'><img loading=\"lazy\" decoding=\"async\" width=\"300\" height=\"197\" src=\"https:\/\/www.imer.mx\/rmi\/wp-content\/uploads\/sites\/3\/2018\/06\/156-300x197.jpg\" class=\"attachment-medium size-medium\" alt=\"\" srcset=\"https:\/\/www.imer.mx\/rmi\/wp-content\/uploads\/sites\/3\/2018\/06\/156-300x197.jpg 300w, https:\/\/www.imer.mx\/rmi\/wp-content\/uploads\/sites\/3\/2018\/06\/156-768x505.jpg 768w, https:\/\/www.imer.mx\/rmi\/wp-content\/uploads\/sites\/3\/2018\/06\/156.jpg 960w\" sizes=\"auto, (max-width: 300px) 100vw, 300px\" \/><\/a>\n\t\t\t\t<\/dt><\/dl><dl class='gallery-item'>\n\t\t\t\t<dt class='gallery-icon landscape'>\n\t\t\t\t\t<a class=\"rollover rollover-zoom dt-pswp-item\" title=\"151\" data-dt-img-description=\"\" data-large_image_width=\"960\" data-large_image_height=\"631\"href='https:\/\/www.imer.mx\/rmi\/wp-content\/uploads\/sites\/3\/2018\/06\/151.jpg'><img loading=\"lazy\" decoding=\"async\" width=\"300\" height=\"197\" src=\"https:\/\/www.imer.mx\/rmi\/wp-content\/uploads\/sites\/3\/2018\/06\/151-300x197.jpg\" class=\"attachment-medium size-medium\" alt=\"\" srcset=\"https:\/\/www.imer.mx\/rmi\/wp-content\/uploads\/sites\/3\/2018\/06\/151-300x197.jpg 300w, https:\/\/www.imer.mx\/rmi\/wp-content\/uploads\/sites\/3\/2018\/06\/151-768x505.jpg 768w, https:\/\/www.imer.mx\/rmi\/wp-content\/uploads\/sites\/3\/2018\/06\/151.jpg 960w\" sizes=\"auto, (max-width: 300px) 100vw, 300px\" \/><\/a>\n\t\t\t\t<\/dt><\/dl><br style=\"clear: both\" \/>\n\t\t\t<\/div>\n\n<p>&nbsp;<\/p>\n<div id=\"attachment_17912\" style=\"width: 310px\" class=\"wp-caption alignright\"><img loading=\"lazy\" decoding=\"async\" aria-describedby=\"caption-attachment-17912\" class=\"wp-image-17912 size-medium\" src=\"https:\/\/www.imer.mx\/rmi\/wp-content\/uploads\/sites\/3\/2018\/06\/203-300x197.jpg\" alt=\"\" width=\"300\" height=\"197\" srcset=\"https:\/\/www.imer.mx\/rmi\/wp-content\/uploads\/sites\/3\/2018\/06\/203-300x197.jpg 300w, https:\/\/www.imer.mx\/rmi\/wp-content\/uploads\/sites\/3\/2018\/06\/203-768x505.jpg 768w, https:\/\/www.imer.mx\/rmi\/wp-content\/uploads\/sites\/3\/2018\/06\/203.jpg 960w\" sizes=\"auto, (max-width: 300px) 100vw, 300px\" \/><p id=\"caption-attachment-17912\" class=\"wp-caption-text\">Fotos: Enrique Rivera.<\/p><\/div>\n","protected":false},"excerpt":{"rendered":"<p>La ma\u00f1ana del lunes 2 de julio de 2018 el Comit\u00e9 del Patrimonio de la UNESCO reunido en Manama, Bahrein, anunci\u00f3 la decisi\u00f3n de inscribir en su Lista del Patrimonio Mundial al Valle de Tehuac\u00e1n-Cuicatl\u00e1n, h\u00e1bitat originario de Mesoam\u00e9rica, que es una importante regi\u00f3n natural y cultural del M\u00e9xico..<\/p>\n","protected":false},"author":34,"featured_media":17913,"comment_status":"open","ping_status":"open","sticky":false,"template":"","format":"standard","meta":{"wp_popup_display_lightbox":0,"wp_popup_suppress":"","wp_popup_trigger":"","wp_popup_trigger_amount":0,"wp_popup_disable_on_mobile":false,"footnotes":""},"categories":[8,3],"tags":[],"class_list":["post-17914","post","type-post","status-publish","format-standard","has-post-thumbnail","hentry","category-destacados","category-radiomexicointernacional","category-8","category-3","description-off"],"_links":{"self":[{"href":"https:\/\/www.imer.mx\/rmi\/wp-json\/wp\/v2\/posts\/17914","targetHints":{"allow":["GET"]}}],"collection":[{"href":"https:\/\/www.imer.mx\/rmi\/wp-json\/wp\/v2\/posts"}],"about":[{"href":"https:\/\/www.imer.mx\/rmi\/wp-json\/wp\/v2\/types\/post"}],"author":[{"embeddable":true,"href":"https:\/\/www.imer.mx\/rmi\/wp-json\/wp\/v2\/users\/34"}],"replies":[{"embeddable":true,"href":"https:\/\/www.imer.mx\/rmi\/wp-json\/wp\/v2\/comments?post=17914"}],"version-history":[{"count":0,"href":"https:\/\/www.imer.mx\/rmi\/wp-json\/wp\/v2\/posts\/17914\/revisions"}],"wp:featuredmedia":[{"embeddable":true,"href":"https:\/\/www.imer.mx\/rmi\/wp-json\/wp\/v2\/media\/17913"}],"wp:attachment":[{"href":"https:\/\/www.imer.mx\/rmi\/wp-json\/wp\/v2\/media?parent=17914"}],"wp:term":[{"taxonomy":"category","embeddable":true,"href":"https:\/\/www.imer.mx\/rmi\/wp-json\/wp\/v2\/categories?post=17914"},{"taxonomy":"post_tag","embeddable":true,"href":"https:\/\/www.imer.mx\/rmi\/wp-json\/wp\/v2\/tags?post=17914"}],"curies":[{"name":"wp","href":"https:\/\/api.w.org\/{rel}","templated":true}]}}