{"id":17738,"date":"2018-04-20T17:30:39","date_gmt":"2018-04-20T22:30:39","guid":{"rendered":"http:\/\/www.imer.mx\/rmi\/?p=17738"},"modified":"2018-04-20T17:30:39","modified_gmt":"2018-04-20T22:30:39","slug":"humboldt-en-mexico-un-documental-de-ana-cruz","status":"publish","type":"post","link":"https:\/\/www.imer.mx\/rmi\/humboldt-en-mexico-un-documental-de-ana-cruz\/","title":{"rendered":"Humboldt en M\u00e9xico, un documental de Ana Cruz"},"content":{"rendered":"<p>Escucha la entrevista con Ana Cruz sobre el documental\u00a0Humboldt en M\u00e9xico,<\/p>\n<audio class=\"wp-audio-shortcode\" id=\"audio-17738-1\" preload=\"none\" style=\"width: 100%;\" controls=\"controls\"><source type=\"audio\/mpeg\" src=\"https:\/\/www.imer.mx\/rmi\/wp-content\/uploads\/sites\/3\/2018\/04\/ENTREVISTA-ANA-CRUZ-PELICULA-HUMBOLDT-18-ABRIL-2018-OKOK.mp3?_=1\" \/><a href=\"https:\/\/www.imer.mx\/rmi\/wp-content\/uploads\/sites\/3\/2018\/04\/ENTREVISTA-ANA-CRUZ-PELICULA-HUMBOLDT-18-ABRIL-2018-OKOK.mp3\">https:\/\/www.imer.mx\/rmi\/wp-content\/uploads\/sites\/3\/2018\/04\/ENTREVISTA-ANA-CRUZ-PELICULA-HUMBOLDT-18-ABRIL-2018-OKOK.mp3<\/a><\/audio>\n<p>&nbsp;<\/p>\n<p><img loading=\"lazy\" decoding=\"async\" class=\"alignleft wp-image-17742 size-medium\" src=\"https:\/\/www.imer.mx\/rmi\/wp-content\/uploads\/sites\/3\/2018\/04\/Ana-Cruz-2-300x240.jpg\" alt=\"\" width=\"300\" height=\"240\" srcset=\"https:\/\/www.imer.mx\/rmi\/wp-content\/uploads\/sites\/3\/2018\/04\/Ana-Cruz-2-300x240.jpg 300w, https:\/\/www.imer.mx\/rmi\/wp-content\/uploads\/sites\/3\/2018\/04\/Ana-Cruz-2.jpg 750w\" sizes=\"auto, (max-width: 300px) 100vw, 300px\" \/>Alexander von Humboldt (1769-1859) fue un investigador alem\u00e1n que dej\u00f3 profunda huella en nuestra historia. Hombre lleno de inquietudes, fue cient\u00edfico, viajero y explorador, y se interes\u00f3 por el conocimiento de las m\u00e1s diversas disciplinas. Visit\u00f3 M\u00e9xico en los a\u00f1os 1803 y 1804, cuando a\u00fan era la Nueva Espa\u00f1a, y aqu\u00ed estudi\u00f3 un amplio n\u00famero de especies vegetales y animales, adem\u00e1s de investigar los volcanes, la geograf\u00eda del territorio, los vestigios arqueol\u00f3gicos, la miner\u00eda y un sinf\u00edn de cosas m\u00e1s. La cineasta mexicana\u00a0 Ana Cruz emprendi\u00f3 el reto de narrar en una pel\u00edcula la trayectoria de este personaje y su estancia en nuestro pa\u00eds. El resultado es el documental &#8220;Humboldt en M\u00e9xico, la mirada del explorador&#8221; que ha comenzado su ciclo de exhibiciones en salas de diferentes partes de la Rep\u00fablica Mexicana. Se trata de una cinta de impecable factura, protagonizada por el actor alem\u00e1n Alexandeer Holtmann, en la que a trav\u00e9s de ambientaciones de \u00e9poca, fragmentos de la obra de Humboldt y opiniones de diversos expertos, vamos adentr\u00e1ndonos en las vivencias, las inquietudes y los logros de este gran viajero, al tiempo en que nos acercamos al M\u00e9xico de los a\u00f1os previos al estallido de la Guerra de Independencia. Esta pel\u00edcula es producto de un trabajo muy cuidadoso alentado por el entusiasmo, la investigaci\u00f3n y la pasi\u00f3n de Ana Cruz quien ha coordinado a un magn\u00edfico equipo. Les invitamos a que disfruten esta pel\u00edcula que el d\u00eda 20 de abril a las 19 hrs se estrena en la Sala 7 de la Cineteca Nacional y el d\u00eda 21 a las 18 hrs en The Movie Company. A partir de esas fechas estar\u00e1 programada en la misma Cineteca y en un circuito que incluye diferentes salas del pa\u00eds.<\/p>\n<p><img loading=\"lazy\" decoding=\"async\" class=\"alignleft wp-image-17740 size-thumbnail\" src=\"https:\/\/www.imer.mx\/rmi\/wp-content\/uploads\/sites\/3\/2018\/04\/220-150x150.jpg\" alt=\"\" width=\"150\" height=\"150\" \/><\/p>\n<p>&nbsp;<\/p>\n<p>La cineasta y comunicadora Ana Cruz visit\u00f3 la cabina de Radio M\u00e9xico Internacional y comparti\u00f3, en charla con nuestra compa\u00f1era Rita Abreu, muchos detalles interesantes sobre el proceso de realizaci\u00f3n de la pel\u00edcula. Les invitamos a escuchar el podcast de la emisi\u00f3n y sobre todo, les proponemos que no se pierdan este magn\u00edfico documental.<\/p>\n","protected":false},"excerpt":{"rendered":"<p>La cineasta y comunicadora Ana Cruz visit\u00f3 la cabina de Radio M\u00e9xico Internacional para hablar de su pel\u00edcula &#8220;Humboldt en M\u00e9xico, la mirada del explorador&#8221;, que ha iniciado su ciclo de presentaciones en diferentes salas del pa\u00eds. Les invitamos a escuchar el podcast de la emisi\u00f3n y les proponemos que no se pierdan este magn\u00edfico documental<\/p>\n","protected":false},"author":34,"featured_media":17743,"comment_status":"open","ping_status":"open","sticky":false,"template":"","format":"standard","meta":{"wp_popup_display_lightbox":0,"wp_popup_suppress":"","wp_popup_trigger":"","wp_popup_trigger_amount":0,"wp_popup_disable_on_mobile":false,"footnotes":""},"categories":[8,3],"tags":[],"class_list":["post-17738","post","type-post","status-publish","format-standard","has-post-thumbnail","hentry","category-destacados","category-radiomexicointernacional","category-8","category-3","description-off"],"_links":{"self":[{"href":"https:\/\/www.imer.mx\/rmi\/wp-json\/wp\/v2\/posts\/17738","targetHints":{"allow":["GET"]}}],"collection":[{"href":"https:\/\/www.imer.mx\/rmi\/wp-json\/wp\/v2\/posts"}],"about":[{"href":"https:\/\/www.imer.mx\/rmi\/wp-json\/wp\/v2\/types\/post"}],"author":[{"embeddable":true,"href":"https:\/\/www.imer.mx\/rmi\/wp-json\/wp\/v2\/users\/34"}],"replies":[{"embeddable":true,"href":"https:\/\/www.imer.mx\/rmi\/wp-json\/wp\/v2\/comments?post=17738"}],"version-history":[{"count":0,"href":"https:\/\/www.imer.mx\/rmi\/wp-json\/wp\/v2\/posts\/17738\/revisions"}],"wp:featuredmedia":[{"embeddable":true,"href":"https:\/\/www.imer.mx\/rmi\/wp-json\/wp\/v2\/media\/17743"}],"wp:attachment":[{"href":"https:\/\/www.imer.mx\/rmi\/wp-json\/wp\/v2\/media?parent=17738"}],"wp:term":[{"taxonomy":"category","embeddable":true,"href":"https:\/\/www.imer.mx\/rmi\/wp-json\/wp\/v2\/categories?post=17738"},{"taxonomy":"post_tag","embeddable":true,"href":"https:\/\/www.imer.mx\/rmi\/wp-json\/wp\/v2\/tags?post=17738"}],"curies":[{"name":"wp","href":"https:\/\/api.w.org\/{rel}","templated":true}]}}