{"id":17616,"date":"2018-03-20T23:24:25","date_gmt":"2018-03-21T05:24:25","guid":{"rendered":"http:\/\/www.imer.mx\/rmi\/?p=17616"},"modified":"2018-03-21T13:19:16","modified_gmt":"2018-03-21T19:19:16","slug":"mujeres-de-humo","status":"publish","type":"post","link":"https:\/\/www.imer.mx\/rmi\/mujeres-de-humo\/","title":{"rendered":"Mujeres de Humo."},"content":{"rendered":"<h5>Escucha la entrevista con Do\u00f1a Martha G\u00f3mez Atz\u00edn<\/h5>\n<audio class=\"wp-audio-shortcode\" id=\"audio-17616-1\" preload=\"none\" style=\"width: 100%;\" controls=\"controls\"><source type=\"audio\/mpeg\" src=\"https:\/\/www.imer.mx\/rmi\/wp-content\/uploads\/sites\/3\/2018\/03\/COCINERA-Y-RECETA-DE-BOCOLES-TAJIN.mp3?_=1\" \/><a href=\"https:\/\/www.imer.mx\/rmi\/wp-content\/uploads\/sites\/3\/2018\/03\/COCINERA-Y-RECETA-DE-BOCOLES-TAJIN.mp3\">https:\/\/www.imer.mx\/rmi\/wp-content\/uploads\/sites\/3\/2018\/03\/COCINERA-Y-RECETA-DE-BOCOLES-TAJIN.mp3<\/a><\/audio>\n<p>&nbsp;<\/p>\n<p><img loading=\"lazy\" decoding=\"async\" class=\"alignleft wp-image-17617 size-medium\" src=\"https:\/\/www.imer.mx\/rmi\/wp-content\/uploads\/sites\/3\/2018\/03\/image-42-e1521609345760-200x300.jpeg\" alt=\"\" width=\"200\" height=\"300\" srcset=\"https:\/\/www.imer.mx\/rmi\/wp-content\/uploads\/sites\/3\/2018\/03\/image-42-e1521609345760-200x300.jpeg 200w, https:\/\/www.imer.mx\/rmi\/wp-content\/uploads\/sites\/3\/2018\/03\/image-42-e1521609345760-768x1152.jpeg 768w, https:\/\/www.imer.mx\/rmi\/wp-content\/uploads\/sites\/3\/2018\/03\/image-42-e1521609345760-683x1024.jpeg 683w, https:\/\/www.imer.mx\/rmi\/wp-content\/uploads\/sites\/3\/2018\/03\/image-42-e1521609345760.jpeg 1280w\" sizes=\"auto, (max-width: 200px) 100vw, 200px\" \/>&#8220;Mujeres de Humo&#8221;, as\u00ed nombra Do\u00f1a Martha G\u00f3mez Atz\u00edn, cocinera tradicional totonaca, a <img loading=\"lazy\" decoding=\"async\" class=\"alignright wp-image-17620 size-medium\" src=\"https:\/\/www.imer.mx\/rmi\/wp-content\/uploads\/sites\/3\/2018\/03\/image-45-e1521609466650-200x300.jpeg\" alt=\"\" width=\"200\" height=\"300\" srcset=\"https:\/\/www.imer.mx\/rmi\/wp-content\/uploads\/sites\/3\/2018\/03\/image-45-e1521609466650-200x300.jpeg 200w, https:\/\/www.imer.mx\/rmi\/wp-content\/uploads\/sites\/3\/2018\/03\/image-45-e1521609466650-768x1152.jpeg 768w, https:\/\/www.imer.mx\/rmi\/wp-content\/uploads\/sites\/3\/2018\/03\/image-45-e1521609466650-683x1024.jpeg 683w, https:\/\/www.imer.mx\/rmi\/wp-content\/uploads\/sites\/3\/2018\/03\/image-45-e1521609466650.jpeg 1280w\" sizes=\"auto, (max-width: 200px) 100vw, 200px\" \/>las mujeres que, con el fuego de la le\u00f1a y al calor de los rescoldos del hogar, preparan deliciosos platillos con todo aquello que el campo produce. Mujeres como ella misma, que llevan en sus cabellos el humo de muchas horas, el tiempo paciente y creativo de la sabia cocina del Totonacapan. Durante la Cumbre Taj\u00edn 2018 Festival de la Identidad, tuvimos el privilegio de conversar largamente con Do\u00f1a Martha, quien es la encargada del Nicho de los olores y los sabores. Compartimos ahora con ustedes solo un fragmento de esta charla con la promesa de que pronto tendremos en Radio M\u00e9xico Internacional una producci\u00f3n m\u00e1s amplia que incluya todo ese material. \u00a1Gracias a Do\u00f1a Martha por compartir con nosotros su tiempo y su sabidur\u00eda!<\/p>\n<p>&nbsp;<\/p>\n<p>&nbsp;<\/p>\n<p>&nbsp;<\/p>\n\n\t\t\t<style type='text\/css'>\n\t\t\t\t#gallery-1 {\n\t\t\t\t\tmargin: auto;\n\t\t\t\t}\n\t\t\t\t#gallery-1 .gallery-item {\n\t\t\t\t\tfloat: left;\n\t\t\t\t\tmargin-top: 10px;\n\t\t\t\t\ttext-align: center;\n\t\t\t\t\twidth: 33%;\n\t\t\t\t}\n\t\t\t\t#gallery-1 img {\n\t\t\t\t\tborder: 2px solid #cfcfcf;\n\t\t\t\t}\n\t\t\t\t#gallery-1 .gallery-caption {\n\t\t\t\t\tmargin-left: 0;\n\t\t\t\t}\n\t\t\t\t\/* see gallery_shortcode() in wp-includes\/media.php *\/\n\t\t\t<\/style>\n\t\t<div id='gallery-1' class='dt-gallery-container gallery galleryid-17616 gallery-columns-3 gallery-size-medium'><dl class='gallery-item'>\n\t\t\t\t<dt class='gallery-icon landscape'>\n\t\t\t\t\t<a class=\"rollover rollover-zoom dt-pswp-item\" title=\"image\" data-dt-img-description=\"\" data-large_image_width=\"1920\" data-large_image_height=\"1280\"href='https:\/\/www.imer.mx\/rmi\/wp-content\/uploads\/sites\/3\/2018\/03\/image-44.jpeg'><img loading=\"lazy\" decoding=\"async\" width=\"300\" height=\"200\" src=\"https:\/\/www.imer.mx\/rmi\/wp-content\/uploads\/sites\/3\/2018\/03\/image-44-300x200.jpeg\" class=\"attachment-medium size-medium\" alt=\"\" srcset=\"https:\/\/www.imer.mx\/rmi\/wp-content\/uploads\/sites\/3\/2018\/03\/image-44-300x200.jpeg 300w, https:\/\/www.imer.mx\/rmi\/wp-content\/uploads\/sites\/3\/2018\/03\/image-44-768x512.jpeg 768w, https:\/\/www.imer.mx\/rmi\/wp-content\/uploads\/sites\/3\/2018\/03\/image-44-1024x683.jpeg 1024w, https:\/\/www.imer.mx\/rmi\/wp-content\/uploads\/sites\/3\/2018\/03\/image-44.jpeg 1920w\" sizes=\"auto, (max-width: 300px) 100vw, 300px\" \/><\/a>\n\t\t\t\t<\/dt><\/dl><dl class='gallery-item'>\n\t\t\t\t<dt class='gallery-icon landscape'>\n\t\t\t\t\t<a class=\"rollover rollover-zoom dt-pswp-item\" title=\"image\" data-dt-img-description=\"\" data-large_image_width=\"1920\" data-large_image_height=\"1280\"href='https:\/\/www.imer.mx\/rmi\/wp-content\/uploads\/sites\/3\/2018\/03\/image-43.jpeg'><img loading=\"lazy\" decoding=\"async\" width=\"300\" height=\"200\" src=\"https:\/\/www.imer.mx\/rmi\/wp-content\/uploads\/sites\/3\/2018\/03\/image-43-300x200.jpeg\" class=\"attachment-medium size-medium\" alt=\"\" srcset=\"https:\/\/www.imer.mx\/rmi\/wp-content\/uploads\/sites\/3\/2018\/03\/image-43-300x200.jpeg 300w, https:\/\/www.imer.mx\/rmi\/wp-content\/uploads\/sites\/3\/2018\/03\/image-43-768x512.jpeg 768w, https:\/\/www.imer.mx\/rmi\/wp-content\/uploads\/sites\/3\/2018\/03\/image-43-1024x683.jpeg 1024w, https:\/\/www.imer.mx\/rmi\/wp-content\/uploads\/sites\/3\/2018\/03\/image-43.jpeg 1920w\" sizes=\"auto, (max-width: 300px) 100vw, 300px\" \/><\/a>\n\t\t\t\t<\/dt><\/dl><dl class='gallery-item'>\n\t\t\t\t<dt class='gallery-icon landscape'>\n\t\t\t\t\t<a class=\"rollover rollover-zoom dt-pswp-item\" title=\"image\" data-dt-img-description=\"\" data-large_image_width=\"1920\" data-large_image_height=\"1280\"href='https:\/\/www.imer.mx\/rmi\/wp-content\/uploads\/sites\/3\/2018\/03\/image-48.jpeg'><img loading=\"lazy\" decoding=\"async\" width=\"300\" height=\"200\" src=\"https:\/\/www.imer.mx\/rmi\/wp-content\/uploads\/sites\/3\/2018\/03\/image-48-300x200.jpeg\" class=\"attachment-medium size-medium\" alt=\"\" srcset=\"https:\/\/www.imer.mx\/rmi\/wp-content\/uploads\/sites\/3\/2018\/03\/image-48-300x200.jpeg 300w, https:\/\/www.imer.mx\/rmi\/wp-content\/uploads\/sites\/3\/2018\/03\/image-48-768x512.jpeg 768w, https:\/\/www.imer.mx\/rmi\/wp-content\/uploads\/sites\/3\/2018\/03\/image-48-1024x683.jpeg 1024w, https:\/\/www.imer.mx\/rmi\/wp-content\/uploads\/sites\/3\/2018\/03\/image-48.jpeg 1920w\" sizes=\"auto, (max-width: 300px) 100vw, 300px\" \/><\/a>\n\t\t\t\t<\/dt><\/dl><br style=\"clear: both\" \/>\n\t\t\t<\/div>\n\n<p>&nbsp;<\/p>\n<p>&nbsp;<\/p>\n<p>&nbsp;<\/p>\n<p>&nbsp;<\/p>\n<p>&nbsp;<\/p>\n<p>&nbsp;<\/p>\n<p>&nbsp;<\/p>\n<p>&nbsp;<\/p>\n<p>Cobertura Sonia Y\u00e1\u00f1ez y Enrique Rivera para RMI del IMER.<\/p>\n","protected":false},"excerpt":{"rendered":"<p>Durante la Cumbre Taj\u00edn 2018 Festival de la Identidad, tuvimos el privilegio de conversar largamente con Do\u00f1a Martha, quien es la encargada del Nicho de los olores y los sabores. Compartimos ahora con ustedes solo un fragmento de esta charla<\/p>\n","protected":false},"author":34,"featured_media":17624,"comment_status":"open","ping_status":"open","sticky":false,"template":"","format":"standard","meta":{"wp_popup_display_lightbox":0,"wp_popup_suppress":"","wp_popup_trigger":"","wp_popup_trigger_amount":0,"wp_popup_disable_on_mobile":false,"footnotes":""},"categories":[8,3],"tags":[],"class_list":["post-17616","post","type-post","status-publish","format-standard","has-post-thumbnail","hentry","category-destacados","category-radiomexicointernacional","category-8","category-3","description-off"],"_links":{"self":[{"href":"https:\/\/www.imer.mx\/rmi\/wp-json\/wp\/v2\/posts\/17616","targetHints":{"allow":["GET"]}}],"collection":[{"href":"https:\/\/www.imer.mx\/rmi\/wp-json\/wp\/v2\/posts"}],"about":[{"href":"https:\/\/www.imer.mx\/rmi\/wp-json\/wp\/v2\/types\/post"}],"author":[{"embeddable":true,"href":"https:\/\/www.imer.mx\/rmi\/wp-json\/wp\/v2\/users\/34"}],"replies":[{"embeddable":true,"href":"https:\/\/www.imer.mx\/rmi\/wp-json\/wp\/v2\/comments?post=17616"}],"version-history":[{"count":0,"href":"https:\/\/www.imer.mx\/rmi\/wp-json\/wp\/v2\/posts\/17616\/revisions"}],"wp:featuredmedia":[{"embeddable":true,"href":"https:\/\/www.imer.mx\/rmi\/wp-json\/wp\/v2\/media\/17624"}],"wp:attachment":[{"href":"https:\/\/www.imer.mx\/rmi\/wp-json\/wp\/v2\/media?parent=17616"}],"wp:term":[{"taxonomy":"category","embeddable":true,"href":"https:\/\/www.imer.mx\/rmi\/wp-json\/wp\/v2\/categories?post=17616"},{"taxonomy":"post_tag","embeddable":true,"href":"https:\/\/www.imer.mx\/rmi\/wp-json\/wp\/v2\/tags?post=17616"}],"curies":[{"name":"wp","href":"https:\/\/api.w.org\/{rel}","templated":true}]}}