{"id":17314,"date":"2018-01-24T20:49:02","date_gmt":"2018-01-25T02:49:02","guid":{"rendered":"http:\/\/www.imer.mx\/rmi\/?p=17314"},"modified":"2018-01-24T20:49:02","modified_gmt":"2018-01-25T02:49:02","slug":"canciones-y-leyendas-charla-con-la-dra-cecilia-colon","status":"publish","type":"post","link":"https:\/\/www.imer.mx\/rmi\/canciones-y-leyendas-charla-con-la-dra-cecilia-colon\/","title":{"rendered":"Canciones y Leyendas, charla con la Dra. Cecilia Col\u00f3n."},"content":{"rendered":"<h5>Escucha la entrevistacon la Dra.Cecilia sobre Col\u00f3n, Canciones y Leyendas&#8230;<\/h5>\n<audio class=\"wp-audio-shortcode\" id=\"audio-17314-1\" preload=\"none\" style=\"width: 100%;\" controls=\"controls\"><source type=\"audio\/mpeg\" src=\"https:\/\/www.imer.mx\/rmi\/wp-content\/uploads\/sites\/3\/2018\/01\/cecilia_colon.mp3?_=1\" \/><a href=\"https:\/\/www.imer.mx\/rmi\/wp-content\/uploads\/sites\/3\/2018\/01\/cecilia_colon.mp3\">https:\/\/www.imer.mx\/rmi\/wp-content\/uploads\/sites\/3\/2018\/01\/cecilia_colon.mp3<\/a><\/audio>\n<p>&nbsp;<\/p>\n<p><img loading=\"lazy\" decoding=\"async\" class=\"alignleft wp-image-17396 size-medium\" src=\"https:\/\/www.imer.mx\/rmi\/wp-content\/uploads\/sites\/3\/2018\/01\/cucurrucucu_paloma-361189775-large-219x300.jpg\" alt=\"\" width=\"219\" height=\"300\" srcset=\"https:\/\/www.imer.mx\/rmi\/wp-content\/uploads\/sites\/3\/2018\/01\/cucurrucucu_paloma-361189775-large-219x300.jpg 219w, https:\/\/www.imer.mx\/rmi\/wp-content\/uploads\/sites\/3\/2018\/01\/cucurrucucu_paloma-361189775-large-768x1054.jpg 768w, https:\/\/www.imer.mx\/rmi\/wp-content\/uploads\/sites\/3\/2018\/01\/cucurrucucu_paloma-361189775-large-746x1024.jpg 746w, https:\/\/www.imer.mx\/rmi\/wp-content\/uploads\/sites\/3\/2018\/01\/cucurrucucu_paloma-361189775-large.jpg 874w\" sizes=\"auto, (max-width: 219px) 100vw, 219px\" \/>Las canciones, adem\u00e1s de encantarnos con su melod\u00eda, tambi\u00e9n sirven para contar historias y algunas de las m\u00e1s bellas piezas del repertorio popular mexicano lo confirman. Hay relatos que han llegado a nosotros a trav\u00e9s de bellas canciones y que se han inmortalizado en las voces de algunos de nuestros mejores cantantes. Ese es el caso de \u201cCucurrucuc\u00fa Paloma\u201d de Tom\u00e1s M\u00e9ndez, interpretada por Lola Beltr\u00e1n o de \u201cCuatro Cirios\u201d de Federico Baena que fue una de las \u00faltimas grabaciones de Javier Sol\u00eds. Hace unos d\u00edas, la Dra. Cecilia Col\u00f3n, acad\u00e9mica de la Universidad Aut\u00f3noma Metropolitana, Plantel Azcapotzalco, estuvo en la cabina de Radio M\u00e9xico Internacional para hablar de este tema con nuestra compa\u00f1era Rita Abreu, y para llevarnos a conocer la manera en la que estas piezas musicales toman las formas narrativas de la leyenda para encantarnos con sus relatos. Tambi\u00e9n nos habl\u00f3 de algunos enigm\u00e1ticos sones tradicionales como \u201cLa Llorona\u201d o \u201cLa Bruja\u201d y fuimos acompa\u00f1ando esta charla con las interpretaciones inmortales de estas piezas y tambi\u00e9n con algunas m\u00e1s recientes que prueban que las buenas canciones est\u00e1n destinadas a renovarse constantemente.<\/p>\n<div id=\"attachment_17395\" style=\"width: 160px\" class=\"wp-caption alignright\"><img loading=\"lazy\" decoding=\"async\" aria-describedby=\"caption-attachment-17395\" class=\"wp-image-17395 size-thumbnail\" src=\"https:\/\/www.imer.mx\/rmi\/wp-content\/uploads\/sites\/3\/2018\/01\/Bruja-Alec-Dempster-150x150.gif\" alt=\"\" width=\"150\" height=\"150\" srcset=\"https:\/\/www.imer.mx\/rmi\/wp-content\/uploads\/sites\/3\/2018\/01\/Bruja-Alec-Dempster-150x150.gif 150w, https:\/\/www.imer.mx\/rmi\/wp-content\/uploads\/sites\/3\/2018\/01\/Bruja-Alec-Dempster-300x300.gif 300w\" sizes=\"auto, (max-width: 150px) 100vw, 150px\" \/><p id=\"caption-attachment-17395\" class=\"wp-caption-text\">Grabado: Bruja, autor: Alec Dempster<\/p><\/div>\n<p>Presentamos aqu\u00ed el podcast de esa conversaci\u00f3n. La Dra. Cecilia Col\u00f3n es egresada de la Universidad Iberoamericana, es catedr\u00e1tica de la UAM y es especialista en Literatura Mexicana. Sus diversas inquietudes como investigadora la han llevado a varios temas apasionantes, uno de ellos es el de la leyenda como g\u00e9nero literario y como expresi\u00f3n popular.<\/p>\n","protected":false},"excerpt":{"rendered":"<p>Las canciones, adem\u00e1s de encantarnos con su melod\u00eda, tambi\u00e9n sirven para contar historias y algunas de las m\u00e1s bellas piezas del repertorio popular mexicano lo confirman. Hace unos d\u00edas, la Dra. Cecilia Col\u00f3n, acad\u00e9mica de la Universidad Aut\u00f3noma Metropolitana, Plantel Azcapotzalco, estuvo en la cabina de RMI para hablar de este tema con nuestra compa\u00f1era Rita Abreu.<br \/>\nPara seguir leyendo y escuchar la entrevista dar clic en el t\u00edtulo\u2026<\/p>\n","protected":false},"author":18,"featured_media":17394,"comment_status":"open","ping_status":"open","sticky":false,"template":"","format":"standard","meta":{"wp_popup_display_lightbox":0,"wp_popup_suppress":"","wp_popup_trigger":"","wp_popup_trigger_amount":0,"wp_popup_disable_on_mobile":false,"footnotes":""},"categories":[8,3],"tags":[],"class_list":["post-17314","post","type-post","status-publish","format-standard","has-post-thumbnail","hentry","category-destacados","category-radiomexicointernacional","category-8","category-3","description-off"],"_links":{"self":[{"href":"https:\/\/www.imer.mx\/rmi\/wp-json\/wp\/v2\/posts\/17314","targetHints":{"allow":["GET"]}}],"collection":[{"href":"https:\/\/www.imer.mx\/rmi\/wp-json\/wp\/v2\/posts"}],"about":[{"href":"https:\/\/www.imer.mx\/rmi\/wp-json\/wp\/v2\/types\/post"}],"author":[{"embeddable":true,"href":"https:\/\/www.imer.mx\/rmi\/wp-json\/wp\/v2\/users\/18"}],"replies":[{"embeddable":true,"href":"https:\/\/www.imer.mx\/rmi\/wp-json\/wp\/v2\/comments?post=17314"}],"version-history":[{"count":0,"href":"https:\/\/www.imer.mx\/rmi\/wp-json\/wp\/v2\/posts\/17314\/revisions"}],"wp:featuredmedia":[{"embeddable":true,"href":"https:\/\/www.imer.mx\/rmi\/wp-json\/wp\/v2\/media\/17394"}],"wp:attachment":[{"href":"https:\/\/www.imer.mx\/rmi\/wp-json\/wp\/v2\/media?parent=17314"}],"wp:term":[{"taxonomy":"category","embeddable":true,"href":"https:\/\/www.imer.mx\/rmi\/wp-json\/wp\/v2\/categories?post=17314"},{"taxonomy":"post_tag","embeddable":true,"href":"https:\/\/www.imer.mx\/rmi\/wp-json\/wp\/v2\/tags?post=17314"}],"curies":[{"name":"wp","href":"https:\/\/api.w.org\/{rel}","templated":true}]}}