{"id":17296,"date":"2017-12-23T13:34:02","date_gmt":"2017-12-23T19:34:02","guid":{"rendered":"http:\/\/www.imer.mx\/rmi\/?p=17296"},"modified":"2017-12-23T13:34:02","modified_gmt":"2017-12-23T19:34:02","slug":"expo-feria-y-xvi-encuentro-la-cascada-del-huapango","status":"publish","type":"post","link":"https:\/\/www.imer.mx\/rmi\/expo-feria-y-xvi-encuentro-la-cascada-del-huapango\/","title":{"rendered":"Expo Feria y XVI Encuentro La Cascada del Huapango"},"content":{"rendered":"<h4 style=\"text-align: right\">Por Aide\u00e9 Balderas Medina<\/h4>\n<ul>\n<li><strong>Del 26 al 30 de diciembre habr\u00e1 festejos en torno a la cultura Huasteca en Colatl\u00e1n, Ixhuatl\u00e1n de Madero, Veracruz.<\/strong><\/li>\n<\/ul>\n<p><img loading=\"lazy\" decoding=\"async\" class=\"alignleft wp-image-17298 size-medium\" src=\"https:\/\/www.imer.mx\/rmi\/wp-content\/uploads\/sites\/3\/2017\/12\/molienda-foto-aideeBalderas-300x225.jpg\" alt=\"\" width=\"300\" height=\"225\" srcset=\"https:\/\/www.imer.mx\/rmi\/wp-content\/uploads\/sites\/3\/2017\/12\/molienda-foto-aideeBalderas-300x225.jpg 300w, https:\/\/www.imer.mx\/rmi\/wp-content\/uploads\/sites\/3\/2017\/12\/molienda-foto-aideeBalderas-768x576.jpg 768w, https:\/\/www.imer.mx\/rmi\/wp-content\/uploads\/sites\/3\/2017\/12\/molienda-foto-aideeBalderas.jpg 1024w\" sizes=\"auto, (max-width: 300px) 100vw, 300px\" \/>Las actividades inician el 26 de diciembre con una cabalgata y el recorrido ser\u00e1 de Llano de Enmedio a Colatl\u00e1n. Ese mismo d\u00eda hay una Pialada, la cual consiste en una demostraci\u00f3n de t\u00e9cnicas para lazar vacas y becerros. El d\u00eda cierra con la coronaci\u00f3n de la reina Colatl\u00e1n 2017.<\/p>\n<p>Durante los festejos se realizan encuentros deportivos: marat\u00f3n, b\u00e1squetbol, voleibol y futbol. Los sabores de la regi\u00f3n estar\u00e1n presentes en la muestra gastron\u00f3mica de platillos ind\u00edgenas donde se podr\u00e1n degustar tamales, zacahuil, pipitorias, bocoles, huevo en papatla, etc.<\/p>\n<p>Del 27 al 28 de diciembre se realizar\u00e1 el d\u00e9cimo sexto encuentro de son huasteco, \u201cLa Cascada del Huapango\u201d, donde participar\u00e1n tr\u00edos de la Huasteca y de la Ciudad de M\u00e9xico como Koneme, Cocuyitos, Colatl\u00e1n, Nostalgia Huasteca, Cenzontles, Acorde Huasteco, Tierra Huasteca, Esperanza Zumaya, Natalia y To\u00f1ita Valdez y muchos m\u00e1s.<\/p>\n<p>Se impartir\u00e1n talleres de pintura, zapateado, viol\u00edn, jarana huasteca y guitarra huapanguera.<\/p>\n<p>El 27 de diciembre se llevar\u00e1n a cabo presentaciones editoriales. A las 17:horas se comentar\u00e1 el libro \u201cAclarando amanece. Conversaciones con don Heraclio Alvarado, huapanguero veracruzano\u201d de Aide\u00e9 Balderas, publicado por Pluralia y Ediciones del Lirio. La disertaci\u00f3n estar\u00e1 a cargo del investigador de la Universidad Veracruzana Rom\u00e1n G\u00fcemes Jim\u00e9nez, el poeta nahua Juan Hern\u00e1ndez Ram\u00edrez (premio Nezahuac\u00f3yotl de Literatura en Lenguas Mexicanas 2006), el m\u00fasico tradicional don Heraclio Alvarado y la autora. Las ediciones discogr\u00e1ficas que se presentar\u00e1n son el disco \u201cMata de amores\u201d del tr\u00edo Cantores del Son de Tepetzintla, Veracruz y \u201cMi P\u00e1nuco Bello\u201d de la cantora panuquera Irma Aradillas.<\/p>\n<p>Colatl\u00e1n se caracteriza por ser productor de aguardiente y cada a\u00f1o instalan, junto a la plaza principal, una muestra de molienda de ca\u00f1a. El trapiche, el cual es tirado por una mula, saca el jugo con el que se elabora, de manera artesanal, el piloncillo. Mismo que es fermentado para despu\u00e9s destilarlo en un alambique para producir sabroso refino y aguardiente.<img loading=\"lazy\" decoding=\"async\" class=\"alignright wp-image-17297 size-medium\" src=\"https:\/\/www.imer.mx\/rmi\/wp-content\/uploads\/sites\/3\/2017\/12\/horno-de-pan-foto-AideeBalderas-300x225.jpg\" alt=\"\" width=\"300\" height=\"225\" srcset=\"https:\/\/www.imer.mx\/rmi\/wp-content\/uploads\/sites\/3\/2017\/12\/horno-de-pan-foto-AideeBalderas-300x225.jpg 300w, https:\/\/www.imer.mx\/rmi\/wp-content\/uploads\/sites\/3\/2017\/12\/horno-de-pan-foto-AideeBalderas-768x576.jpg 768w, https:\/\/www.imer.mx\/rmi\/wp-content\/uploads\/sites\/3\/2017\/12\/horno-de-pan-foto-AideeBalderas.jpg 1024w\" sizes=\"auto, (max-width: 300px) 100vw, 300px\" \/><\/p>\n<p>El pan de la regi\u00f3n es famoso por su sabor y en el marco de la fiesta se instalan hornos de adobe donde las mujeres colatecas muestran su habilidad para elaborar caprichos, mestizas, rocas, lisas y pastelitos rellenos de queso.<\/p>\n<p>El 29 de diciembre se celebrar\u00e1 con gran orgullo el d\u00eda del colateco y se llevar\u00e1 acabo el gran rodeo. Las actividades cierran el d\u00eda 30 con la presentaci\u00f3n del ballet folcl\u00f3rico de la Casa de Cultura de Chicontepec, Veracruz.<\/p>\n<p>Los festejos est\u00e1n a cargo la agencia municipal y la asociaci\u00f3n La Casca del Huapango con el apoyo del ayuntamiento de Ixhuatl\u00e1n de Madero y el gobierno del Estado de Veracruz.<\/p>\n<p>La comunidad de Colatl\u00e1n est\u00e1 ubicada en el norte del estado de Veracruz y se encuentra en la carretera que va de Chicontepec a \u00c1lamo, entre el municipio de Benito Ju\u00e1rez y Llano de Enmedio.<\/p>\n","protected":false},"excerpt":{"rendered":"<p>En la comunidad de Colatl\u00e1n, ubicada en el norte del estado de Veracruz, entre el municipio de Benito Ju\u00e1rez y Llano de Enmedio, se llevar\u00e1n a cabo, del 26 al 30 de diciembre, la Expo Feria y XVI Encuentro \u201cLa Cascada del Huapango\u201d. Habr\u00e1 actividades en torno a la m\u00fasica y la cultura huastecas, adem\u00e1s de demostraciones de suertes ganaderas, y venta y exposici\u00f3n de los principales productos de la regi\u00f3n como el pan tradicional y el mezcal.<br \/>\nPara seguir leyendo y ven im\u00e1genes clic en el t\u00edtulo&#8230;<\/p>\n","protected":false},"author":34,"featured_media":17299,"comment_status":"open","ping_status":"open","sticky":false,"template":"","format":"standard","meta":{"wp_popup_display_lightbox":0,"wp_popup_suppress":"","wp_popup_trigger":"","wp_popup_trigger_amount":0,"wp_popup_disable_on_mobile":false,"footnotes":""},"categories":[8,3],"tags":[],"class_list":["post-17296","post","type-post","status-publish","format-standard","has-post-thumbnail","hentry","category-destacados","category-radiomexicointernacional","category-8","category-3","description-off"],"_links":{"self":[{"href":"https:\/\/www.imer.mx\/rmi\/wp-json\/wp\/v2\/posts\/17296","targetHints":{"allow":["GET"]}}],"collection":[{"href":"https:\/\/www.imer.mx\/rmi\/wp-json\/wp\/v2\/posts"}],"about":[{"href":"https:\/\/www.imer.mx\/rmi\/wp-json\/wp\/v2\/types\/post"}],"author":[{"embeddable":true,"href":"https:\/\/www.imer.mx\/rmi\/wp-json\/wp\/v2\/users\/34"}],"replies":[{"embeddable":true,"href":"https:\/\/www.imer.mx\/rmi\/wp-json\/wp\/v2\/comments?post=17296"}],"version-history":[{"count":0,"href":"https:\/\/www.imer.mx\/rmi\/wp-json\/wp\/v2\/posts\/17296\/revisions"}],"wp:featuredmedia":[{"embeddable":true,"href":"https:\/\/www.imer.mx\/rmi\/wp-json\/wp\/v2\/media\/17299"}],"wp:attachment":[{"href":"https:\/\/www.imer.mx\/rmi\/wp-json\/wp\/v2\/media?parent=17296"}],"wp:term":[{"taxonomy":"category","embeddable":true,"href":"https:\/\/www.imer.mx\/rmi\/wp-json\/wp\/v2\/categories?post=17296"},{"taxonomy":"post_tag","embeddable":true,"href":"https:\/\/www.imer.mx\/rmi\/wp-json\/wp\/v2\/tags?post=17296"}],"curies":[{"name":"wp","href":"https:\/\/api.w.org\/{rel}","templated":true}]}}