{"id":17214,"date":"2017-11-22T09:44:46","date_gmt":"2017-11-22T15:44:46","guid":{"rendered":"http:\/\/www.imer.mx\/rmi\/?p=17214"},"modified":"2017-11-22T09:44:46","modified_gmt":"2017-11-22T15:44:46","slug":"xeb","status":"publish","type":"post","link":"https:\/\/www.imer.mx\/rmi\/xeb\/","title":{"rendered":"94 Aniversario de la XEB   Con la m\u00fasica de M\u00e9xico"},"content":{"rendered":"<h4>\u00a1Escucha la entrevista con Pablo Due\u00f1as, gerente de la emisora XEB sobre los 94 a\u00f1os al aire de la emisora!<\/h4>\n<audio class=\"wp-audio-shortcode\" id=\"audio-17214-1\" preload=\"none\" style=\"width: 100%;\" controls=\"controls\"><source type=\"audio\/mpeg\" src=\"https:\/\/www.imer.mx\/rmi\/wp-content\/uploads\/sites\/3\/2017\/11\/entrevista_94xeb.mp3?_=1\" \/><a href=\"https:\/\/www.imer.mx\/rmi\/wp-content\/uploads\/sites\/3\/2017\/11\/entrevista_94xeb.mp3\">https:\/\/www.imer.mx\/rmi\/wp-content\/uploads\/sites\/3\/2017\/11\/entrevista_94xeb.mp3<\/a><\/audio>\n<p style=\"text-align: right\">Texto de Claudia Kutscher<\/p>\n<p>&nbsp;<\/p>\n<p><img loading=\"lazy\" decoding=\"async\" class=\"alignleft wp-image-17234 size-medium\" src=\"https:\/\/www.imer.mx\/rmi\/wp-content\/uploads\/sites\/3\/2017\/11\/1431-300x200.jpg\" alt=\"\" width=\"300\" height=\"200\" srcset=\"https:\/\/www.imer.mx\/rmi\/wp-content\/uploads\/sites\/3\/2017\/11\/1431-300x200.jpg 300w, https:\/\/www.imer.mx\/rmi\/wp-content\/uploads\/sites\/3\/2017\/11\/1431-768x512.jpg 768w, https:\/\/www.imer.mx\/rmi\/wp-content\/uploads\/sites\/3\/2017\/11\/1431.jpg 906w\" sizes=\"auto, (max-width: 300px) 100vw, 300px\" \/>En medio de la Ciudad de M\u00e9xico, en el antiguo pueblo de Xoco, se encuentra el Centro Cultural Roberto Cantoral, donde se celebr\u00f3 con una gran fiesta musical el 94 Aniversario de la XEB, estaci\u00f3n hermana de AM de nuestra casa IMER. Dirigida actualmente por el Dr. Pablo Due\u00f1as, gran conocedor de la m\u00fasica y de la historia de la radio mexicana, la XEB es una de las emisoras m\u00e1s longevas y de mayor tradici\u00f3n en el cuadrante mexicano, y es una estaci\u00f3n en la que la audiencia encuentra calor y compa\u00f1\u00eda a trav\u00e9s de m\u00fasica que le da identidad a nuestro pa\u00eds.<\/p>\n<p>La fecha exacta del aniversario de la XEB es el 23 de Septiembre, pero debido a los acontecimientos que se vivieron en nuestra ciudad, el festejo se tuvo que posponer para el 14 de Noviembre,<\/p>\n<p>En un recinto moderno, ejemplo de la arquitectura mexicana contempor\u00e1nea dise\u00f1ado por, el arquitecto Gerardo Broissin \u00a0 se llev\u00f3 a cabo la celebraci\u00f3n..<\/p>\n<p>El Maestro Armando Manzanero abri\u00f3 el concierto deleit\u00e1ndonos con \u201cNo s\u00e9 t\u00fa\u201d con lo que destap\u00f3 una Caja de Pandora llena de recuerdos. Continu\u00f3 con \u201cNos hizo falta tiempo\u201d y despu\u00e9s acompa\u00f1\u00f3 al piano la bella voz de la cantante Aranza. Juntos nos hicieron recordar canciones como \u201cNada Personal\u201d, \u201cDime\u201d y \u201cDormir contigo\u201d, Enseguida actu\u00f3 Juan Pablo Manzanero y tuvimos el privilegio de disfrutar el dueto de padre e hijo.<\/p>\n\n\t\t\t<style type='text\/css'>\n\t\t\t\t#gallery-1 {\n\t\t\t\t\tmargin: auto;\n\t\t\t\t}\n\t\t\t\t#gallery-1 .gallery-item {\n\t\t\t\t\tfloat: left;\n\t\t\t\t\tmargin-top: 10px;\n\t\t\t\t\ttext-align: center;\n\t\t\t\t\twidth: 33%;\n\t\t\t\t}\n\t\t\t\t#gallery-1 img {\n\t\t\t\t\tborder: 2px solid #cfcfcf;\n\t\t\t\t}\n\t\t\t\t#gallery-1 .gallery-caption {\n\t\t\t\t\tmargin-left: 0;\n\t\t\t\t}\n\t\t\t\t\/* see gallery_shortcode() in wp-includes\/media.php *\/\n\t\t\t<\/style>\n\t\t<div id='gallery-1' class='dt-gallery-container gallery galleryid-17214 gallery-columns-3 gallery-size-medium'><dl class='gallery-item'>\n\t\t\t\t<dt class='gallery-icon landscape'>\n\t\t\t\t\t<a class=\"rollover rollover-zoom dt-pswp-item\" title=\"1524\" data-dt-img-description=\"\" data-large_image_width=\"906\" data-large_image_height=\"604\"href='https:\/\/www.imer.mx\/rmi\/wp-content\/uploads\/sites\/3\/2017\/11\/1524.jpg'><img loading=\"lazy\" decoding=\"async\" width=\"300\" height=\"200\" src=\"https:\/\/www.imer.mx\/rmi\/wp-content\/uploads\/sites\/3\/2017\/11\/1524-300x200.jpg\" class=\"attachment-medium size-medium\" alt=\"\" srcset=\"https:\/\/www.imer.mx\/rmi\/wp-content\/uploads\/sites\/3\/2017\/11\/1524-300x200.jpg 300w, https:\/\/www.imer.mx\/rmi\/wp-content\/uploads\/sites\/3\/2017\/11\/1524-768x512.jpg 768w, https:\/\/www.imer.mx\/rmi\/wp-content\/uploads\/sites\/3\/2017\/11\/1524.jpg 906w\" sizes=\"auto, (max-width: 300px) 100vw, 300px\" \/><\/a>\n\t\t\t\t<\/dt><\/dl><dl class='gallery-item'>\n\t\t\t\t<dt class='gallery-icon landscape'>\n\t\t\t\t\t<a class=\"rollover rollover-zoom dt-pswp-item\" title=\"1606\" data-dt-img-description=\"\" data-large_image_width=\"906\" data-large_image_height=\"604\"href='https:\/\/www.imer.mx\/rmi\/wp-content\/uploads\/sites\/3\/2017\/11\/1606.jpg'><img loading=\"lazy\" decoding=\"async\" width=\"300\" height=\"200\" src=\"https:\/\/www.imer.mx\/rmi\/wp-content\/uploads\/sites\/3\/2017\/11\/1606-300x200.jpg\" class=\"attachment-medium size-medium\" alt=\"\" srcset=\"https:\/\/www.imer.mx\/rmi\/wp-content\/uploads\/sites\/3\/2017\/11\/1606-300x200.jpg 300w, https:\/\/www.imer.mx\/rmi\/wp-content\/uploads\/sites\/3\/2017\/11\/1606-768x512.jpg 768w, https:\/\/www.imer.mx\/rmi\/wp-content\/uploads\/sites\/3\/2017\/11\/1606.jpg 906w\" sizes=\"auto, (max-width: 300px) 100vw, 300px\" \/><\/a>\n\t\t\t\t<\/dt><\/dl><dl class='gallery-item'>\n\t\t\t\t<dt class='gallery-icon landscape'>\n\t\t\t\t\t<a class=\"rollover rollover-zoom dt-pswp-item\" title=\"1646\" data-dt-img-description=\"\" data-large_image_width=\"906\" data-large_image_height=\"604\"href='https:\/\/www.imer.mx\/rmi\/wp-content\/uploads\/sites\/3\/2017\/11\/1646.jpg'><img loading=\"lazy\" decoding=\"async\" width=\"300\" height=\"200\" src=\"https:\/\/www.imer.mx\/rmi\/wp-content\/uploads\/sites\/3\/2017\/11\/1646-300x200.jpg\" class=\"attachment-medium size-medium\" alt=\"\" srcset=\"https:\/\/www.imer.mx\/rmi\/wp-content\/uploads\/sites\/3\/2017\/11\/1646-300x200.jpg 300w, https:\/\/www.imer.mx\/rmi\/wp-content\/uploads\/sites\/3\/2017\/11\/1646-768x512.jpg 768w, https:\/\/www.imer.mx\/rmi\/wp-content\/uploads\/sites\/3\/2017\/11\/1646.jpg 906w\" sizes=\"auto, (max-width: 300px) 100vw, 300px\" \/><\/a>\n\t\t\t\t<\/dt><\/dl><br style=\"clear: both\" \/><dl class='gallery-item'>\n\t\t\t\t<dt class='gallery-icon landscape'>\n\t\t\t\t\t<a class=\"rollover rollover-zoom dt-pswp-item\" title=\"1852\" data-dt-img-description=\"\" data-large_image_width=\"906\" data-large_image_height=\"604\"href='https:\/\/www.imer.mx\/rmi\/wp-content\/uploads\/sites\/3\/2017\/11\/1852.jpg'><img loading=\"lazy\" decoding=\"async\" width=\"300\" height=\"200\" src=\"https:\/\/www.imer.mx\/rmi\/wp-content\/uploads\/sites\/3\/2017\/11\/1852-300x200.jpg\" class=\"attachment-medium size-medium\" alt=\"\" srcset=\"https:\/\/www.imer.mx\/rmi\/wp-content\/uploads\/sites\/3\/2017\/11\/1852-300x200.jpg 300w, https:\/\/www.imer.mx\/rmi\/wp-content\/uploads\/sites\/3\/2017\/11\/1852-768x512.jpg 768w, https:\/\/www.imer.mx\/rmi\/wp-content\/uploads\/sites\/3\/2017\/11\/1852.jpg 906w\" sizes=\"auto, (max-width: 300px) 100vw, 300px\" \/><\/a>\n\t\t\t\t<\/dt><\/dl><dl class='gallery-item'>\n\t\t\t\t<dt class='gallery-icon landscape'>\n\t\t\t\t\t<a class=\"rollover rollover-zoom dt-pswp-item\" title=\"1789\" data-dt-img-description=\"\" data-large_image_width=\"906\" data-large_image_height=\"604\"href='https:\/\/www.imer.mx\/rmi\/wp-content\/uploads\/sites\/3\/2017\/11\/1789.jpg'><img loading=\"lazy\" decoding=\"async\" width=\"300\" height=\"200\" src=\"https:\/\/www.imer.mx\/rmi\/wp-content\/uploads\/sites\/3\/2017\/11\/1789-300x200.jpg\" class=\"attachment-medium size-medium\" alt=\"\" srcset=\"https:\/\/www.imer.mx\/rmi\/wp-content\/uploads\/sites\/3\/2017\/11\/1789-300x200.jpg 300w, https:\/\/www.imer.mx\/rmi\/wp-content\/uploads\/sites\/3\/2017\/11\/1789-768x512.jpg 768w, https:\/\/www.imer.mx\/rmi\/wp-content\/uploads\/sites\/3\/2017\/11\/1789.jpg 906w\" sizes=\"auto, (max-width: 300px) 100vw, 300px\" \/><\/a>\n\t\t\t\t<\/dt><\/dl><dl class='gallery-item'>\n\t\t\t\t<dt class='gallery-icon landscape'>\n\t\t\t\t\t<a class=\"rollover rollover-zoom dt-pswp-item\" title=\"2002\" data-dt-img-description=\"\" data-large_image_width=\"906\" data-large_image_height=\"604\"href='https:\/\/www.imer.mx\/rmi\/wp-content\/uploads\/sites\/3\/2017\/11\/2002.jpg'><img loading=\"lazy\" decoding=\"async\" width=\"300\" height=\"200\" src=\"https:\/\/www.imer.mx\/rmi\/wp-content\/uploads\/sites\/3\/2017\/11\/2002-300x200.jpg\" class=\"attachment-medium size-medium\" alt=\"\" srcset=\"https:\/\/www.imer.mx\/rmi\/wp-content\/uploads\/sites\/3\/2017\/11\/2002-300x200.jpg 300w, https:\/\/www.imer.mx\/rmi\/wp-content\/uploads\/sites\/3\/2017\/11\/2002-768x512.jpg 768w, https:\/\/www.imer.mx\/rmi\/wp-content\/uploads\/sites\/3\/2017\/11\/2002.jpg 906w\" sizes=\"auto, (max-width: 300px) 100vw, 300px\" \/><\/a>\n\t\t\t\t<\/dt><\/dl><br style=\"clear: both\" \/>\n\t\t\t<\/div>\n\n<p>&nbsp;<\/p>\n<p>El recuerdo rom\u00e1ntico estuvo a cargo del Tr\u00edo de Chucho Navarro que, entre aplausos y v\u00edtores dio paso a canciones como \u201cContigo\u201d, \u201cAmorcito Coraz\u00f3n\u201d, \u201cRayito de luna\u201d y \u201cParece que va a llover\u201d. Despu\u00e9s escuchamos a Carlos Cuevas que nos regal\u00f3 grandes temas como \u201cPoquita fe\u201d, \u201cEl refr\u00e1n\u201d, \u201cChacha Linda\u201d y la maravillosa canci\u00f3n \u201cTres regalos\u201d..<\/p>\n<p>Como cereza del pastel, tuvimos el entusiasmo inigualable de Los Locos del Ritmo, que tirando \u201cPolvora\u201d fueron poco a poco desplegando su repertorio: \u201cHaciendo el amor\u201d, \u201cAvi\u00e9ntense todos\u201d, \u201cNo soy un rebelde\u201d, \u201cChica alborotada\u201d y \u201cSabor a nada\u201d, El p\u00fablico bailaba en su lugar, gritaba y aplaud\u00eda. Sin duda una velada excepcional, llena de emociones y grandes recuerdos.<\/p>\n<p>No cabe duda que este fue un aniversario lleno de energ\u00eda, pero sobre todo un a\u00f1o m\u00e1s de hacer historia en los corazones de todos los que escuchamos la XEB.<\/p>\n\n\t\t\t<style type='text\/css'>\n\t\t\t\t#gallery-2 {\n\t\t\t\t\tmargin: auto;\n\t\t\t\t}\n\t\t\t\t#gallery-2 .gallery-item {\n\t\t\t\t\tfloat: left;\n\t\t\t\t\tmargin-top: 10px;\n\t\t\t\t\ttext-align: center;\n\t\t\t\t\twidth: 33%;\n\t\t\t\t}\n\t\t\t\t#gallery-2 img {\n\t\t\t\t\tborder: 2px solid #cfcfcf;\n\t\t\t\t}\n\t\t\t\t#gallery-2 .gallery-caption {\n\t\t\t\t\tmargin-left: 0;\n\t\t\t\t}\n\t\t\t\t\/* see gallery_shortcode() in wp-includes\/media.php *\/\n\t\t\t<\/style>\n\t\t<div id='gallery-2' class='dt-gallery-container gallery galleryid-17214 gallery-columns-3 gallery-size-thumbnail'><dl class='gallery-item'>\n\t\t\t\t<dt class='gallery-icon landscape'>\n\t\t\t\t\t<a class=\"rollover rollover-zoom dt-pswp-item\" title=\"1434\" data-dt-img-description=\"\" data-large_image_width=\"906\" data-large_image_height=\"604\"href='https:\/\/www.imer.mx\/rmi\/wp-content\/uploads\/sites\/3\/2017\/11\/1434.jpg'><img loading=\"lazy\" decoding=\"async\" width=\"150\" height=\"150\" src=\"https:\/\/www.imer.mx\/rmi\/wp-content\/uploads\/sites\/3\/2017\/11\/1434-150x150.jpg\" class=\"attachment-thumbnail size-thumbnail\" alt=\"\" \/><\/a>\n\t\t\t\t<\/dt><\/dl><dl class='gallery-item'>\n\t\t\t\t<dt class='gallery-icon landscape'>\n\t\t\t\t\t<a class=\"rollover rollover-zoom dt-pswp-item\" title=\"1762\" data-dt-img-description=\"\" data-large_image_width=\"906\" data-large_image_height=\"604\"href='https:\/\/www.imer.mx\/rmi\/wp-content\/uploads\/sites\/3\/2017\/11\/1762.jpg'><img loading=\"lazy\" decoding=\"async\" width=\"150\" height=\"150\" src=\"https:\/\/www.imer.mx\/rmi\/wp-content\/uploads\/sites\/3\/2017\/11\/1762-150x150.jpg\" class=\"attachment-thumbnail size-thumbnail\" alt=\"\" \/><\/a>\n\t\t\t\t<\/dt><\/dl><dl class='gallery-item'>\n\t\t\t\t<dt class='gallery-icon landscape'>\n\t\t\t\t\t<a class=\"rollover rollover-zoom dt-pswp-item\" title=\"2039\" data-dt-img-description=\"\" data-large_image_width=\"906\" data-large_image_height=\"604\"href='https:\/\/www.imer.mx\/rmi\/wp-content\/uploads\/sites\/3\/2017\/11\/2039.jpg'><img loading=\"lazy\" decoding=\"async\" width=\"150\" height=\"150\" src=\"https:\/\/www.imer.mx\/rmi\/wp-content\/uploads\/sites\/3\/2017\/11\/2039-150x150.jpg\" class=\"attachment-thumbnail size-thumbnail\" alt=\"\" \/><\/a>\n\t\t\t\t<\/dt><\/dl><br style=\"clear: both\" \/>\n\t\t\t<\/div>\n\n<p>\u00a1Larga vida a esta gran emisora!<\/p>\n<p>Les dejamos aqu\u00ed la entrevista que nuestra compa\u00f1era Ang\u00e9lica Trujillo le hizo al Dr. Pablo Due\u00f1as en la cabina de Radio M\u00e9xico Internacional, \u00e9l nos cont\u00f3 la historia de la emisora y comparti\u00f3 con nuestros oyentes algunas grabaciones hist\u00f3ricas.<\/p>\n","protected":false},"excerpt":{"rendered":"<p>La XEB, una de las emisoras m\u00e1s longevas y de m\u00e1s tradici\u00f3n en el cuadrante mexicano, cumpli\u00f3 94 a\u00f1os y lo celebr\u00f3 con un magno concierto. Les invitamos a leer una cr\u00f3nica de este festejo y a escuchar una entrevista de su gerente el Dr. Pablo Due\u00f1as para Radio M\u00e9xico Internacional, en la que nos relata episodios importantes de la historia de la emisora y comparte grabaciones hist\u00f3ricas.<br \/>\nPara seguir leyendo, ver im\u00e1genes y escuchar dar clic en el t\u00edtulo\u2026<\/p>\n","protected":false},"author":18,"featured_media":17233,"comment_status":"open","ping_status":"open","sticky":false,"template":"","format":"standard","meta":{"wp_popup_display_lightbox":0,"wp_popup_suppress":"","wp_popup_trigger":"","wp_popup_trigger_amount":0,"wp_popup_disable_on_mobile":false,"footnotes":""},"categories":[8,3],"tags":[],"class_list":["post-17214","post","type-post","status-publish","format-standard","has-post-thumbnail","hentry","category-destacados","category-radiomexicointernacional","category-8","category-3","description-off"],"_links":{"self":[{"href":"https:\/\/www.imer.mx\/rmi\/wp-json\/wp\/v2\/posts\/17214","targetHints":{"allow":["GET"]}}],"collection":[{"href":"https:\/\/www.imer.mx\/rmi\/wp-json\/wp\/v2\/posts"}],"about":[{"href":"https:\/\/www.imer.mx\/rmi\/wp-json\/wp\/v2\/types\/post"}],"author":[{"embeddable":true,"href":"https:\/\/www.imer.mx\/rmi\/wp-json\/wp\/v2\/users\/18"}],"replies":[{"embeddable":true,"href":"https:\/\/www.imer.mx\/rmi\/wp-json\/wp\/v2\/comments?post=17214"}],"version-history":[{"count":0,"href":"https:\/\/www.imer.mx\/rmi\/wp-json\/wp\/v2\/posts\/17214\/revisions"}],"wp:featuredmedia":[{"embeddable":true,"href":"https:\/\/www.imer.mx\/rmi\/wp-json\/wp\/v2\/media\/17233"}],"wp:attachment":[{"href":"https:\/\/www.imer.mx\/rmi\/wp-json\/wp\/v2\/media?parent=17214"}],"wp:term":[{"taxonomy":"category","embeddable":true,"href":"https:\/\/www.imer.mx\/rmi\/wp-json\/wp\/v2\/categories?post=17214"},{"taxonomy":"post_tag","embeddable":true,"href":"https:\/\/www.imer.mx\/rmi\/wp-json\/wp\/v2\/tags?post=17214"}],"curies":[{"name":"wp","href":"https:\/\/api.w.org\/{rel}","templated":true}]}}