{"id":17210,"date":"2017-11-04T20:20:30","date_gmt":"2017-11-05T02:20:30","guid":{"rendered":"http:\/\/www.imer.mx\/rmi\/?p=17210"},"modified":"2020-04-28T12:27:39","modified_gmt":"2020-04-28T17:27:39","slug":"geo-meneses","status":"publish","type":"post","link":"https:\/\/www.imer.mx\/rmi\/geo-meneses\/","title":{"rendered":"Geo Meneses, visit\u00f3 la cabina de Radio M\u00e9xico Internacional."},"content":{"rendered":"<h5>\u00a1Escucha la entrevista que tuvimos en cabina de RMI con Geo Meneses!<\/h5>\n<audio class=\"wp-audio-shortcode\" id=\"audio-17210-1\" preload=\"none\" style=\"width: 100%;\" controls=\"controls\"><source type=\"audio\/mpeg\" src=\"https:\/\/www.imer.mx\/rmi\/wp-content\/uploads\/sites\/3\/2017\/11\/entrevista_geo_meneses.mp3?_=1\" \/><a href=\"https:\/\/www.imer.mx\/rmi\/wp-content\/uploads\/sites\/3\/2017\/11\/entrevista_geo_meneses.mp3\">https:\/\/www.imer.mx\/rmi\/wp-content\/uploads\/sites\/3\/2017\/11\/entrevista_geo_meneses.mp3<\/a><\/audio>\n<p>&nbsp;<\/p>\n<p><img loading=\"lazy\" decoding=\"async\" class=\"alignleft wp-image-17223 size-medium\" src=\"https:\/\/www.imer.mx\/rmi\/wp-content\/uploads\/sites\/3\/2017\/11\/1082-200x300.jpg\" alt=\"\" width=\"200\" height=\"300\" srcset=\"https:\/\/www.imer.mx\/rmi\/wp-content\/uploads\/sites\/3\/2017\/11\/1082-200x300.jpg 200w, https:\/\/www.imer.mx\/rmi\/wp-content\/uploads\/sites\/3\/2017\/11\/1082.jpg 640w\" sizes=\"auto, (max-width: 200px) 100vw, 200px\" \/>Hace unos d\u00edas la cantante mexicana Geo Meneses estuvo en entrevista en la cabina de Radio M\u00e9xico Internacional y convers\u00f3 con nuestra compa\u00f1era Rita Abreu acerca de una presentaci\u00f3n que tendr\u00e1 el pr\u00f3ximo 24 de noviembre. Geo Meneses es due\u00f1a de una bella voz y trabaja con disciplina y pasi\u00f3n. Es una enamorada del repertorio que interpreta y cada canci\u00f3n va unida a un recuerdo, a un sabor, a un momento significativo e imborrable. Escucharla cantar es un gran placer y fue tambi\u00e9n muy grato descubrirla como una conversadora amena, una mujer que sabe compartir sus recuerdos con enorme sinceridad y que genera a su alrededor un ambiente intenso y alegre. Su m\u00fasica forma parte de la programaci\u00f3n cotidiana de nuestra emisora y fue un privilegio poder conocer el trabajo y el gran tes\u00f3n que hay detr\u00e1s de cada una de sus interpretaciones. Le deseamos mucho \u00e9xito en su pr\u00f3xima presentaci\u00f3n y les dejamos el audio completo de esta entrevista para que la vuelvan a disfrutar.<\/p>\n<p>&nbsp;<\/p>\n<p>&nbsp;<\/p>\n<p>&nbsp;<\/p>\n\n\t\t\t<style type='text\/css'>\n\t\t\t\t#gallery-1 {\n\t\t\t\t\tmargin: auto;\n\t\t\t\t}\n\t\t\t\t#gallery-1 .gallery-item {\n\t\t\t\t\tfloat: left;\n\t\t\t\t\tmargin-top: 10px;\n\t\t\t\t\ttext-align: center;\n\t\t\t\t\twidth: 33%;\n\t\t\t\t}\n\t\t\t\t#gallery-1 img {\n\t\t\t\t\tborder: 2px solid #cfcfcf;\n\t\t\t\t}\n\t\t\t\t#gallery-1 .gallery-caption {\n\t\t\t\t\tmargin-left: 0;\n\t\t\t\t}\n\t\t\t\t\/* see gallery_shortcode() in wp-includes\/media.php *\/\n\t\t\t<\/style>\n\t\t<div id='gallery-1' class='dt-gallery-container gallery galleryid-17210 gallery-columns-3 gallery-size-thumbnail'><dl class='gallery-item'>\n\t\t\t\t<dt class='gallery-icon landscape'>\n\t\t\t\t\t<a class=\"rollover rollover-zoom dt-pswp-item\" title=\"1060\" data-dt-img-description=\"\" data-large_image_width=\"960\" data-large_image_height=\"640\"href='https:\/\/www.imer.mx\/rmi\/wp-content\/uploads\/sites\/3\/2017\/11\/1060.jpg'><img loading=\"lazy\" decoding=\"async\" width=\"150\" height=\"150\" src=\"https:\/\/www.imer.mx\/rmi\/wp-content\/uploads\/sites\/3\/2017\/11\/1060-150x150.jpg\" class=\"attachment-thumbnail size-thumbnail\" alt=\"\" \/><\/a>\n\t\t\t\t<\/dt><\/dl><dl class='gallery-item'>\n\t\t\t\t<dt class='gallery-icon landscape'>\n\t\t\t\t\t<a class=\"rollover rollover-zoom dt-pswp-item\" title=\"1055\" data-dt-img-description=\"\" data-large_image_width=\"960\" data-large_image_height=\"640\"href='https:\/\/www.imer.mx\/rmi\/wp-content\/uploads\/sites\/3\/2017\/11\/1055.jpg'><img loading=\"lazy\" decoding=\"async\" width=\"150\" height=\"150\" src=\"https:\/\/www.imer.mx\/rmi\/wp-content\/uploads\/sites\/3\/2017\/11\/1055-150x150.jpg\" class=\"attachment-thumbnail size-thumbnail\" alt=\"\" \/><\/a>\n\t\t\t\t<\/dt><\/dl><dl class='gallery-item'>\n\t\t\t\t<dt class='gallery-icon landscape'>\n\t\t\t\t\t<a class=\"rollover rollover-zoom dt-pswp-item\" title=\"1072\" data-dt-img-description=\"\" data-large_image_width=\"960\" data-large_image_height=\"640\"href='https:\/\/www.imer.mx\/rmi\/wp-content\/uploads\/sites\/3\/2017\/11\/1072.jpg'><img loading=\"lazy\" decoding=\"async\" width=\"150\" height=\"150\" src=\"https:\/\/www.imer.mx\/rmi\/wp-content\/uploads\/sites\/3\/2017\/11\/1072-150x150.jpg\" class=\"attachment-thumbnail size-thumbnail\" alt=\"\" \/><\/a>\n\t\t\t\t<\/dt><\/dl><br style=\"clear: both\" \/>\n\t\t\t<\/div>\n\n","protected":false},"excerpt":{"rendered":"<p>Hace unos d\u00edas la cantante mexicana Geo Meneses estuvo en entrevista en la cabina de Radio M\u00e9xico Internacional y convers\u00f3 con nuestra compa\u00f1era Rita Abreu sobre la historia de su carrera y sobre una presentaci\u00f3n que tendr\u00e1 el pr\u00f3ximo 24 de noviembre. Aqu\u00ed les dejamos el audio de esta entrevista.<br \/>\nPara seguir leyendo, ver im\u00e1genes y escuchar dar clic en el t\u00edtulo. <\/p>\n","protected":false},"author":18,"featured_media":17219,"comment_status":"open","ping_status":"open","sticky":false,"template":"","format":"standard","meta":{"wp_popup_display_lightbox":0,"wp_popup_suppress":"","wp_popup_trigger":"","wp_popup_trigger_amount":0,"wp_popup_disable_on_mobile":false,"footnotes":""},"categories":[8,3],"tags":[],"class_list":["post-17210","post","type-post","status-publish","format-standard","has-post-thumbnail","hentry","category-destacados","category-radiomexicointernacional","category-8","category-3","description-off"],"_links":{"self":[{"href":"https:\/\/www.imer.mx\/rmi\/wp-json\/wp\/v2\/posts\/17210","targetHints":{"allow":["GET"]}}],"collection":[{"href":"https:\/\/www.imer.mx\/rmi\/wp-json\/wp\/v2\/posts"}],"about":[{"href":"https:\/\/www.imer.mx\/rmi\/wp-json\/wp\/v2\/types\/post"}],"author":[{"embeddable":true,"href":"https:\/\/www.imer.mx\/rmi\/wp-json\/wp\/v2\/users\/18"}],"replies":[{"embeddable":true,"href":"https:\/\/www.imer.mx\/rmi\/wp-json\/wp\/v2\/comments?post=17210"}],"version-history":[{"count":0,"href":"https:\/\/www.imer.mx\/rmi\/wp-json\/wp\/v2\/posts\/17210\/revisions"}],"wp:featuredmedia":[{"embeddable":true,"href":"https:\/\/www.imer.mx\/rmi\/wp-json\/wp\/v2\/media\/17219"}],"wp:attachment":[{"href":"https:\/\/www.imer.mx\/rmi\/wp-json\/wp\/v2\/media?parent=17210"}],"wp:term":[{"taxonomy":"category","embeddable":true,"href":"https:\/\/www.imer.mx\/rmi\/wp-json\/wp\/v2\/categories?post=17210"},{"taxonomy":"post_tag","embeddable":true,"href":"https:\/\/www.imer.mx\/rmi\/wp-json\/wp\/v2\/tags?post=17210"}],"curies":[{"name":"wp","href":"https:\/\/api.w.org\/{rel}","templated":true}]}}