{"id":17185,"date":"2017-11-13T19:11:38","date_gmt":"2017-11-14T01:11:38","guid":{"rendered":"http:\/\/www.imer.mx\/rmi\/?p=17185"},"modified":"2017-11-13T19:11:38","modified_gmt":"2017-11-14T01:11:38","slug":"lucia-pulido","status":"publish","type":"post","link":"https:\/\/www.imer.mx\/rmi\/lucia-pulido\/","title":{"rendered":"El Vicio de Quererte de Luc\u00eda Pulido."},"content":{"rendered":"<h4>Escucha la entrevista con la cantante\u00a0 Luc\u00eda Pulido<\/h4>\n<audio class=\"wp-audio-shortcode\" id=\"audio-17185-1\" preload=\"none\" style=\"width: 100%;\" controls=\"controls\"><source type=\"audio\/mpeg\" src=\"https:\/\/www.imer.mx\/rmi\/wp-content\/uploads\/sites\/3\/2017\/11\/lucia_pulido.mp3?_=1\" \/><a href=\"https:\/\/www.imer.mx\/rmi\/wp-content\/uploads\/sites\/3\/2017\/11\/lucia_pulido.mp3\">https:\/\/www.imer.mx\/rmi\/wp-content\/uploads\/sites\/3\/2017\/11\/lucia_pulido.mp3<\/a><\/audio>\n<p><img loading=\"lazy\" decoding=\"async\" class=\"alignleft wp-image-17192 size-medium\" src=\"https:\/\/www.imer.mx\/rmi\/wp-content\/uploads\/sites\/3\/2017\/11\/136-221x300.jpg\" alt=\"\" width=\"221\" height=\"300\" srcset=\"https:\/\/www.imer.mx\/rmi\/wp-content\/uploads\/sites\/3\/2017\/11\/136-221x300.jpg 221w, https:\/\/www.imer.mx\/rmi\/wp-content\/uploads\/sites\/3\/2017\/11\/136.jpg 640w\" sizes=\"auto, (max-width: 221px) 100vw, 221px\" \/>Hoy tuvimos el gran privilegio de escuchar en Radio M\u00e9xico Internacional la voz de Luc\u00eda Pulido, y pudimos disfrutar la delicadeza y la sinceridad de sus interpretaciones. Luc\u00eda nos visit\u00f3 para invitarnos a su pr\u00f3xima presentaci\u00f3n que se llevar\u00e1 a cabo el jueves 16 de noviembre por la noche, en el Teatro El Vicio de la calle de Madrid N\u00b0 13 en la Colonia del Carmen en Coyoac\u00e1n. Una cuidadosa selecci\u00f3n de canciones, bellas e intensas, integrar\u00e1n el repertorio de esta presentaci\u00f3n llamada \u201cEl Vicio de Quererte\u201d: romances turbulentos, amores contrariados, reclamos y pasiones, expresados a trav\u00e9s de la poes\u00eda del bolero, el tango, el vals, la canci\u00f3n ranchera y hasta la pirekua. M\u00fasica de M\u00e9xico, de Argentina, de Colombia, de Per\u00fa y de otros rincones, se escuchar\u00e1 en esa noche, en la que Luc\u00eda estar\u00e1 acompa\u00f1ada por el viol\u00edn y la voz de Ulises Mart\u00ednez, la guitarra de Alonso Borja y el contrabajo de C\u00e9sar Mart\u00ednez.<\/p>\n<p>Luc\u00eda es una cantante colombiana, nacida en la regi\u00f3n de los llanos, due\u00f1a de una poderosa y muy expresiva voz. Y tambi\u00e9n es una viajera y una buscadora de emociones que comparte a trav\u00e9s de su canto. Sabe que la m\u00fasica tiende puentes s\u00f3lidos y que la cercan\u00eda y la colaboraci\u00f3n entre los m\u00fasicos del mundo es una de las mejores rutas que tenemos para entendernos y escucharnos. Aqu\u00ed les dejamos la entrevista que nuestra compa\u00f1era Rita Abreu le hizo a Luc\u00eda Pulido y la propuesta de que asistan a la presentaci\u00f3n del pr\u00f3ximo jueves 16 de noviembre a las 9 y media de la noche, Madrid N\u00b0 13, Col del Carmen, Coyoac\u00e1n.<\/p>\n\n\t\t\t<style type='text\/css'>\n\t\t\t\t#gallery-1 {\n\t\t\t\t\tmargin: auto;\n\t\t\t\t}\n\t\t\t\t#gallery-1 .gallery-item {\n\t\t\t\t\tfloat: left;\n\t\t\t\t\tmargin-top: 10px;\n\t\t\t\t\ttext-align: center;\n\t\t\t\t\twidth: 33%;\n\t\t\t\t}\n\t\t\t\t#gallery-1 img {\n\t\t\t\t\tborder: 2px solid #cfcfcf;\n\t\t\t\t}\n\t\t\t\t#gallery-1 .gallery-caption {\n\t\t\t\t\tmargin-left: 0;\n\t\t\t\t}\n\t\t\t\t\/* see gallery_shortcode() in wp-includes\/media.php *\/\n\t\t\t<\/style>\n\t\t<div id='gallery-1' class='dt-gallery-container gallery galleryid-17185 gallery-columns-3 gallery-size-thumbnail'><dl class='gallery-item'>\n\t\t\t\t<dt class='gallery-icon landscape'>\n\t\t\t\t\t<a class=\"rollover rollover-zoom dt-pswp-item\" title=\"108\" data-dt-img-description=\"\" data-large_image_width=\"960\" data-large_image_height=\"640\"href='https:\/\/www.imer.mx\/rmi\/wp-content\/uploads\/sites\/3\/2017\/11\/108.jpg'><img loading=\"lazy\" decoding=\"async\" width=\"150\" height=\"150\" src=\"https:\/\/www.imer.mx\/rmi\/wp-content\/uploads\/sites\/3\/2017\/11\/108-150x150.jpg\" class=\"attachment-thumbnail size-thumbnail\" alt=\"\" \/><\/a>\n\t\t\t\t<\/dt><\/dl><dl class='gallery-item'>\n\t\t\t\t<dt class='gallery-icon landscape'>\n\t\t\t\t\t<a class=\"rollover rollover-zoom dt-pswp-item\" title=\"110\" data-dt-img-description=\"\" data-large_image_width=\"960\" data-large_image_height=\"640\"href='https:\/\/www.imer.mx\/rmi\/wp-content\/uploads\/sites\/3\/2017\/11\/110.jpg'><img loading=\"lazy\" decoding=\"async\" width=\"150\" height=\"150\" src=\"https:\/\/www.imer.mx\/rmi\/wp-content\/uploads\/sites\/3\/2017\/11\/110-150x150.jpg\" class=\"attachment-thumbnail size-thumbnail\" alt=\"\" \/><\/a>\n\t\t\t\t<\/dt><\/dl><dl class='gallery-item'>\n\t\t\t\t<dt class='gallery-icon landscape'>\n\t\t\t\t\t<a class=\"rollover rollover-zoom dt-pswp-item\" title=\"127\" data-dt-img-description=\"\" data-large_image_width=\"960\" data-large_image_height=\"640\"href='https:\/\/www.imer.mx\/rmi\/wp-content\/uploads\/sites\/3\/2017\/11\/127.jpg'><img loading=\"lazy\" decoding=\"async\" width=\"150\" height=\"150\" src=\"https:\/\/www.imer.mx\/rmi\/wp-content\/uploads\/sites\/3\/2017\/11\/127-150x150.jpg\" class=\"attachment-thumbnail size-thumbnail\" alt=\"\" \/><\/a>\n\t\t\t\t<\/dt><\/dl><br style=\"clear: both\" \/>\n\t\t\t<\/div>\n\n","protected":false},"excerpt":{"rendered":"<p>Hoy tuvimos el gran privilegio de escuchar en Radio M\u00e9xico Internacional la voz de Luc\u00eda Pulido, y pudimos disfrutar la delicadeza y la sinceridad de sus interpretaciones. Luc\u00eda nos visit\u00f3 para invitarnos a su pr\u00f3xima presentaci\u00f3n que se  llevar\u00e1 a cabo el jueves 16 de noviembre por la noche\u2026<br \/>\nPara seguir leyendo y escuchar dar clic en el t\u00edtulo. <\/p>\n","protected":false},"author":18,"featured_media":17193,"comment_status":"open","ping_status":"open","sticky":false,"template":"","format":"standard","meta":{"wp_popup_display_lightbox":0,"wp_popup_suppress":"","wp_popup_trigger":"","wp_popup_trigger_amount":0,"wp_popup_disable_on_mobile":false,"footnotes":""},"categories":[8,3],"tags":[],"class_list":["post-17185","post","type-post","status-publish","format-standard","has-post-thumbnail","hentry","category-destacados","category-radiomexicointernacional","category-8","category-3","description-off"],"_links":{"self":[{"href":"https:\/\/www.imer.mx\/rmi\/wp-json\/wp\/v2\/posts\/17185","targetHints":{"allow":["GET"]}}],"collection":[{"href":"https:\/\/www.imer.mx\/rmi\/wp-json\/wp\/v2\/posts"}],"about":[{"href":"https:\/\/www.imer.mx\/rmi\/wp-json\/wp\/v2\/types\/post"}],"author":[{"embeddable":true,"href":"https:\/\/www.imer.mx\/rmi\/wp-json\/wp\/v2\/users\/18"}],"replies":[{"embeddable":true,"href":"https:\/\/www.imer.mx\/rmi\/wp-json\/wp\/v2\/comments?post=17185"}],"version-history":[{"count":0,"href":"https:\/\/www.imer.mx\/rmi\/wp-json\/wp\/v2\/posts\/17185\/revisions"}],"wp:featuredmedia":[{"embeddable":true,"href":"https:\/\/www.imer.mx\/rmi\/wp-json\/wp\/v2\/media\/17193"}],"wp:attachment":[{"href":"https:\/\/www.imer.mx\/rmi\/wp-json\/wp\/v2\/media?parent=17185"}],"wp:term":[{"taxonomy":"category","embeddable":true,"href":"https:\/\/www.imer.mx\/rmi\/wp-json\/wp\/v2\/categories?post=17185"},{"taxonomy":"post_tag","embeddable":true,"href":"https:\/\/www.imer.mx\/rmi\/wp-json\/wp\/v2\/tags?post=17185"}],"curies":[{"name":"wp","href":"https:\/\/api.w.org\/{rel}","templated":true}]}}