{"id":17134,"date":"2017-11-07T19:12:48","date_gmt":"2017-11-08T01:12:48","guid":{"rendered":"http:\/\/www.imer.mx\/rmi\/?p=17134"},"modified":"2017-11-07T19:12:48","modified_gmt":"2017-11-08T01:12:48","slug":"recordando-al-poeta-jose-gorostiza","status":"publish","type":"post","link":"https:\/\/www.imer.mx\/rmi\/recordando-al-poeta-jose-gorostiza\/","title":{"rendered":"Recordando al poeta Jos\u00e9 Gorostiza."},"content":{"rendered":"<p style=\"text-align: right\">Por Mario Leyva Escalante<\/p>\n<p>\u201cTiene la noche un \u00e1rbol<\/p>\n<p>con frutos de ambar;<\/p>\n<p>tiene una tez la tierra,<\/p>\n<p>ay, de esmeraldas\u2026\u201d<\/p>\n<p>&nbsp;<\/p>\n<p><img loading=\"lazy\" decoding=\"async\" class=\"alignleft wp-image-17136 size-medium\" src=\"https:\/\/www.imer.mx\/rmi\/wp-content\/uploads\/sites\/3\/2017\/11\/gorostiza2-230x300.jpg\" alt=\"\" width=\"230\" height=\"300\" srcset=\"https:\/\/www.imer.mx\/rmi\/wp-content\/uploads\/sites\/3\/2017\/11\/gorostiza2-230x300.jpg 230w, https:\/\/www.imer.mx\/rmi\/wp-content\/uploads\/sites\/3\/2017\/11\/gorostiza2.jpg 737w\" sizes=\"auto, (max-width: 230px) 100vw, 230px\" \/>El 10 de noviembre, de 1901, naci\u00f3 en San Juan Bautista, hoy Villahermosa, el reconocido intelectual, poeta y diplom\u00e1tico Jos\u00e9 Gorostiza. Su primer encargo en el Servicio Exterior Mexicano, a los 26 a\u00f1os, fue como Canciller de primera en la ciudad de Londres, capital del Reino Unido; de ah\u00ed pas\u00f3 a la capital de Dinamarca, Copenhague, donde se desempe\u00f1\u00f3 como segundo secretario de la embajada y al t\u00e9rmino de su gesti\u00f3n se traslad\u00f3 a Roma, capital de Italia, como primer secretario de la legaci\u00f3n. Fue tambi\u00e9n representante de M\u00e9xico ante el Consejo de Seguridad de las Naciones Unidas y le toc\u00f3 encabezar la Comisi\u00f3n de Energ\u00eda Nuclear.<\/p>\n<p>Gran parte de su vida la dedic\u00f3 a la actividad diplom\u00e1tica, en la que lleg\u00f3 a ser Subsecretario de Relaciones Exteriores y poco despu\u00e9s Secretario, motivo por el cual siendo un extraordinario poeta, fue autor de s\u00f3lo 4 libros. En el \u00e1mbito literario Gorostiza form\u00f3 parte del influyente grupo de intelectuales \u201cLos Contempor\u00e1neos\u201d. Su corta bibliograf\u00eda contiene s\u00f3lo dos t\u00edtulos de poes\u00eda: <em>\u201cCanciones para cantar en las barcas\u201d <\/em>y su obra cumbre, reconocida mundialmente <em>\u201cMuerte sin fin\u201d,<\/em> apreciada como uno de los poemas m\u00e1s profundos e importantes de la l\u00edrica en espa\u00f1ol, un poema formalmente complejo, integrado por 10 secciones que, a decir de la cr\u00edtica literaria: \u201ctienen una estrecha cohesi\u00f3n interior, una interdependencia, no por sutil menos v\u00e1lida, con met\u00e1foras deslumbrantes\u201d.<img loading=\"lazy\" decoding=\"async\" class=\"alignright wp-image-17137 size-medium\" src=\"https:\/\/www.imer.mx\/rmi\/wp-content\/uploads\/sites\/3\/2017\/11\/Gorostiza-3-224x300.jpg\" alt=\"\" width=\"224\" height=\"300\" srcset=\"https:\/\/www.imer.mx\/rmi\/wp-content\/uploads\/sites\/3\/2017\/11\/Gorostiza-3-224x300.jpg 224w, https:\/\/www.imer.mx\/rmi\/wp-content\/uploads\/sites\/3\/2017\/11\/Gorostiza-3.jpg 373w\" sizes=\"auto, (max-width: 224px) 100vw, 224px\" \/><\/p>\n<p>El 14 de mayo de 1954 fue electo miembro de la Academia Mexicana de la Lengua, ocupando la silla n\u00famero XXXV. Alfonso Reyes dio la respuesta a su discurso de ingreso llamado \u201cNotas sobre poes\u00eda\u201d. El gran poeta Hugo Guti\u00e9rrez Vega escribi\u00f3 acerca del celebrado autor: \u201cAmaba todas las artes y gustaba de encontrar paralelos entre la pintura del Beato Ang\u00e9lico y las estrofas del \u201cC\u00e1ntico Espiritual\u201d de San Juan de la Cruz, Alfa y Omega de nuestra poes\u00eda. Su pasi\u00f3n por la m\u00fasica lo llev\u00f3 a afirmar que la poes\u00eda es m\u00fasica y, de un modo m\u00e1s preciso, canto\u201d.<\/p>\n<p>Jos\u00e9 Gorostiza muri\u00f3 en Ciudad de M\u00e9xico, el 16 de marzo de 1973.<\/p>\n","protected":false},"excerpt":{"rendered":"<p>El 10 de noviembre, de 1901, naci\u00f3 en San Juan Bautista, hoy Villahermosa, el reconocido intelectual, poeta y diplom\u00e1tico Jos\u00e9 Gorostiza. Su obra cumbre, reconocida mundialmente, es \u201cMuerte sin fin\u201d, reconocido como uno de los poemas m\u00e1s profundos e importantes de la l\u00edrica en espa\u00f1ol.<br \/>\nPara seguir leyendo clic en el t\u00edtulo\u2026<\/p>\n","protected":false},"author":34,"featured_media":17135,"comment_status":"open","ping_status":"open","sticky":false,"template":"","format":"standard","meta":{"wp_popup_display_lightbox":0,"wp_popup_suppress":"","wp_popup_trigger":"","wp_popup_trigger_amount":0,"wp_popup_disable_on_mobile":false,"footnotes":""},"categories":[8,3],"tags":[],"class_list":["post-17134","post","type-post","status-publish","format-standard","has-post-thumbnail","hentry","category-destacados","category-radiomexicointernacional","category-8","category-3","description-off"],"_links":{"self":[{"href":"https:\/\/www.imer.mx\/rmi\/wp-json\/wp\/v2\/posts\/17134","targetHints":{"allow":["GET"]}}],"collection":[{"href":"https:\/\/www.imer.mx\/rmi\/wp-json\/wp\/v2\/posts"}],"about":[{"href":"https:\/\/www.imer.mx\/rmi\/wp-json\/wp\/v2\/types\/post"}],"author":[{"embeddable":true,"href":"https:\/\/www.imer.mx\/rmi\/wp-json\/wp\/v2\/users\/34"}],"replies":[{"embeddable":true,"href":"https:\/\/www.imer.mx\/rmi\/wp-json\/wp\/v2\/comments?post=17134"}],"version-history":[{"count":0,"href":"https:\/\/www.imer.mx\/rmi\/wp-json\/wp\/v2\/posts\/17134\/revisions"}],"wp:featuredmedia":[{"embeddable":true,"href":"https:\/\/www.imer.mx\/rmi\/wp-json\/wp\/v2\/media\/17135"}],"wp:attachment":[{"href":"https:\/\/www.imer.mx\/rmi\/wp-json\/wp\/v2\/media?parent=17134"}],"wp:term":[{"taxonomy":"category","embeddable":true,"href":"https:\/\/www.imer.mx\/rmi\/wp-json\/wp\/v2\/categories?post=17134"},{"taxonomy":"post_tag","embeddable":true,"href":"https:\/\/www.imer.mx\/rmi\/wp-json\/wp\/v2\/tags?post=17134"}],"curies":[{"name":"wp","href":"https:\/\/api.w.org\/{rel}","templated":true}]}}