{"id":17128,"date":"2017-11-07T18:54:28","date_gmt":"2017-11-08T00:54:28","guid":{"rendered":"http:\/\/www.imer.mx\/rmi\/?p=17128"},"modified":"2017-11-07T18:54:28","modified_gmt":"2017-11-08T00:54:28","slug":"la-maestra-luisa-josefina-hernandez-gran-dramaturga-mexicana","status":"publish","type":"post","link":"https:\/\/www.imer.mx\/rmi\/la-maestra-luisa-josefina-hernandez-gran-dramaturga-mexicana\/","title":{"rendered":"La Maestra Luisa Josefina Hern\u00e1ndez, gran dramaturga mexicana."},"content":{"rendered":"<p style=\"text-align: right\">Por Mario Leyva Escalante<\/p>\n<p>&nbsp;<\/p>\n<p><img loading=\"lazy\" decoding=\"async\" class=\"alignleft wp-image-17130 size-medium\" src=\"https:\/\/www.imer.mx\/rmi\/wp-content\/uploads\/sites\/3\/2017\/11\/Luisa-J-H-215x300.jpg\" alt=\"\" width=\"215\" height=\"300\" srcset=\"https:\/\/www.imer.mx\/rmi\/wp-content\/uploads\/sites\/3\/2017\/11\/Luisa-J-H-215x300.jpg 215w, https:\/\/www.imer.mx\/rmi\/wp-content\/uploads\/sites\/3\/2017\/11\/Luisa-J-H.jpg 689w\" sizes=\"auto, (max-width: 215px) 100vw, 215px\" \/>La distinguida dramaturga, novelista, maestra y traductora, Luisa Josefina Hern\u00e1ndez, naci\u00f3 el \u00a0 2 de noviembre de 1928 en la Ciudad de M\u00e9xico. Ingres\u00f3 a la UNAM para estudiar la carrera de Derecho, la cual abandon\u00f3 para inscribirse em la Facultad de Filosof\u00eda y Letras. Escribi\u00f3 su primera obra teatral en 1950 titulada <em>Aguardiente de ca\u00f1a, <\/em>la cual se estren\u00f3 al a\u00f1o siguiente. Algo que defini\u00f3 su vocaci\u00f3n por el teatro realista, crudo y sin autolimitaciones del lenguaje, fue la puesta en escena de la obra de Tennessee Williams <em>\u201cUn tranv\u00eda llamado deseo<\/em>\u201d dirigida por el notable maestro Seki Sano estrenada en 1949. La influencia de \u00e9ste y otros dramaturgos norteamericanos se manifest\u00f3 en obras como <em>Agon\u00eda,<\/em> escrita en 1951, <em>La Corona del \u00e1ngel<\/em>, creada en el mismo a\u00f1o o <em>Afuera llueve <\/em>de 1952<em>. <\/em>En 1953 obtuvo el Premio Nacional de Teatro con la obra <em>Botica Modelo<\/em>. En 1954 Seky Sano le encarg\u00f3 la obra <em>Los sordomudos. <\/em><\/p>\n<p>Obtuvo la maestr\u00eda en Letras en 1955, en la especialidad de Arte Dram\u00e1tico presentando como tesis su obra <em>Los Frutos Ca\u00eddos<\/em>, la cual se estren\u00f3 en 1957. Desde 1956 comenz\u00f3 a trabajar como docente en la Universidad Nacional Aut\u00f3noma de M\u00e9xico impartiendo la c\u00e1tedra de Teor\u00eda y Composici\u00f3n Dram\u00e1tica y en el Instituto Nacional de Bellas Artes la materia de Arte Dram\u00e1tico. Durante m\u00e1s de cuarenta a\u00f1os desarroll\u00f3 una s\u00f3lida carrera como maestra. Fue la primera mujer considerada Profesora Em\u00e9rita de la UNAM. Miembro de una brillante generaci\u00f3n de dramaturgos, ex compa\u00f1eros de carrera, como Sergio Maga\u00f1a, Emilio Carballido, y Jorge Ibarg\u00fcengoitia, entre otros tom\u00f3 clases con el gran dramaturgo mexicano Rodolfo Usigli. Escribi\u00f3 alrededor de cien obras. En 1963 le fue entregado el prestigiado premio Casa de las Am\u00e9ricas por su obra <em>Los palacios desiertos<\/em> y su obra <em>Apocalipsis cum figuris<\/em>, le permiti\u00f3 obtener el premio Xavier Villaurrutia en 1982. Sus narraciones han sido tan ricas como su dramaturgia. <img loading=\"lazy\" decoding=\"async\" class=\"alignright wp-image-17129 size-medium\" src=\"https:\/\/www.imer.mx\/rmi\/wp-content\/uploads\/sites\/3\/2017\/11\/LJH-300x185.jpg\" alt=\"\" width=\"300\" height=\"185\" srcset=\"https:\/\/www.imer.mx\/rmi\/wp-content\/uploads\/sites\/3\/2017\/11\/LJH-300x185.jpg 300w, https:\/\/www.imer.mx\/rmi\/wp-content\/uploads\/sites\/3\/2017\/11\/LJH.jpg 350w\" sizes=\"auto, (max-width: 300px) 100vw, 300px\" \/>Destacan sus novelas <em>La plaza de Puerto Santo<\/em>, <em>La c\u00f3lera secreta<\/em> o <em>El lugar donde crece la hierba<\/em>, en ha publicado dos libros de poemas. Su trabajo como traductora tambi\u00e9n ha sido notable, tradujo a Shakespeare, Bertold Brecht y Arthur Miller, entre otros. Como funcionaria dirigi\u00f3 la emisora Radio Educaci\u00f3n y el canal 13 de televisi\u00f3n.<\/p>\n<p>&nbsp;<\/p>\n<p>La maestra Luisa Josefina Hern\u00e1ndez es una de las intelectuales m\u00e1s destacadas del siglo XX y a sus 89 a\u00f1os mantiene su capacidad creativa.<\/p>\n","protected":false},"excerpt":{"rendered":"<p>La distinguida dramaturga, novelista, maestra y traductora, Luisa Josefina Hern\u00e1ndez, naci\u00f3 el  2 de noviembre de 1928 en la Ciudad de M\u00e9xico. Escribi\u00f3 su primera obra teatral en 1950 titulada Aguardiente de ca\u00f1a, la cual se estren\u00f3 al a\u00f1o siguiente.<br \/>\nPara seguir leyendo clic en el t\u00edtulo. <\/p>\n","protected":false},"author":34,"featured_media":17131,"comment_status":"open","ping_status":"open","sticky":false,"template":"","format":"standard","meta":{"wp_popup_display_lightbox":0,"wp_popup_suppress":"","wp_popup_trigger":"","wp_popup_trigger_amount":0,"wp_popup_disable_on_mobile":false,"footnotes":""},"categories":[8,3],"tags":[],"class_list":["post-17128","post","type-post","status-publish","format-standard","has-post-thumbnail","hentry","category-destacados","category-radiomexicointernacional","category-8","category-3","description-off"],"_links":{"self":[{"href":"https:\/\/www.imer.mx\/rmi\/wp-json\/wp\/v2\/posts\/17128","targetHints":{"allow":["GET"]}}],"collection":[{"href":"https:\/\/www.imer.mx\/rmi\/wp-json\/wp\/v2\/posts"}],"about":[{"href":"https:\/\/www.imer.mx\/rmi\/wp-json\/wp\/v2\/types\/post"}],"author":[{"embeddable":true,"href":"https:\/\/www.imer.mx\/rmi\/wp-json\/wp\/v2\/users\/34"}],"replies":[{"embeddable":true,"href":"https:\/\/www.imer.mx\/rmi\/wp-json\/wp\/v2\/comments?post=17128"}],"version-history":[{"count":0,"href":"https:\/\/www.imer.mx\/rmi\/wp-json\/wp\/v2\/posts\/17128\/revisions"}],"wp:featuredmedia":[{"embeddable":true,"href":"https:\/\/www.imer.mx\/rmi\/wp-json\/wp\/v2\/media\/17131"}],"wp:attachment":[{"href":"https:\/\/www.imer.mx\/rmi\/wp-json\/wp\/v2\/media?parent=17128"}],"wp:term":[{"taxonomy":"category","embeddable":true,"href":"https:\/\/www.imer.mx\/rmi\/wp-json\/wp\/v2\/categories?post=17128"},{"taxonomy":"post_tag","embeddable":true,"href":"https:\/\/www.imer.mx\/rmi\/wp-json\/wp\/v2\/tags?post=17128"}],"curies":[{"name":"wp","href":"https:\/\/api.w.org\/{rel}","templated":true}]}}