{"id":17124,"date":"2017-11-09T19:00:39","date_gmt":"2017-11-10T01:00:39","guid":{"rendered":"http:\/\/www.imer.mx\/rmi\/?p=17124"},"modified":"2018-02-08T18:52:23","modified_gmt":"2018-02-09T00:52:23","slug":"grupo-nesh-kala-musica-y-tradiciones-de-mexico","status":"publish","type":"post","link":"https:\/\/www.imer.mx\/rmi\/grupo-nesh-kala-musica-y-tradiciones-de-mexico\/","title":{"rendered":"Grupo Nesh-kala, m\u00fasica y tradiciones de M\u00e9xico."},"content":{"rendered":"<p><img loading=\"lazy\" decoding=\"async\" class=\"alignleft wp-image-17160 size-medium\" src=\"https:\/\/www.imer.mx\/rmi\/wp-content\/uploads\/sites\/3\/2017\/11\/Nesh-Kala1-268x300.jpg\" alt=\"\" width=\"268\" height=\"300\" srcset=\"https:\/\/www.imer.mx\/rmi\/wp-content\/uploads\/sites\/3\/2017\/11\/Nesh-Kala1-268x300.jpg 268w, https:\/\/www.imer.mx\/rmi\/wp-content\/uploads\/sites\/3\/2017\/11\/Nesh-Kala1.jpg 688w\" sizes=\"auto, (max-width: 268px) 100vw, 268px\" \/>Hace unos d\u00edas los integrantes del grupo Nesh-Kala visitaron la cabina de Radio M\u00e9xico Internacional y conversaron largamente con nuestra compa\u00f1era Rita Abreu en una entrevista en vivo. Vinieron a invitar a nuestro p\u00fablico al espect\u00e1culo, \u201cDe Calaveras y otras cosas\u201d, que presentaron en el auditorio del Museo del Templo Mayor con motivo de las celebraciones de los d\u00edas 1 y 2 de noviembre dedicadas a los difuntos. Nesh-Kala es un t\u00e9rmino en lengua maya que significa \u201cpurificando el tiempo\u201d y es el nombre que eligi\u00f3 este grupo integrado por cuatro j\u00f3venes comprometidos con la m\u00fasica, la historia y las tradiciones de M\u00e9xico. Adem\u00e1s del espect\u00e1culo tejido en torno al tema de la muerte, el grupo tiene tambi\u00e9n una obra dedicada a la m\u00fasica prohibida por la Inquisici\u00f3n, una sobre las tradiciones decembrinas, otra sobre la m\u00fasica novohispana, una dedicada a los ni\u00f1os y est\u00e1n siempre trabajando e ideando nuevos espect\u00e1culos. Los integrantes de Nesh.Kala son: Daniel Contreras, compositor, arreglista, voz principal y guitarra. Irma Zamudio, viol\u00edn, voz, flauta, acorde\u00f3n y vihuela. Eduardo Becerril, bajo, arm\u00f3nica, guitarra, acorde\u00f3n y voz. Y Alonso Tovar, percusiones, acorde\u00f3n, bajo y guitarra.<\/p>\n<h5>Les dejamos aqu\u00ed la entrevista con el grupo Nesh-Kala les invitamos a escucharla y, sobre todo, les invitamos a seguir de cerca su trabajo. Seguramente pronto los tendremos nuevamente con nosotros.<\/h5>\n<audio class=\"wp-audio-shortcode\" id=\"audio-17124-1\" preload=\"none\" style=\"width: 100%;\" controls=\"controls\"><source type=\"audio\/mpeg\" src=\"https:\/\/www.imer.mx\/rmi\/wp-content\/uploads\/sites\/3\/2017\/11\/nesh.mp3?_=1\" \/><source type=\"\" src=\"http:\/\/undefined?_=1\" \/><a href=\"https:\/\/www.imer.mx\/rmi\/wp-content\/uploads\/sites\/3\/2017\/11\/nesh.mp3\">https:\/\/www.imer.mx\/rmi\/wp-content\/uploads\/sites\/3\/2017\/11\/nesh.mp3<\/a><\/audio>\n<p>&nbsp;<\/p>\n<p><img loading=\"lazy\" decoding=\"async\" class=\"alignright wp-image-17159 size-medium\" src=\"https:\/\/www.imer.mx\/rmi\/wp-content\/uploads\/sites\/3\/2017\/11\/01-300x169.jpg\" alt=\"\" width=\"300\" height=\"169\" \/><\/p>\n","protected":false},"excerpt":{"rendered":"<p>Hace unos d\u00edas los integrantes del grupo Nesh-Kala visitaron la cabina de Radio M\u00e9xico Internacional y conversaron largamente con nuestra compa\u00f1era Rita Abreu en una entrevista en vivo. Vinieron a invitar a nuestro p\u00fablico al espect\u00e1culo, \u201cDe Calaveras y otras cosas\u201d, que presentaron en el auditorio del Museo del Templo Mayor\u2026<br \/>\nPara seguir leyendo y escuchar la entrevista dar clic en el t\u00edtulo. <\/p>\n","protected":false},"author":18,"featured_media":17161,"comment_status":"open","ping_status":"open","sticky":false,"template":"","format":"standard","meta":{"wp_popup_display_lightbox":0,"wp_popup_suppress":"","wp_popup_trigger":"","wp_popup_trigger_amount":0,"wp_popup_disable_on_mobile":false,"footnotes":""},"categories":[3],"tags":[],"class_list":["post-17124","post","type-post","status-publish","format-standard","has-post-thumbnail","hentry","category-radiomexicointernacional","category-3","description-off"],"_links":{"self":[{"href":"https:\/\/www.imer.mx\/rmi\/wp-json\/wp\/v2\/posts\/17124","targetHints":{"allow":["GET"]}}],"collection":[{"href":"https:\/\/www.imer.mx\/rmi\/wp-json\/wp\/v2\/posts"}],"about":[{"href":"https:\/\/www.imer.mx\/rmi\/wp-json\/wp\/v2\/types\/post"}],"author":[{"embeddable":true,"href":"https:\/\/www.imer.mx\/rmi\/wp-json\/wp\/v2\/users\/18"}],"replies":[{"embeddable":true,"href":"https:\/\/www.imer.mx\/rmi\/wp-json\/wp\/v2\/comments?post=17124"}],"version-history":[{"count":0,"href":"https:\/\/www.imer.mx\/rmi\/wp-json\/wp\/v2\/posts\/17124\/revisions"}],"wp:featuredmedia":[{"embeddable":true,"href":"https:\/\/www.imer.mx\/rmi\/wp-json\/wp\/v2\/media\/17161"}],"wp:attachment":[{"href":"https:\/\/www.imer.mx\/rmi\/wp-json\/wp\/v2\/media?parent=17124"}],"wp:term":[{"taxonomy":"category","embeddable":true,"href":"https:\/\/www.imer.mx\/rmi\/wp-json\/wp\/v2\/categories?post=17124"},{"taxonomy":"post_tag","embeddable":true,"href":"https:\/\/www.imer.mx\/rmi\/wp-json\/wp\/v2\/tags?post=17124"}],"curies":[{"name":"wp","href":"https:\/\/api.w.org\/{rel}","templated":true}]}}