{"id":16188,"date":"2018-12-08T19:03:10","date_gmt":"2018-12-09T01:03:10","guid":{"rendered":"http:\/\/www.imer.mx\/rmi\/?p=16188"},"modified":"2018-12-11T19:31:03","modified_gmt":"2018-12-12T01:31:03","slug":"la-ceremonia-ritual-de-los-voladores-una-herencia-ancestral","status":"publish","type":"post","link":"https:\/\/www.imer.mx\/rmi\/la-ceremonia-ritual-de-los-voladores-una-herencia-ancestral\/","title":{"rendered":"La Ceremonia Ritual de los Voladores: una herencia ancestral."},"content":{"rendered":"<p><img loading=\"lazy\" decoding=\"async\" class=\"alignleft wp-image-16192 size-medium\" src=\"https:\/\/www.imer.mx\/rmi\/wp-content\/uploads\/sites\/3\/2017\/02\/04-168x300.jpg\" width=\"168\" height=\"300\" srcset=\"https:\/\/www.imer.mx\/rmi\/wp-content\/uploads\/sites\/3\/2017\/02\/04-168x300.jpg 168w, https:\/\/www.imer.mx\/rmi\/wp-content\/uploads\/sites\/3\/2017\/02\/04.jpg 539w\" sizes=\"auto, (max-width: 168px) 100vw, 168px\" \/>La Ceremonia Ritual de los Voladores, es una de las danzas m\u00e1s antiguas de Mesoam\u00e9rica, es una representaci\u00f3n cargada de significados y cada una de sus representaciones est\u00e1 envuelta en un simbolismo ancestral. En el a\u00f1o 2009 la Organizaci\u00f3n de las Naciones Unidas para la Educaci\u00f3n la Ciencia y la Cultura, UNESCO, decidi\u00f3 inscribir a la Ceremonia Ritual de los Voladores dentro de la lista del Patrimonio Mundial Inmaterial de la Humanidad y en la declaratoria subray\u00f3 que se trata de una danza de fertilidad, con hondas ra\u00edces prehisp\u00e1nicas, que se encuentra entre varios grupos \u00e9tnicos de M\u00e9xico y Centroam\u00e9rica, especialmente entre los totonacas de Veracruz. Su objetivo es expresar el respeto hacia la naturaleza y propiciar la armon\u00eda entre los \u00e1mbitos terrestres y espirituales.<\/p>\n<p>Seguramente en alguna ocasi\u00f3n ustedes han observado la realizaci\u00f3n de esta danza. Tal vez han quedado absortos viendo a los cinco hombres que trepan por el m\u00e1stil y se acomodan en su cima, para realizar una serie de movimientos exactos y hermosos. En sus giros en el aire, semejan a grandes aves con las alas abiertas y la peque\u00f1a flauta que ta\u00f1e el caporal, produce un sonido agudo que alcanza largas distancias y nos mantiene atentos a lo que ocurre arriba. Esta danza seguramente estuvo presente en muchos lugares del territorio de lo que hoy es nuestro pa\u00eds, incluso en la ciudad de M\u00e9xico sobrevivi\u00f3 por mucho tiempo el nombre de \u201cPlaza del Volador\u201d para designar el sitio donde se llevaba a cabo y donde ahora se levanta el edificio de la Suprema Corte de Justicia.<\/p>\n<p>Todo en esta danza sigue un orden muy preciso. En su forma m\u00e1s tradicional, se realiza usando como m\u00e1stil el tronco de un \u00e1rbol <img loading=\"lazy\" decoding=\"async\" class=\"alignright wp-image-16191 size-medium\" src=\"https:\/\/www.imer.mx\/rmi\/wp-content\/uploads\/sites\/3\/2017\/02\/03-224x300.jpg\" width=\"224\" height=\"300\" srcset=\"https:\/\/www.imer.mx\/rmi\/wp-content\/uploads\/sites\/3\/2017\/02\/03-224x300.jpg 224w, https:\/\/www.imer.mx\/rmi\/wp-content\/uploads\/sites\/3\/2017\/02\/03.jpg 716w\" sizes=\"auto, (max-width: 224px) 100vw, 224px\" \/>que debe ser cortado de manera ritual y retribuyendo a la selva o al bosque con ofrendas de comida. Este tronco una vez limpio de ramas, se replanta con actos ceremoniales, en el lugar en el que se realizar\u00e1 la danza. Hecho esto, se \u201cviste\u201d, rode\u00e1ndolo con la cuerda que servir\u00e1 para subir y coron\u00e1ndolo con \u201cla manzana\u201d o \u201ccarrete\u201d, que es el elemento circular giratorio que se pone en la punta, y \u201cel cuadro\u201d o \u201cpixtla\u201d, del que colgar\u00e1n las cuerdas de los voladores. En nuestros d\u00edas se est\u00e1n utilizando tambi\u00e9n m\u00e1stiles de metal, sobre todo en lugares como los sitios arqueol\u00f3gicos o en los jardines de los museos, pero en la colocaci\u00f3n o \u201csiembra\u201d de esos m\u00e1stiles se siguen realizando rituales estrictos, con ofrendas de comida y bebida. El vestuario que acompa\u00f1a a la danza es hermoso y rico en colores, con pa\u00f1uelos bordados, los tocados con brillantes espejos, blancas camisas papantlecas y recias botas de color negro. Cuatro voladores representan los puntos cardinales y el lugar central lo ocupa el \u201ccaporal\u201d que tiene una mayor experiencia y que es el encargado de dirigir el ritual a trav\u00e9s de sus movimientos y del sonido de su flauta y de un peque\u00f1o tambor. Todos los voladores deben prepararse con cuidado y dedicaci\u00f3n, porque este arte no se aprende en un solo d\u00eda, sino que es producto de un entrenamiento lento y pleno de conocimientos ancestrales. Existe una escuela para ni\u00f1os voladores en la comunidad de Papantla, Veracruz, donde se contin\u00faa protegiendo esta tradici\u00f3n. Subir al m\u00e1stil y volar, es transformarse, entrar en comunicaci\u00f3n con el cosmos; esto es un privilegio, pero tambi\u00e9n una gran responsabilidad.<\/p>\n<p><img loading=\"lazy\" decoding=\"async\" class=\"alignleft wp-image-16193 size-thumbnail\" src=\"https:\/\/www.imer.mx\/rmi\/wp-content\/uploads\/sites\/3\/2017\/02\/Ni\u00f1os-voladores-2-150x150.jpg\" width=\"150\" height=\"150\">La Danza de los Voladores es un motivo de enorme orgullo: nos enlaza con el pasado y nos llena de fuerza y emociones. Sigamos guardando respeto y asombro ante la proeza de los voladores, porque en cada una de sus representaciones, a\u00fan en lugares repletos de viajeros y de curiosos, el tiempo y la memoria siguen hablando a trav\u00e9s de ellos.<\/p>\n<p>&nbsp;<\/p>\n<p>&nbsp;<\/p>\n<p>&nbsp;<\/p>\n<div id=\"attachment_16190\" style=\"width: 210px\" class=\"wp-caption alignright\"><img loading=\"lazy\" decoding=\"async\" aria-describedby=\"caption-attachment-16190\" class=\"wp-image-16190 size-medium\" src=\"https:\/\/www.imer.mx\/rmi\/wp-content\/uploads\/sites\/3\/2017\/02\/02Ni\u00f1o-volador-200x300.jpg\" width=\"200\" height=\"300\" srcset=\"https:\/\/www.imer.mx\/rmi\/wp-content\/uploads\/sites\/3\/2017\/02\/02Ni\u00f1o-volador-200x300.jpg 200w, https:\/\/www.imer.mx\/rmi\/wp-content\/uploads\/sites\/3\/2017\/02\/02Ni\u00f1o-volador.jpg 640w\" sizes=\"auto, (max-width: 200px) 100vw, 200px\" \/><p id=\"caption-attachment-16190\" class=\"wp-caption-text\">Fotos: Enrique Rivera.<\/p><\/div>\n","protected":false},"excerpt":{"rendered":"<p>La Ceremonia Ritual de los Voladores, es una de las danzas m\u00e1s antiguas de Mesoam\u00e9rica, es una representaci\u00f3n cargada de significados y cada una de sus representaciones est\u00e1 envuelta en un simbolismo ancestral. En el a\u00f1o 2009 la Organizaci\u00f3n de las Naciones Unidas para la Educaci\u00f3n la Ciencia y la Cultura, UNESCO, decidi\u00f3 inscribir a la Ceremonia Ritual de los Voladores dentro de la lista del Patrimonio Mundial Inmaterial de la Humanidad y en la declaratoria subray\u00f3 que se trata de una danza de fertilidad, con hondas ra\u00edces prehisp\u00e1nicas, que se encuentra entre varios grupos \u00e9tnicos de M\u00e9xico y Centroam\u00e9rica, especialmente entre los totonacas de Veracruz. Su objetivo es expresar el respeto hacia la naturaleza y propiciar la armon\u00eda entre los \u00e1mbitos terrestres y espirituales.<br \/>\nPara seguir leyendo y ver im\u00e1genes dar clic en el t\u00edtulo\u2026<\/p>\n","protected":false},"author":34,"featured_media":16189,"comment_status":"closed","ping_status":"open","sticky":false,"template":"","format":"standard","meta":{"wp_popup_display_lightbox":0,"wp_popup_suppress":"","wp_popup_trigger":"","wp_popup_trigger_amount":0,"wp_popup_disable_on_mobile":false,"footnotes":""},"categories":[43],"tags":[],"class_list":["post-16188","post","type-post","status-publish","format-standard","has-post-thumbnail","hentry","category-temas-de-mexico","category-43","description-off"],"_links":{"self":[{"href":"https:\/\/www.imer.mx\/rmi\/wp-json\/wp\/v2\/posts\/16188","targetHints":{"allow":["GET"]}}],"collection":[{"href":"https:\/\/www.imer.mx\/rmi\/wp-json\/wp\/v2\/posts"}],"about":[{"href":"https:\/\/www.imer.mx\/rmi\/wp-json\/wp\/v2\/types\/post"}],"author":[{"embeddable":true,"href":"https:\/\/www.imer.mx\/rmi\/wp-json\/wp\/v2\/users\/34"}],"replies":[{"embeddable":true,"href":"https:\/\/www.imer.mx\/rmi\/wp-json\/wp\/v2\/comments?post=16188"}],"version-history":[{"count":0,"href":"https:\/\/www.imer.mx\/rmi\/wp-json\/wp\/v2\/posts\/16188\/revisions"}],"wp:featuredmedia":[{"embeddable":true,"href":"https:\/\/www.imer.mx\/rmi\/wp-json\/wp\/v2\/media\/16189"}],"wp:attachment":[{"href":"https:\/\/www.imer.mx\/rmi\/wp-json\/wp\/v2\/media?parent=16188"}],"wp:term":[{"taxonomy":"category","embeddable":true,"href":"https:\/\/www.imer.mx\/rmi\/wp-json\/wp\/v2\/categories?post=16188"},{"taxonomy":"post_tag","embeddable":true,"href":"https:\/\/www.imer.mx\/rmi\/wp-json\/wp\/v2\/tags?post=16188"}],"curies":[{"name":"wp","href":"https:\/\/api.w.org\/{rel}","templated":true}]}}