{"id":15535,"date":"2016-09-28T14:17:58","date_gmt":"2016-09-28T19:17:58","guid":{"rendered":"http:\/\/www.imer.mx\/rmi\/?p=15535"},"modified":"2016-09-28T14:40:46","modified_gmt":"2016-09-28T19:40:46","slug":"el-apostol-que-era-mas-que-una-avenida","status":"publish","type":"post","link":"https:\/\/www.imer.mx\/rmi\/el-apostol-que-era-mas-que-una-avenida\/","title":{"rendered":"El ap\u00f3stol que era m\u00e1s que una avenida&#8230; Celebrando los 154 a\u00f1os de Miguel \u00c1ngel de Quevedo"},"content":{"rendered":"<p style=\"text-align: right\">\u00a0\u00a0\u00a0\u00a0\u00a0\u00a0\u00a0\u00a0\u00a0\u00a0\u00a0\u00a0\u00a0\u00a0\u00a0\u00a0\u00a0\u00a0\u00a0\u00a0\u00a0\u00a0\u00a0\u00a0\u00a0\u00a0\u00a0\u00a0\u00a0\u00a0\u00a0\u00a0\u00a0\u00a0\u00a0\u00a0\u00a0\u00a0\u00a0\u00a0\u00a0\u00a0\u00a0\u00a0\u00a0\u00a0\u00a0\u00a0\u00a0\u00a0\u00a0\u00a0\u00a0\u00a0\u00a0\u00a0\u00a0\u00a0\u00a0\u00a0\u00a0\u00a0\u00a0\u00a0\u00a0\u00a0\u00a0\u00a0\u00a0\u00a0\u00a0\u00a0\u00a0\u00a0\u00a0\u00a0\u00a0\u00a0\u00a0\u00a0\u00a0\u00a0\u00a0\u00a0\u00a0\u00a0\u00a0\u00a0\u00a0\u00a0\u00a0\u00a0\u00a0\u00a0\u00a0\u00a0\u00a0\u00a0\u00a0\u00a0\u00a0\u00a0\u00a0\u00a0\u00a0\u00a0\u00a0\u00a0\u00a0\u00a0\u00a0\u00a0\u00a0\u00a0\u00a0\u00a0Texto por\u00a0 Cecilia K\u00fchne<\/p>\n<p><img loading=\"lazy\" decoding=\"async\" class=\"size-medium wp-image-15541 alignleft\" src=\"https:\/\/www.imer.mx\/rmi\/wp-content\/uploads\/sites\/3\/2016\/09\/05-300x219.jpg\" alt=\"05\" width=\"300\" height=\"219\" srcset=\"https:\/\/www.imer.mx\/rmi\/wp-content\/uploads\/sites\/3\/2016\/09\/05-300x219.jpg 300w, https:\/\/www.imer.mx\/rmi\/wp-content\/uploads\/sites\/3\/2016\/09\/05.jpg 650w\" sizes=\"auto, (max-width: 300px) 100vw, 300px\" \/>El a\u00f1o en que naci\u00f3 Miguel \u00c1ngel de Quevedo empez\u00f3 en mi\u00e9rcoles y con la noticia de que las escuadras inglesa y francesa hab\u00edan llegado a Veracruz para lanzar un ultim\u00e1tum al presidente Ju\u00e1rez. Era 1862 y las convulsiones pol\u00edticas se suced\u00edan una tras otra: los Estados Unidos de Norteam\u00e9rica se hallaban paralizados por la Guerra Civil, los ingleses exig\u00edan el pago de su deuda y los franceses, comandados por Napole\u00f3n III, intentaban crear un imperio en M\u00e9xico. La lucha entre conservadores y liberales divid\u00eda a la naci\u00f3n y la patria se hallaba en permanente estado de desaz\u00f3n y alerta. Sin embargo, los primeros a\u00f1os del que llegar\u00eda a ser llamado \u201cAp\u00f3stol del \u00e1rbol\u201d y su familia, fueron completamente diferentes.<\/p>\n<p>Miguel \u00c1ngel de Quevedo y Zubieta naci\u00f3 en Guadalajara, Jalisco, el 27 de septiembre de 1872 en el seno de una familia pr\u00f3spera y pudiente. Cuentan sus bi\u00f3grafos que goz\u00f3 de varios privilegios, estudi\u00f3 en las mejores escuelas y no desarroll\u00f3 especial inter\u00e9s en la vida vegetal y sus asuntos, hasta varios a\u00f1os despu\u00e9s y \u201cpor inspiraci\u00f3n extranjera\u201d. Y es que la vida le cambi\u00f3 cuando ten\u00eda 10 a\u00f1os y sus padres murieron contagiados por una epidemia que asol\u00f3 a todo el Occidente del pa\u00eds. Hu\u00e9rfano y solo, el joven Miguel \u00c1ngel qued\u00f3 bajo la custodia de su t\u00edo, un can\u00f3nigo que resid\u00eda en Bayonne, Francia.<\/p>\n<p>Las circunstancias adversas lo enfrentaron no s\u00f3lo a la muerte de sus padres sino al aprendizaje de una lengua extranjera, y provocaron su decisi\u00f3n de seguir el camino del celibato. Cuenta la leyenda de su vida que fue el paisaje de los Pirineos el que despert\u00f3 su pasi\u00f3n por los \u00e1rboles y por la naturaleza. Durante su estancia en Francia se matricul\u00f3 en colegios que se encontraban cerca de las monta\u00f1as y con maestros que combinaban la academia con la experiencia del trabajo en el campo. Posteriormente ingres\u00f3 a la Universidad de Burdeos, donde recibi\u00f3 el grado de bachiller en Ciencias en 1883.<\/p>\n<p>Estudiante dedicado, con su t\u00edtulo y una recomendaci\u00f3n de Gast\u00f3n Plant\u00e9, miembro de la Academia de Ciencias de Francia, march\u00f3 a Par\u00eds y se gradu\u00f3 como ingeniero civil, con especializaci\u00f3n en ingenier\u00eda hidr\u00e1ulica. En 1887 obtuvo su grado por la Escuela Polit\u00e9cnica en Par\u00eds. Plant\u00e9, cuya abuela era mexicana, lo impuls\u00f3 todav\u00eda m\u00e1s y lo recomend\u00f3 con otros educadores. Quevedo aprendi\u00f3 la importancia de la conservaci\u00f3n de los bosques gracias a maestros como Paul Laroche o Alfredo Durand-Claye.<\/p>\n<p>En 1887, el flamante ingeniero Miguel \u00c1ngel de Quevedo volvi\u00f3 a M\u00e9xico. Estaba ansioso de aplicar lo que hab\u00eda aprendido y concentrado en difundir la importancia de la protecci\u00f3n forestal. Su primer trabajo fue como supervisor de las obras de drenaje, el proyecto de\u00a0 <em>desag\u00fce,<\/em> en el Valle de M\u00e9xico. El resultado fue un proyecto grande y exitoso que result\u00f3 en la construcci\u00f3n del Gran Canal y de un gran t\u00fanel en el extremo noreste del valle, que sacar\u00eda miles de metros c\u00fabicos de los lagos que rodeaban a la Ciudad de M\u00e9xico.<\/p>\n<div id=\"attachment_15550\" style=\"width: 310px\" class=\"wp-caption alignleft\"><img loading=\"lazy\" decoding=\"async\" aria-describedby=\"caption-attachment-15550\" class=\"wp-image-15550 size-medium\" src=\"https:\/\/www.imer.mx\/rmi\/wp-content\/uploads\/sites\/3\/2016\/09\/Puente_San_Francisco_Panzacola-300x240.jpg\" alt=\"Puente de San Francisco Panzacola\" width=\"300\" height=\"240\" srcset=\"https:\/\/www.imer.mx\/rmi\/wp-content\/uploads\/sites\/3\/2016\/09\/Puente_San_Francisco_Panzacola-300x240.jpg 300w, https:\/\/www.imer.mx\/rmi\/wp-content\/uploads\/sites\/3\/2016\/09\/Puente_San_Francisco_Panzacola-768x614.jpg 768w, https:\/\/www.imer.mx\/rmi\/wp-content\/uploads\/sites\/3\/2016\/09\/Puente_San_Francisco_Panzacola.jpg 941w\" sizes=\"auto, (max-width: 300px) 100vw, 300px\" \/><p id=\"caption-attachment-15550\" class=\"wp-caption-text\">Puente de San Francisco Panzacola<\/p><\/div>\n<p>Sus aciertos profesionales y su labor en el gobierno no se detuvieron nunca. A principios del siglo XX, Quevedo ya trabajaba en la Secretar\u00eda de Agricultura, hab\u00eda desarrollado un programa de parques para el \u00e1rea urbana de la ciudad de M\u00e9xico, que en una d\u00e9cada increment\u00f3 en 800 por ciento las \u00e1reas verdes. Pero fue en el a\u00f1o de 1907, cuando Miguel \u00c1ngel de Quevedo, convocado por el gobierno de Porfirio D\u00edaz, donar\u00eda el terreno para crear los Viveros de Coyoac\u00e1n, empleando los potreros de la antigua hacienda de Panzacola, propiedad de su familia. Quevedo logr\u00f3 que los Viveros produjeran 2,4 millones de \u00e1rboles para distribuir por toda la ciudad.<\/p>\n<p>&nbsp;<\/p>\n<p>&nbsp;<\/p>\n<div id=\"attachment_15540\" style=\"width: 310px\" class=\"wp-caption alignright\"><img loading=\"lazy\" decoding=\"async\" aria-describedby=\"caption-attachment-15540\" class=\"wp-image-15540 size-medium\" src=\"https:\/\/www.imer.mx\/rmi\/wp-content\/uploads\/sites\/3\/2016\/09\/viveros-de-coyoac\u00e1n-Postal-300x189.jpg\" alt=\"Viveros Coyoac\u00e1n\" width=\"300\" height=\"189\" srcset=\"https:\/\/www.imer.mx\/rmi\/wp-content\/uploads\/sites\/3\/2016\/09\/viveros-de-coyoac\u00e1n-Postal-300x189.jpg 300w, https:\/\/www.imer.mx\/rmi\/wp-content\/uploads\/sites\/3\/2016\/09\/viveros-de-coyoac\u00e1n-Postal.jpg 721w\" sizes=\"auto, (max-width: 300px) 100vw, 300px\" \/><p id=\"caption-attachment-15540\" class=\"wp-caption-text\">Viveros Coyoac\u00e1n<\/p><\/div>\n<p>Durante el gobierno de Francisco I. Madero, Miguel \u00c1ngel de Quevedo cre\u00f3 una reserva forestal en Quintana Roo y no fue sino hasta 1914 cuando sus proyectos se vieron interrumpidos tras el golpe de estado de Victoriano Huerta el cual lo oblig\u00f3 a exiliarse del pa\u00eds. Pero eventualmente volver\u00eda. Durante el gobierno de Venustiano Carranza trabaj\u00f3 para lograr que el \u201cDesierto de los Leones\u201d se convirtiera en el primer Parque Nacional de M\u00e9xico. En 1922 fund\u00f3 la Sociedad Forestal Mexicana pues uno de los prop\u00f3sitos era conseguir la implantaci\u00f3n de una ley forestal. Fue con Plutarco El\u00edas Calles cuando se promulg\u00f3 tal ley convirti\u00e9ndose en el arquetipo para todas las subsecuentes leyes forestales en el pa\u00eds. Miguel \u00c1ngel de Quevedo muri\u00f3 en su casa de Coyoac\u00e1n, muy cercana a Los Viveros el 15 de julio de 1946.<\/p>\n<p>Visionario y, sin duda, uno de los primeros activistas ecol\u00f3gicos de M\u00e9xico, Quevedo fue tambi\u00e9n\u00a0un profeta: Advirti\u00f3 que el crecimiento de la Ciudad de M\u00e9xico, aunado a la aniquilaci\u00f3n de sus r\u00edos y lagos, la har\u00edan propensa a inundaciones y luch\u00f3 por conservar la naturaleza que rodeaba a la gran urbe, previendo que la devastaci\u00f3n forestal a favor del medio ambiente y de la salud de los habitantes. Sus palabras como un sino, resultaron todas ciertas. Hoy\u00a0 para recordar a Miguel \u00c1ngel de Quevedo hay que olvidar a la avenida que lleva su nombre. Es m\u00e1s hermoso pensar que cada habitante de la ciudad de M\u00e9xico le rinde un homenaje cuando planta y conserva un \u00e1rbol.<\/p>\n","protected":false},"excerpt":{"rendered":"<p>El a\u00f1o en que naci\u00f3 Miguel \u00c1ngel de Quevedo empez\u00f3 en mi\u00e9rcoles y con la noticia de que las escuadras inglesa y francesa hab\u00edan llegado a Veracruz para lanzar un ultim\u00e1tum al presidente Ju\u00e1rez. Era 1862 y las convulsiones pol\u00edticas se suced\u00edan una tras otra: los Estados Unidos de Norteam\u00e9rica se hallaban paralizados por la Guerra Civil, los ingleses exig\u00edan el pago de su deuda y los franceses, comandados por Napole\u00f3n III, intentaban crear un imperio en M\u00e9xico. La lucha entre conservadores y liberales divid\u00eda a la naci\u00f3n y la patria se hallaba en permanente estado de desaz\u00f3n y alerta. Sin embargo, los primeros a\u00f1os del que llegar\u00eda a ser llamado \u201cAp\u00f3stol del \u00e1rbol\u201d y su familia, fueron completamente diferentes&#8230; Para seguir leyendo dar clic en el t\u00edtulo.<\/p>\n","protected":false},"author":18,"featured_media":15536,"comment_status":"closed","ping_status":"open","sticky":false,"template":"","format":"standard","meta":{"wp_popup_display_lightbox":0,"wp_popup_suppress":"","wp_popup_trigger":"","wp_popup_trigger_amount":0,"wp_popup_disable_on_mobile":false,"footnotes":""},"categories":[8,1,3],"tags":[],"class_list":["post-15535","post","type-post","status-publish","format-standard","has-post-thumbnail","hentry","category-destacados","category-imer","category-radiomexicointernacional","category-8","category-1","category-3","description-off"],"_links":{"self":[{"href":"https:\/\/www.imer.mx\/rmi\/wp-json\/wp\/v2\/posts\/15535","targetHints":{"allow":["GET"]}}],"collection":[{"href":"https:\/\/www.imer.mx\/rmi\/wp-json\/wp\/v2\/posts"}],"about":[{"href":"https:\/\/www.imer.mx\/rmi\/wp-json\/wp\/v2\/types\/post"}],"author":[{"embeddable":true,"href":"https:\/\/www.imer.mx\/rmi\/wp-json\/wp\/v2\/users\/18"}],"replies":[{"embeddable":true,"href":"https:\/\/www.imer.mx\/rmi\/wp-json\/wp\/v2\/comments?post=15535"}],"version-history":[{"count":0,"href":"https:\/\/www.imer.mx\/rmi\/wp-json\/wp\/v2\/posts\/15535\/revisions"}],"wp:featuredmedia":[{"embeddable":true,"href":"https:\/\/www.imer.mx\/rmi\/wp-json\/wp\/v2\/media\/15536"}],"wp:attachment":[{"href":"https:\/\/www.imer.mx\/rmi\/wp-json\/wp\/v2\/media?parent=15535"}],"wp:term":[{"taxonomy":"category","embeddable":true,"href":"https:\/\/www.imer.mx\/rmi\/wp-json\/wp\/v2\/categories?post=15535"},{"taxonomy":"post_tag","embeddable":true,"href":"https:\/\/www.imer.mx\/rmi\/wp-json\/wp\/v2\/tags?post=15535"}],"curies":[{"name":"wp","href":"https:\/\/api.w.org\/{rel}","templated":true}]}}