{"id":14793,"date":"2016-05-11T18:33:43","date_gmt":"2016-05-11T23:33:43","guid":{"rendered":"http:\/\/www.imer.mx\/rmi\/?p=14793"},"modified":"2016-07-08T10:47:08","modified_gmt":"2016-07-08T15:47:08","slug":"suenos-en-ruta-lucas-masciano-y-jorge-marazu","status":"publish","type":"post","link":"https:\/\/www.imer.mx\/rmi\/suenos-en-ruta-lucas-masciano-y-jorge-marazu\/","title":{"rendered":"Sue\u00f1os en ruta: Lucas Masciano y Jorge Marazu"},"content":{"rendered":"<p style=\"text-align: justify\"><img loading=\"lazy\" decoding=\"async\" class=\"size-medium wp-image-14825 alignleft\" src=\"https:\/\/www.imer.mx\/rmi\/wp-content\/uploads\/sites\/3\/2016\/05\/4793-300x200.jpg\" alt=\"4793\" width=\"300\" height=\"200\" srcset=\"https:\/\/www.imer.mx\/rmi\/wp-content\/uploads\/sites\/3\/2016\/05\/4793-300x200.jpg 300w, https:\/\/www.imer.mx\/rmi\/wp-content\/uploads\/sites\/3\/2016\/05\/4793-768x512.jpg 768w, https:\/\/www.imer.mx\/rmi\/wp-content\/uploads\/sites\/3\/2016\/05\/4793.jpg 960w\" sizes=\"auto, (max-width: 300px) 100vw, 300px\" \/>La m\u00fasica viaja, y en su viaje recoge experiencias, melod\u00edas, cadencias sonoras y, por supuesto, amistades. Esta semana nos visitaron en la cabina de Radio M\u00e9xico Internacional, dos m\u00fasicos: uno argentino, Lucas Masciano, y el otro espa\u00f1ol, Jorge Marazu. Ambos son autores y cantores, y forjaron su carrera en Espa\u00f1a.\u00a0Sus canciones se tejen en el terreno de la trova y de la poes\u00eda (aderezadas con cadencias rockeras). Sus letras se nutren de la reflexi\u00f3n, pero tambi\u00e9n del relajo, de la charla casual, del atisbo de los momentos especiales y de una peculiar sensibilidad por la b\u00fasqueda interna y por las ganas de sacudirse el agobiante \u201cdeber ser (deber poseer)\u201d cotidiano. Jorge y Lucas, cada uno a su manera, coleccionan momentos, recogen conversaciones y van dejando a su paso una estela de buen humor y de m\u00fasica sabrosa e inquietante. Estuvieron en nuestra cabina porque est\u00e1n de gira en M\u00e9xico, present\u00e1ndose en varias ciudades y en lugares diferentes: desde escenarios formales, hasta plazas y parques. Esta gira est\u00e1 siendo grabada en video y con ella se armar\u00e1 el documental \u201cSue\u00f1os en ruta\u201d que recoger\u00e1 una grata experiencia de convivencia tejida en torno de la m\u00fasica. La propuesta nos pareci\u00f3 interesante y divertida y se nos antoj\u00f3 como una manera diferente de recorrer un pa\u00eds (en este caso el nuestro) y llev\u00e1rselo en la memoria para compartirlo. Aqu\u00ed les dejamos algunas im\u00e1genes de su estancia en la cabina de Radio M\u00e9xico Internacional y la grabaci\u00f3n de la charla que tuvieron con nuestra compa\u00f1era Rita Abreu. Les deseamos mucho \u00e9xito. Hoy, mi\u00e9rcoles 11 de mayo, se presentar\u00e1n en el Foro Indie Rocks, Fernando Montes de Oca 14, Colonia Roma, a las 8:30 de la noche. Despu\u00e9s seguir\u00e1n su camino por otros rumbos. Est\u00e9n pendientes y s\u00edganles la pista\u2026<\/p>\n\n\t\t\t<style type='text\/css'>\n\t\t\t\t#gallery-1 {\n\t\t\t\t\tmargin: auto;\n\t\t\t\t}\n\t\t\t\t#gallery-1 .gallery-item {\n\t\t\t\t\tfloat: left;\n\t\t\t\t\tmargin-top: 10px;\n\t\t\t\t\ttext-align: center;\n\t\t\t\t\twidth: 33%;\n\t\t\t\t}\n\t\t\t\t#gallery-1 img {\n\t\t\t\t\tborder: 2px solid #cfcfcf;\n\t\t\t\t}\n\t\t\t\t#gallery-1 .gallery-caption {\n\t\t\t\t\tmargin-left: 0;\n\t\t\t\t}\n\t\t\t\t\/* see gallery_shortcode() in wp-includes\/media.php *\/\n\t\t\t<\/style>\n\t\t<div id='gallery-1' class='dt-gallery-container gallery galleryid-14793 gallery-columns-3 gallery-size-thumbnail'><dl class='gallery-item'>\n\t\t\t\t<dt class='gallery-icon landscape'>\n\t\t\t\t\t<a class=\"rollover rollover-zoom dt-pswp-item\" title=\"4769\" data-dt-img-description=\"\" data-large_image_width=\"960\" data-large_image_height=\"640\"href='https:\/\/www.imer.mx\/rmi\/wp-content\/uploads\/sites\/3\/2016\/05\/4769.jpg'><img loading=\"lazy\" decoding=\"async\" width=\"150\" height=\"150\" src=\"https:\/\/www.imer.mx\/rmi\/wp-content\/uploads\/sites\/3\/2016\/05\/4769-150x150.jpg\" class=\"attachment-thumbnail size-thumbnail\" alt=\"\" \/><\/a>\n\t\t\t\t<\/dt><\/dl><dl class='gallery-item'>\n\t\t\t\t<dt class='gallery-icon landscape'>\n\t\t\t\t\t<a class=\"rollover rollover-zoom dt-pswp-item\" title=\"4770\" data-dt-img-description=\"\" data-large_image_width=\"960\" data-large_image_height=\"640\"href='https:\/\/www.imer.mx\/rmi\/wp-content\/uploads\/sites\/3\/2016\/05\/4770.jpg'><img loading=\"lazy\" decoding=\"async\" width=\"150\" height=\"150\" src=\"https:\/\/www.imer.mx\/rmi\/wp-content\/uploads\/sites\/3\/2016\/05\/4770-150x150.jpg\" class=\"attachment-thumbnail size-thumbnail\" alt=\"\" \/><\/a>\n\t\t\t\t<\/dt><\/dl><dl class='gallery-item'>\n\t\t\t\t<dt class='gallery-icon landscape'>\n\t\t\t\t\t<a class=\"rollover rollover-zoom dt-pswp-item\" title=\"4799\" data-dt-img-description=\"\" data-large_image_width=\"960\" data-large_image_height=\"640\"href='https:\/\/www.imer.mx\/rmi\/wp-content\/uploads\/sites\/3\/2016\/05\/4799.jpg'><img loading=\"lazy\" decoding=\"async\" width=\"150\" height=\"150\" src=\"https:\/\/www.imer.mx\/rmi\/wp-content\/uploads\/sites\/3\/2016\/05\/4799-150x150.jpg\" class=\"attachment-thumbnail size-thumbnail\" alt=\"\" \/><\/a>\n\t\t\t\t<\/dt><\/dl><br style=\"clear: both\" \/><dl class='gallery-item'>\n\t\t\t\t<dt class='gallery-icon portrait'>\n\t\t\t\t\t<a class=\"rollover rollover-zoom dt-pswp-item\" title=\"4784\" data-dt-img-description=\"\" data-large_image_width=\"640\" data-large_image_height=\"960\"href='https:\/\/www.imer.mx\/rmi\/wp-content\/uploads\/sites\/3\/2016\/05\/4784.jpg'><img loading=\"lazy\" decoding=\"async\" width=\"150\" height=\"150\" src=\"https:\/\/www.imer.mx\/rmi\/wp-content\/uploads\/sites\/3\/2016\/05\/4784-150x150.jpg\" class=\"attachment-thumbnail size-thumbnail\" alt=\"\" \/><\/a>\n\t\t\t\t<\/dt><\/dl><dl class='gallery-item'>\n\t\t\t\t<dt class='gallery-icon portrait'>\n\t\t\t\t\t<a class=\"rollover rollover-zoom dt-pswp-item\" title=\"4782\" data-dt-img-description=\"\" data-large_image_width=\"640\" data-large_image_height=\"960\"href='https:\/\/www.imer.mx\/rmi\/wp-content\/uploads\/sites\/3\/2016\/05\/4782.jpg'><img loading=\"lazy\" decoding=\"async\" width=\"150\" height=\"150\" src=\"https:\/\/www.imer.mx\/rmi\/wp-content\/uploads\/sites\/3\/2016\/05\/4782-150x150.jpg\" class=\"attachment-thumbnail size-thumbnail\" alt=\"\" \/><\/a>\n\t\t\t\t<\/dt><\/dl><dl class='gallery-item'>\n\t\t\t\t<dt class='gallery-icon landscape'>\n\t\t\t\t\t<a class=\"rollover rollover-zoom dt-pswp-item\" title=\"4814\" data-dt-img-description=\"\" data-large_image_width=\"803\" data-large_image_height=\"535\"href='https:\/\/www.imer.mx\/rmi\/wp-content\/uploads\/sites\/3\/2016\/05\/4814.jpg'><img loading=\"lazy\" decoding=\"async\" width=\"150\" height=\"150\" src=\"https:\/\/www.imer.mx\/rmi\/wp-content\/uploads\/sites\/3\/2016\/05\/4814-150x150.jpg\" class=\"attachment-thumbnail size-thumbnail\" alt=\"\" \/><\/a>\n\t\t\t\t<\/dt><\/dl><br style=\"clear: both\" \/>\n\t\t\t<\/div>\n\n<h3>Escucha la entrevista con Sue\u00f1os en ruta&#8230;<\/h3>\n<audio class=\"wp-audio-shortcode\" id=\"audio-14793-1\" preload=\"none\" style=\"width: 100%;\" controls=\"controls\"><source type=\"audio\/mpeg\" src=\"http:\/\/www.imer.gob.mx\/phpwrappers\/podcast\/apitrck\/uploads\/106\/entrevista_portal_lucas.mp3?_=1\" \/><a href=\"http:\/\/www.imer.gob.mx\/phpwrappers\/podcast\/apitrck\/uploads\/106\/entrevista_portal_lucas.mp3\">http:\/\/www.imer.gob.mx\/phpwrappers\/podcast\/apitrck\/uploads\/106\/entrevista_portal_lucas.mp3<\/a><\/audio>\n","protected":false},"excerpt":{"rendered":"<p>La m\u00fasica viaja, y en su viaje recoge experiencias, melod\u00edas, cadencias sonoras y, por supuesto, amistades. Esta semana nos visitaron en la cabina de Radio M\u00e9xico. Para leer m\u00e1s, ver im\u00e1genes y escuchar la entrevista dar clic en el t\u00edtulo.<\/p>\n","protected":false},"author":18,"featured_media":14818,"comment_status":"closed","ping_status":"closed","sticky":false,"template":"","format":"standard","meta":{"wp_popup_display_lightbox":0,"wp_popup_suppress":"","wp_popup_trigger":"","wp_popup_trigger_amount":0,"wp_popup_disable_on_mobile":false,"footnotes":""},"categories":[8,3],"tags":[],"class_list":["post-14793","post","type-post","status-publish","format-standard","has-post-thumbnail","hentry","category-destacados","category-radiomexicointernacional","category-8","category-3","description-off"],"_links":{"self":[{"href":"https:\/\/www.imer.mx\/rmi\/wp-json\/wp\/v2\/posts\/14793","targetHints":{"allow":["GET"]}}],"collection":[{"href":"https:\/\/www.imer.mx\/rmi\/wp-json\/wp\/v2\/posts"}],"about":[{"href":"https:\/\/www.imer.mx\/rmi\/wp-json\/wp\/v2\/types\/post"}],"author":[{"embeddable":true,"href":"https:\/\/www.imer.mx\/rmi\/wp-json\/wp\/v2\/users\/18"}],"replies":[{"embeddable":true,"href":"https:\/\/www.imer.mx\/rmi\/wp-json\/wp\/v2\/comments?post=14793"}],"version-history":[{"count":0,"href":"https:\/\/www.imer.mx\/rmi\/wp-json\/wp\/v2\/posts\/14793\/revisions"}],"wp:featuredmedia":[{"embeddable":true,"href":"https:\/\/www.imer.mx\/rmi\/wp-json\/wp\/v2\/media\/14818"}],"wp:attachment":[{"href":"https:\/\/www.imer.mx\/rmi\/wp-json\/wp\/v2\/media?parent=14793"}],"wp:term":[{"taxonomy":"category","embeddable":true,"href":"https:\/\/www.imer.mx\/rmi\/wp-json\/wp\/v2\/categories?post=14793"},{"taxonomy":"post_tag","embeddable":true,"href":"https:\/\/www.imer.mx\/rmi\/wp-json\/wp\/v2\/tags?post=14793"}],"curies":[{"name":"wp","href":"https:\/\/api.w.org\/{rel}","templated":true}]}}