{"id":14720,"date":"2016-04-27T10:14:55","date_gmt":"2016-04-27T15:14:55","guid":{"rendered":"http:\/\/www.imer.mx\/rmi\/?p=14720"},"modified":"2016-04-27T10:14:55","modified_gmt":"2016-04-27T15:14:55","slug":"valgur-trajo-su-musica-a-la-cabina-de-radio-mexico-internacional","status":"publish","type":"post","link":"https:\/\/www.imer.mx\/rmi\/valgur-trajo-su-musica-a-la-cabina-de-radio-mexico-internacional\/","title":{"rendered":"Valgur trajo su m\u00fasica a la cabina de Radio M\u00e9xico Internacional\u2026"},"content":{"rendered":"<h3><img loading=\"lazy\" decoding=\"async\" class=\"size-medium wp-image-14725 alignleft\" src=\"https:\/\/www.imer.mx\/rmi\/wp-content\/uploads\/sites\/3\/2016\/04\/IMG_0064-200x300.jpg\" alt=\"IMG_0064\" width=\"200\" height=\"300\" srcset=\"https:\/\/www.imer.mx\/rmi\/wp-content\/uploads\/sites\/3\/2016\/04\/IMG_0064-200x300.jpg 200w, https:\/\/www.imer.mx\/rmi\/wp-content\/uploads\/sites\/3\/2016\/04\/IMG_0064.jpg 640w\" sizes=\"auto, (max-width: 200px) 100vw, 200px\" \/><\/h3>\n<p style=\"text-align: justify\">Ayer nos visit\u00f3 Valgur en la cabina de Radio M\u00e9xico Internacional. La invitamos porque quer\u00edamos conocerla, saber de ella, de su trabajo, de sus canciones. Nuestro programador Luis \u00c1ngel L\u00f3pez escuch\u00f3 su m\u00fasica hace algunas semanas y nos propuso incluirla en Radio M\u00e9xico Internacional. Elegimos seis canciones (algunas de las m\u00e1s cercanas a la tradici\u00f3n sonora istme\u00f1a) y est\u00e1n sonando en nuestra emisora desde hace m\u00e1s o menos un mes. Todas han sido compuestas por Valgur, son interpretadas por ella y las ha grabado con el estilo sincero y cuidadoso al que llama, de manera divertida y sonriente, \u201cpop artesanal\u201d.<\/p>\n<p style=\"text-align: justify\">Fue muy grato descubrir en Valgur a una buena conversadora (de su solvencia musical est\u00e1bamos ya m\u00e1s que convencidos). Platic\u00f3 al aire, durante m\u00e1s de media hora, con nuestra compa\u00f1era Rita Abreu, y los relatos volaron hacia Juchit\u00e1n, las mujeres istme\u00f1as, las mieles y las hieles de su carrera musical, los afanes de sus b\u00fasquedas art\u00edsticas. Valgur se llama Elizabeth Valdivieso Gurri\u00f3n, naci\u00f3 en el Istmo de Tehuantepec, en Juchit\u00e1n, Oaxaca, hace unos 25 a\u00f1os. Compone y canta desde que era muy peque\u00f1a y, en complicidad con su hermano Hugo, ha ido construyendo una muy creativa carrera musical en la que internet y las redes sociales han funcionado como estupendas plataformas. Se ha presentado en importantes escenarios de M\u00e9xico, pero tambi\u00e9n ha actuado en algunas ciudades espa\u00f1olas a las que sus canciones ya hab\u00edan llegado transportadas por m\u00faltiples reproducciones en internet.<\/p>\n\n\t\t\t<style type='text\/css'>\n\t\t\t\t#gallery-1 {\n\t\t\t\t\tmargin: auto;\n\t\t\t\t}\n\t\t\t\t#gallery-1 .gallery-item {\n\t\t\t\t\tfloat: left;\n\t\t\t\t\tmargin-top: 10px;\n\t\t\t\t\ttext-align: center;\n\t\t\t\t\twidth: 50%;\n\t\t\t\t}\n\t\t\t\t#gallery-1 img {\n\t\t\t\t\tborder: 2px solid #cfcfcf;\n\t\t\t\t}\n\t\t\t\t#gallery-1 .gallery-caption {\n\t\t\t\t\tmargin-left: 0;\n\t\t\t\t}\n\t\t\t\t\/* see gallery_shortcode() in wp-includes\/media.php *\/\n\t\t\t<\/style>\n\t\t<div id='gallery-1' class='dt-gallery-container gallery galleryid-14720 gallery-columns-2 gallery-size-thumbnail'><dl class='gallery-item'>\n\t\t\t\t<dt class='gallery-icon landscape'>\n\t\t\t\t\t<a class=\"rollover rollover-zoom dt-pswp-item\" title=\"IMG_0084\" data-dt-img-description=\"\" data-large_image_width=\"960\" data-large_image_height=\"640\"href='https:\/\/www.imer.mx\/rmi\/wp-content\/uploads\/sites\/3\/2016\/04\/IMG_0084.jpg'><img loading=\"lazy\" decoding=\"async\" width=\"150\" height=\"150\" src=\"https:\/\/www.imer.mx\/rmi\/wp-content\/uploads\/sites\/3\/2016\/04\/IMG_0084-150x150.jpg\" class=\"attachment-thumbnail size-thumbnail\" alt=\"\" \/><\/a>\n\t\t\t\t<\/dt><\/dl><dl class='gallery-item'>\n\t\t\t\t<dt class='gallery-icon landscape'>\n\t\t\t\t\t<a class=\"rollover rollover-zoom dt-pswp-item\" title=\"IMG_0079\" data-dt-img-description=\"\" data-large_image_width=\"960\" data-large_image_height=\"640\"href='https:\/\/www.imer.mx\/rmi\/wp-content\/uploads\/sites\/3\/2016\/04\/IMG_0079.jpg'><img loading=\"lazy\" decoding=\"async\" width=\"150\" height=\"150\" src=\"https:\/\/www.imer.mx\/rmi\/wp-content\/uploads\/sites\/3\/2016\/04\/IMG_0079-150x150.jpg\" class=\"attachment-thumbnail size-thumbnail\" alt=\"\" \/><\/a>\n\t\t\t\t<\/dt><\/dl><br style=\"clear: both\" \/><dl class='gallery-item'>\n\t\t\t\t<dt class='gallery-icon landscape'>\n\t\t\t\t\t<a class=\"rollover rollover-zoom dt-pswp-item\" title=\"IMG_0085\" data-dt-img-description=\"\" data-large_image_width=\"960\" data-large_image_height=\"640\"href='https:\/\/www.imer.mx\/rmi\/wp-content\/uploads\/sites\/3\/2016\/04\/IMG_0085.jpg'><img loading=\"lazy\" decoding=\"async\" width=\"150\" height=\"150\" src=\"https:\/\/www.imer.mx\/rmi\/wp-content\/uploads\/sites\/3\/2016\/04\/IMG_0085-150x150.jpg\" class=\"attachment-thumbnail size-thumbnail\" alt=\"\" \/><\/a>\n\t\t\t\t<\/dt><\/dl><dl class='gallery-item'>\n\t\t\t\t<dt class='gallery-icon landscape'>\n\t\t\t\t\t<a class=\"rollover rollover-zoom dt-pswp-item\" title=\"IMG_0087\" data-dt-img-description=\"\" data-large_image_width=\"960\" data-large_image_height=\"640\"href='https:\/\/www.imer.mx\/rmi\/wp-content\/uploads\/sites\/3\/2016\/04\/IMG_0087.jpg'><img loading=\"lazy\" decoding=\"async\" width=\"150\" height=\"150\" src=\"https:\/\/www.imer.mx\/rmi\/wp-content\/uploads\/sites\/3\/2016\/04\/IMG_0087-150x150.jpg\" class=\"attachment-thumbnail size-thumbnail\" alt=\"\" \/><\/a>\n\t\t\t\t<\/dt><\/dl><br style=\"clear: both\" \/><dl class='gallery-item'>\n\t\t\t\t<dt class='gallery-icon landscape'>\n\t\t\t\t\t<a class=\"rollover rollover-zoom dt-pswp-item\" title=\"IMG_0135\" data-dt-img-description=\"\" data-large_image_width=\"960\" data-large_image_height=\"640\"href='https:\/\/www.imer.mx\/rmi\/wp-content\/uploads\/sites\/3\/2016\/04\/IMG_0135.jpg'><img loading=\"lazy\" decoding=\"async\" width=\"150\" height=\"150\" src=\"https:\/\/www.imer.mx\/rmi\/wp-content\/uploads\/sites\/3\/2016\/04\/IMG_0135-150x150.jpg\" class=\"attachment-thumbnail size-thumbnail\" alt=\"\" \/><\/a>\n\t\t\t\t<\/dt><\/dl><dl class='gallery-item'>\n\t\t\t\t<dt class='gallery-icon landscape'>\n\t\t\t\t\t<a class=\"rollover rollover-zoom dt-pswp-item\" title=\"IMG_0126\" data-dt-img-description=\"\" data-large_image_width=\"960\" data-large_image_height=\"640\"href='https:\/\/www.imer.mx\/rmi\/wp-content\/uploads\/sites\/3\/2016\/04\/IMG_0126.jpg'><img loading=\"lazy\" decoding=\"async\" width=\"150\" height=\"150\" src=\"https:\/\/www.imer.mx\/rmi\/wp-content\/uploads\/sites\/3\/2016\/04\/IMG_0126-150x150.jpg\" class=\"attachment-thumbnail size-thumbnail\" alt=\"\" \/><\/a>\n\t\t\t\t<\/dt><\/dl><br style=\"clear: both\" \/>\n\t\t\t<\/div>\n\n<p style=\"text-align: justify\">A Valgur le gusta contar historias. Ella piensa que las canciones se hacen para eso: para compartir relatos, para describir ambientes, paisajes, lugares, personas \u00e1nimos, afectos. Con hilos muy finos teje sus letras y armon\u00edas que se han nutrido con sabores, texturas y sensaciones recogidos en los rumbos oaxaque\u00f1os y otros a los que la vida y su empe\u00f1o la han llevado.<\/p>\n<p style=\"text-align: justify\"><img loading=\"lazy\" decoding=\"async\" class=\"size-medium wp-image-14733 aligncenter\" src=\"https:\/\/www.imer.mx\/rmi\/wp-content\/uploads\/sites\/3\/2016\/04\/IMG_0140-300x200.jpg\" alt=\"IMG_0140\" width=\"300\" height=\"200\" srcset=\"https:\/\/www.imer.mx\/rmi\/wp-content\/uploads\/sites\/3\/2016\/04\/IMG_0140-300x200.jpg 300w, https:\/\/www.imer.mx\/rmi\/wp-content\/uploads\/sites\/3\/2016\/04\/IMG_0140-768x512.jpg 768w, https:\/\/www.imer.mx\/rmi\/wp-content\/uploads\/sites\/3\/2016\/04\/IMG_0140.jpg 960w\" sizes=\"auto, (max-width: 300px) 100vw, 300px\" \/><\/p>\n<p style=\"text-align: justify\">Aqu\u00ed dejamos (en el audio que se encuentra bajo estas l\u00edneas) la pl\u00e1tica con Valgur que transmitimos en vivo el martes 26 de abril en Radio M\u00e9xico Internacional. Esc\u00fachenla, pongan atenci\u00f3n a su m\u00fasica, disfr\u00fatenla y gocen, adem\u00e1s, la interpretaci\u00f3n que nos regal\u00f3, con su guitarra, de la canci\u00f3n \u201cViento\u201d, una bella manera de hablarle a una fuerza de la naturaleza que se convierte en vitalidad ins\u00f3lita para los habitantes del Istmo de Tehuantepec: \u201cAire de tierra caliente, ung\u00fcento que envuelve a Juchit\u00e1n\u2026 haces temblar el terreno, dejando lo bueno y lo real\u2026\u201d<\/p>\n<h3>Escucha la entrevista con Valgur &#8230;<\/h3>\n<audio class=\"wp-audio-shortcode\" id=\"audio-14720-1\" preload=\"none\" style=\"width: 100%;\" controls=\"controls\"><source type=\"audio\/mpeg\" src=\"http:\/\/www.imer.gob.mx\/phpwrappers\/podcast\/apitrck\/uploads\/106\/valgur_portal_ok.mp3?_=1\" \/><a href=\"http:\/\/www.imer.gob.mx\/phpwrappers\/podcast\/apitrck\/uploads\/106\/valgur_portal_ok.mp3\">http:\/\/www.imer.gob.mx\/phpwrappers\/podcast\/apitrck\/uploads\/106\/valgur_portal_ok.mp3<\/a><\/audio>\n<div id=\"attachment_14723\" style=\"width: 210px\" class=\"wp-caption alignright\"><img loading=\"lazy\" decoding=\"async\" aria-describedby=\"caption-attachment-14723\" class=\"wp-image-14723 size-medium\" src=\"https:\/\/www.imer.mx\/rmi\/wp-content\/uploads\/sites\/3\/2016\/04\/IMG_0037-200x300.jpg\" alt=\"IMG_0037\" width=\"200\" height=\"300\" srcset=\"https:\/\/www.imer.mx\/rmi\/wp-content\/uploads\/sites\/3\/2016\/04\/IMG_0037-200x300.jpg 200w, https:\/\/www.imer.mx\/rmi\/wp-content\/uploads\/sites\/3\/2016\/04\/IMG_0037.jpg 640w\" sizes=\"auto, (max-width: 200px) 100vw, 200px\" \/><p id=\"caption-attachment-14723\" class=\"wp-caption-text\">Fotos: Enrique Rivera.<\/p><\/div>\n","protected":false},"excerpt":{"rendered":"<p>Valgur, Elizabeth Valdivieso Gurri\u00f3n, es una joven artista mexicana que naci\u00f3 en el Istmo de Tehuantepec, en Juchit\u00e1n, Oaxaca. Compone y canta desde que era muy peque\u00f1a y ha construido una muy creativa carrera musical en la que internet y las redes sociales han funcionado como estupendas plataformas. Sus canciones forman parte de la programaci\u00f3n musical de Radio M\u00e9xico Internacional. Les invitamos a conocer m\u00e1s sobre ella y a escuchar la entrevista que le hicimos en nuestra cabina.<br \/>\nPara leer m\u00e1s y escuchar dar clic en el t\u00edtulo\u2026<\/p>\n","protected":false},"author":18,"featured_media":14724,"comment_status":"closed","ping_status":"closed","sticky":false,"template":"","format":"standard","meta":{"wp_popup_display_lightbox":0,"wp_popup_suppress":"","wp_popup_trigger":"","wp_popup_trigger_amount":0,"wp_popup_disable_on_mobile":false,"footnotes":""},"categories":[8,3],"tags":[],"class_list":["post-14720","post","type-post","status-publish","format-standard","has-post-thumbnail","hentry","category-destacados","category-radiomexicointernacional","category-8","category-3","description-off"],"_links":{"self":[{"href":"https:\/\/www.imer.mx\/rmi\/wp-json\/wp\/v2\/posts\/14720","targetHints":{"allow":["GET"]}}],"collection":[{"href":"https:\/\/www.imer.mx\/rmi\/wp-json\/wp\/v2\/posts"}],"about":[{"href":"https:\/\/www.imer.mx\/rmi\/wp-json\/wp\/v2\/types\/post"}],"author":[{"embeddable":true,"href":"https:\/\/www.imer.mx\/rmi\/wp-json\/wp\/v2\/users\/18"}],"replies":[{"embeddable":true,"href":"https:\/\/www.imer.mx\/rmi\/wp-json\/wp\/v2\/comments?post=14720"}],"version-history":[{"count":0,"href":"https:\/\/www.imer.mx\/rmi\/wp-json\/wp\/v2\/posts\/14720\/revisions"}],"wp:featuredmedia":[{"embeddable":true,"href":"https:\/\/www.imer.mx\/rmi\/wp-json\/wp\/v2\/media\/14724"}],"wp:attachment":[{"href":"https:\/\/www.imer.mx\/rmi\/wp-json\/wp\/v2\/media?parent=14720"}],"wp:term":[{"taxonomy":"category","embeddable":true,"href":"https:\/\/www.imer.mx\/rmi\/wp-json\/wp\/v2\/categories?post=14720"},{"taxonomy":"post_tag","embeddable":true,"href":"https:\/\/www.imer.mx\/rmi\/wp-json\/wp\/v2\/tags?post=14720"}],"curies":[{"name":"wp","href":"https:\/\/api.w.org\/{rel}","templated":true}]}}