{"id":14669,"date":"2016-04-08T19:43:39","date_gmt":"2016-04-09T00:43:39","guid":{"rendered":"http:\/\/www.imer.mx\/rmi\/?p=14669"},"modified":"2016-10-12T14:49:21","modified_gmt":"2016-10-12T19:49:21","slug":"cuarto-encuentro-de-son-jarocho-fiesta-de-las-jaranas-y-las-tarimas-del-21-al-24-de-abril-en-el-centro-nacional-de-las-artes","status":"publish","type":"post","link":"https:\/\/www.imer.mx\/rmi\/cuarto-encuentro-de-son-jarocho-fiesta-de-las-jaranas-y-las-tarimas-del-21-al-24-de-abril-en-el-centro-nacional-de-las-artes\/","title":{"rendered":"Cuarto Encuentro de Son Jarocho \u201cFiesta de las Jaranas y las Tarimas\u201d. Del 21 al 24 de abril en el Centro Nacional de las Artes"},"content":{"rendered":"<p><img loading=\"lazy\" decoding=\"async\" class=\"size-medium wp-image-14674 alignleft\" src=\"https:\/\/www.imer.mx\/rmi\/wp-content\/uploads\/sites\/3\/2016\/04\/IMG_9036-300x200.jpg\" alt=\"IMG_9036\" width=\"300\" height=\"200\" srcset=\"https:\/\/www.imer.mx\/rmi\/wp-content\/uploads\/sites\/3\/2016\/04\/IMG_9036-300x200.jpg 300w, https:\/\/www.imer.mx\/rmi\/wp-content\/uploads\/sites\/3\/2016\/04\/IMG_9036-768x512.jpg 768w, https:\/\/www.imer.mx\/rmi\/wp-content\/uploads\/sites\/3\/2016\/04\/IMG_9036.jpg 960w\" sizes=\"auto, (max-width: 300px) 100vw, 300px\" \/>El Sotavento Veracruzano es una zona de r\u00edos, llanuras, ca\u00f1averales, cielos azules, mar de color plomizo y calores intensos, en la que viven hombres y mujeres que saben muchas cosas importantes, entre ellas que la fiesta es una convivencia necesaria que sostiene la vida y que sin m\u00fasica el mundo no vale la pena. Ah\u00ed, y bajo esos pensamientos y esos saberes, ah\u00ed en el Sotavento (al que, por cierto, tambi\u00e9n pertenecen algunas poblaciones de Oaxaca) naci\u00f3 el son jarocho, una tradici\u00f3n musical, po\u00e9tica, de fiesta y de danza, que desde hace centurias ha sido un baluarte de alegr\u00eda. En alg\u00fan momento, hace algunas decenas de a\u00f1os, el son jarocho pareci\u00f3 languidecer, agobiado por la comercializaci\u00f3n de la m\u00fasica y por nuevas formas de convivencia, pero de un tiempo a esta parte ha renacido con nuevos br\u00edos y ha difundido su j\u00fabilo por rumbos muy diversos.<img loading=\"lazy\" decoding=\"async\" class=\"size-medium wp-image-14681 alignright\" src=\"https:\/\/www.imer.mx\/rmi\/wp-content\/uploads\/sites\/3\/2016\/04\/IMG_4277-300x200.jpg\" alt=\"IMG_4277\" width=\"300\" height=\"200\" srcset=\"https:\/\/www.imer.mx\/rmi\/wp-content\/uploads\/sites\/3\/2016\/04\/IMG_4277-300x200.jpg 300w, https:\/\/www.imer.mx\/rmi\/wp-content\/uploads\/sites\/3\/2016\/04\/IMG_4277-768x512.jpg 768w, https:\/\/www.imer.mx\/rmi\/wp-content\/uploads\/sites\/3\/2016\/04\/IMG_4277.jpg 960w\" sizes=\"auto, (max-width: 300px) 100vw, 300px\" \/><\/p>\n<p>Todo esto lo decimos para compartir con ustedes, y celebrar, que en esta semana (del 21 al 24 de abril de 2016) se llevar\u00e1 a cabo el Cuarto Encuentro de Son Jarocho \u201cFiesta de las Jaranas y las Tarimas\u201d en el Centro Nacional de las Artes de la Ciudad de M\u00e9xico, una magn\u00edfica oportunidad para acercarse, de manera gratuita, a las diferentes tradiciones que integran el son jarocho: la m\u00fasica, el zapateado, la versada, el sonido de las jaranas, el ritmo, el canto, la fiesta del fandango. Este encuentro naci\u00f3 en el a\u00f1o 2013 y desde entonces ha crecido en su programaci\u00f3n y en la cantidad de actividades que se ofrecen. El a\u00f1o pasado tuvo una asistencia de cerca de 12 mil personas y se espera que ahora se iguale o se supere esta cifra. Todo lo que est\u00e1 anunciado se antoja y entusiasma. De manera muy especial los talleres de diferentes instrumentos, y tambi\u00e9n de zapateado y de versada jarocha (viene Pablo Campechano, de Santiago Tuxtla, a ense\u00f1ar c\u00f3mo se pulsa la guitarra de son; Octavio Vega ense\u00f1ar\u00e1 el arpa; los hermanos Sael y Sa\u00fal Bernal las jaranas; Fernando Guadarrama la versada y Miroslava Cruz el zapateado).<\/p>\n\n\t\t\t<style type='text\/css'>\n\t\t\t\t#gallery-1 {\n\t\t\t\t\tmargin: auto;\n\t\t\t\t}\n\t\t\t\t#gallery-1 .gallery-item {\n\t\t\t\t\tfloat: left;\n\t\t\t\t\tmargin-top: 10px;\n\t\t\t\t\ttext-align: center;\n\t\t\t\t\twidth: 33%;\n\t\t\t\t}\n\t\t\t\t#gallery-1 img {\n\t\t\t\t\tborder: 2px solid #cfcfcf;\n\t\t\t\t}\n\t\t\t\t#gallery-1 .gallery-caption {\n\t\t\t\t\tmargin-left: 0;\n\t\t\t\t}\n\t\t\t\t\/* see gallery_shortcode() in wp-includes\/media.php *\/\n\t\t\t<\/style>\n\t\t<div id='gallery-1' class='dt-gallery-container gallery galleryid-14669 gallery-columns-3 gallery-size-thumbnail'><dl class='gallery-item'>\n\t\t\t\t<dt class='gallery-icon landscape'>\n\t\t\t\t\t<a class=\"rollover rollover-zoom dt-pswp-item\" title=\"F 038\" data-dt-img-description=\"\" data-large_image_width=\"960\" data-large_image_height=\"640\"href='https:\/\/www.imer.mx\/rmi\/wp-content\/uploads\/sites\/3\/2016\/04\/F-038.jpg'><img loading=\"lazy\" decoding=\"async\" width=\"150\" height=\"150\" src=\"https:\/\/www.imer.mx\/rmi\/wp-content\/uploads\/sites\/3\/2016\/04\/F-038-150x150.jpg\" class=\"attachment-thumbnail size-thumbnail\" alt=\"\" \/><\/a>\n\t\t\t\t<\/dt><\/dl><dl class='gallery-item'>\n\t\t\t\t<dt class='gallery-icon landscape'>\n\t\t\t\t\t<a class=\"rollover rollover-zoom dt-pswp-item\" title=\"F 057\" data-dt-img-description=\"\" data-large_image_width=\"960\" data-large_image_height=\"640\"href='https:\/\/www.imer.mx\/rmi\/wp-content\/uploads\/sites\/3\/2016\/04\/F-057.jpg'><img loading=\"lazy\" decoding=\"async\" width=\"150\" height=\"150\" src=\"https:\/\/www.imer.mx\/rmi\/wp-content\/uploads\/sites\/3\/2016\/04\/F-057-150x150.jpg\" class=\"attachment-thumbnail size-thumbnail\" alt=\"\" \/><\/a>\n\t\t\t\t<\/dt><\/dl><dl class='gallery-item'>\n\t\t\t\t<dt class='gallery-icon landscape'>\n\t\t\t\t\t<a class=\"rollover rollover-zoom dt-pswp-item\" title=\"02004\" data-dt-img-description=\"\" data-large_image_width=\"960\" data-large_image_height=\"640\"href='https:\/\/www.imer.mx\/rmi\/wp-content\/uploads\/sites\/3\/2016\/04\/02004.jpg'><img loading=\"lazy\" decoding=\"async\" width=\"150\" height=\"150\" src=\"https:\/\/www.imer.mx\/rmi\/wp-content\/uploads\/sites\/3\/2016\/04\/02004-150x150.jpg\" class=\"attachment-thumbnail size-thumbnail\" alt=\"\" \/><\/a>\n\t\t\t\t<\/dt><\/dl><br style=\"clear: both\" \/><dl class='gallery-item'>\n\t\t\t\t<dt class='gallery-icon landscape'>\n\t\t\t\t\t<a class=\"rollover rollover-zoom dt-pswp-item\" title=\"01950\" data-dt-img-description=\"\" data-large_image_width=\"960\" data-large_image_height=\"640\"href='https:\/\/www.imer.mx\/rmi\/wp-content\/uploads\/sites\/3\/2016\/04\/01950.jpg'><img loading=\"lazy\" decoding=\"async\" width=\"150\" height=\"150\" src=\"https:\/\/www.imer.mx\/rmi\/wp-content\/uploads\/sites\/3\/2016\/04\/01950-150x150.jpg\" class=\"attachment-thumbnail size-thumbnail\" alt=\"\" \/><\/a>\n\t\t\t\t<\/dt><\/dl><dl class='gallery-item'>\n\t\t\t\t<dt class='gallery-icon landscape'>\n\t\t\t\t\t<a class=\"rollover rollover-zoom dt-pswp-item\" title=\"01943\" data-dt-img-description=\"\" data-large_image_width=\"960\" data-large_image_height=\"640\"href='https:\/\/www.imer.mx\/rmi\/wp-content\/uploads\/sites\/3\/2016\/04\/01943.jpg'><img loading=\"lazy\" decoding=\"async\" width=\"150\" height=\"150\" src=\"https:\/\/www.imer.mx\/rmi\/wp-content\/uploads\/sites\/3\/2016\/04\/01943-150x150.jpg\" class=\"attachment-thumbnail size-thumbnail\" alt=\"\" \/><\/a>\n\t\t\t\t<\/dt><\/dl><dl class='gallery-item'>\n\t\t\t\t<dt class='gallery-icon landscape'>\n\t\t\t\t\t<a class=\"rollover rollover-zoom dt-pswp-item\" title=\"01933\" data-dt-img-description=\"\" data-large_image_width=\"960\" data-large_image_height=\"640\"href='https:\/\/www.imer.mx\/rmi\/wp-content\/uploads\/sites\/3\/2016\/04\/01933.jpg'><img loading=\"lazy\" decoding=\"async\" width=\"150\" height=\"150\" src=\"https:\/\/www.imer.mx\/rmi\/wp-content\/uploads\/sites\/3\/2016\/04\/01933-150x150.jpg\" class=\"attachment-thumbnail size-thumbnail\" alt=\"\" \/><\/a>\n\t\t\t\t<\/dt><\/dl><br style=\"clear: both\" \/>\n\t\t\t<\/div>\n\n<p style=\"text-align: justify\">Tambi\u00e9n habr\u00e1 presentaciones de libros y conferencias, venta de discos y de instrumentos musicales. Pero, sobre todo, habr\u00e1 son, mucho son. Se contar\u00e1 con la participaci\u00f3n de cerca de 80 m\u00fasicos que vienen de Veracruz, de Oaxaca y de la Ciudad de M\u00e9xico, y detr\u00e1s de cada uno de ellos, de cada grupo, de cada sonero, hay una larga cuenta de fandangos y experiencias compartidas que se dejar\u00e1n sentir en sus interpretaciones. Baste mencionar el concierto de apertura (el jueves 21 a las 7.30 PM) que estar\u00e1 a cargo de Don Andr\u00e9s Vega Delf\u00edn y sus hijos. \u00c9l es uno de los grandes pilares del son jarocho, y su familia representa una de las dinast\u00edas que lleva en la sangre y en el \u00e1nimo esta bella tradici\u00f3n. Tambi\u00e9n participan Los Parientes de Playa Vicente Veracruz (el s\u00e1bado 23), que saben entusiasmar con su m\u00fasica y con su repertorio pleno de vitalidad. Y el cierre del Festival (el domingo 24) estar\u00e1 a cargo de Los Utrera, grupo que re\u00fane la experiencia de una familia que ha hecho del son, a trav\u00e9s de varias generaciones, una forma de compromiso comunitario, de virtuosismo, de alegr\u00eda. Adem\u00e1s se contar\u00e1 con la presencia de Viejos M\u00fasicos de los Tuxtlas, con su manera particular de interpretar el son. La\u00a0organizaci\u00f3n \u00a1Qu\u00e9 siga el Fandango! dar\u00e1 una muestra de la fuerza que esta tradici\u00f3n ha cobrado en la ciudad de M\u00e9xico impulsada por j\u00f3venes llegados desde Tlacotalpan. Y no podemos dejar de mencionar la participaci\u00f3n del grupo P\u00e1jaros del Alba, parte de una generaci\u00f3n que le ha dado al son jarocho una vitalidad extraordinaria. Tambi\u00e9n estar\u00e1n los m\u00e1s j\u00f3venes: Los Alebrijes, de Loma Bonita y Tuxtepec; y Las J\u00f3venes Orquestas, de Cuautepec Barrio Bajo. Y, adem\u00e1s, como punto culminante de los festejos, habr\u00e1 dos fandangos. En fin, hay mucho de donde escoger, en esta \u201cFiesta de las Jaranas y las Tarimas\u201d organizada con enorme dedicaci\u00f3n por su Director y Productor Eduardo Lizalde Far\u00edas y por el Director Art\u00edstico de esta edici\u00f3n Gilberto Guti\u00e9rrez Silva, cabeza y fundador del grupo Mono Blanco.<\/p>\n\n\t\t\t<style type='text\/css'>\n\t\t\t\t#gallery-2 {\n\t\t\t\t\tmargin: auto;\n\t\t\t\t}\n\t\t\t\t#gallery-2 .gallery-item {\n\t\t\t\t\tfloat: left;\n\t\t\t\t\tmargin-top: 10px;\n\t\t\t\t\ttext-align: center;\n\t\t\t\t\twidth: 50%;\n\t\t\t\t}\n\t\t\t\t#gallery-2 img {\n\t\t\t\t\tborder: 2px solid #cfcfcf;\n\t\t\t\t}\n\t\t\t\t#gallery-2 .gallery-caption {\n\t\t\t\t\tmargin-left: 0;\n\t\t\t\t}\n\t\t\t\t\/* see gallery_shortcode() in wp-includes\/media.php *\/\n\t\t\t<\/style>\n\t\t<div id='gallery-2' class='dt-gallery-container gallery galleryid-14669 gallery-columns-2 gallery-size-thumbnail'><dl class='gallery-item'>\n\t\t\t\t<dt class='gallery-icon portrait'>\n\t\t\t\t\t<a class=\"rollover rollover-zoom dt-pswp-item\" title=\"IMG_4445\" data-dt-img-description=\"\" data-large_image_width=\"640\" data-large_image_height=\"960\"href='https:\/\/www.imer.mx\/rmi\/wp-content\/uploads\/sites\/3\/2016\/04\/IMG_4445.jpg'><img loading=\"lazy\" decoding=\"async\" width=\"150\" height=\"150\" src=\"https:\/\/www.imer.mx\/rmi\/wp-content\/uploads\/sites\/3\/2016\/04\/IMG_4445-150x150.jpg\" class=\"attachment-thumbnail size-thumbnail\" alt=\"\" \/><\/a>\n\t\t\t\t<\/dt><\/dl><dl class='gallery-item'>\n\t\t\t\t<dt class='gallery-icon portrait'>\n\t\t\t\t\t<a class=\"rollover rollover-zoom dt-pswp-item\" title=\"IMG_4438\" data-dt-img-description=\"\" data-large_image_width=\"640\" data-large_image_height=\"960\"href='https:\/\/www.imer.mx\/rmi\/wp-content\/uploads\/sites\/3\/2016\/04\/IMG_4438.jpg'><img loading=\"lazy\" decoding=\"async\" width=\"150\" height=\"150\" src=\"https:\/\/www.imer.mx\/rmi\/wp-content\/uploads\/sites\/3\/2016\/04\/IMG_4438-150x150.jpg\" class=\"attachment-thumbnail size-thumbnail\" alt=\"\" \/><\/a>\n\t\t\t\t<\/dt><\/dl><br style=\"clear: both\" \/>\n\t\t\t<\/div>\n\n<p style=\"text-align: right\">Fotograf\u00edas: Enrique Rivera<\/p>\n<h3>Escucha la invitaci\u00f3n de Eduardo Lizalde Far\u00edas &#8230;<\/h3>\n<audio class=\"wp-audio-shortcode\" id=\"audio-14669-1\" preload=\"none\" style=\"width: 100%;\" controls=\"controls\"><source type=\"audio\/mpeg\" src=\"http:\/\/www.imer.gob.mx\/phpwrappers\/podcast\/apitrck\/uploads\/106\/festival_jaranas_portal.mp3?_=1\" \/><a href=\"http:\/\/www.imer.gob.mx\/phpwrappers\/podcast\/apitrck\/uploads\/106\/festival_jaranas_portal.mp3\">http:\/\/www.imer.gob.mx\/phpwrappers\/podcast\/apitrck\/uploads\/106\/festival_jaranas_portal.mp3<\/a><\/audio>\n<p style=\"text-align: justify\">\u201cFiesta de las Jaranas y las Tarimas\u201d,\u00a0\u00a021 al 24 de abril. Centro Nacional de las Artes CENART (R\u00edo Churubusco esquina con Calzada de Tlalpan). Busquen la programaci\u00f3n y los horarios en la p\u00e1gina del CENART <a href=\"http:\/\/www.cenart.gob.mx\/eventos\/categorias\/musica\/son-jarocho\/\">http:\/\/www.cenart.gob.mx\/eventos\/categorias\/musica\/son-jarocho\/<\/a> o bien en Facebook donde los encuentran como Fiesta de las Jaranas y las Tarimas. \u00a1Ah\u00ed nos vemos!<\/p>\n<p>&nbsp;<\/p>\n","protected":false},"excerpt":{"rendered":"<p>Del 21 al 24 de abril de 2016 se llevar\u00e1 a cabo el Cuarto Encuentro de Son Jarocho \u201cFiesta de las Jaranas y las Tarimas\u201d en el Centro Nacional de las Artes de la Ciudad de M\u00e9xico, una magn\u00edfica oportunidad para acercarse, de manera gratuita, a las diferentes tradiciones que integran el son jarocho: la m\u00fasica, el zapateado, la versada, el sonido de las jaranas, el ritmo, el canto, la fiesta del fandango. Este encuentro naci\u00f3 en el a\u00f1o 2013 y desde entonces ha crecido en su programaci\u00f3n y en la cantidad de actividades que se ofrecen.<br \/>\nPara leer m\u00e1s dar clic en el t\u00edtulo\u2026<\/p>\n","protected":false},"author":34,"featured_media":14684,"comment_status":"closed","ping_status":"closed","sticky":false,"template":"","format":"standard","meta":{"wp_popup_display_lightbox":0,"wp_popup_suppress":"","wp_popup_trigger":"","wp_popup_trigger_amount":0,"wp_popup_disable_on_mobile":false,"footnotes":""},"categories":[8,3],"tags":[],"class_list":["post-14669","post","type-post","status-publish","format-standard","has-post-thumbnail","hentry","category-destacados","category-radiomexicointernacional","category-8","category-3","description-off"],"_links":{"self":[{"href":"https:\/\/www.imer.mx\/rmi\/wp-json\/wp\/v2\/posts\/14669","targetHints":{"allow":["GET"]}}],"collection":[{"href":"https:\/\/www.imer.mx\/rmi\/wp-json\/wp\/v2\/posts"}],"about":[{"href":"https:\/\/www.imer.mx\/rmi\/wp-json\/wp\/v2\/types\/post"}],"author":[{"embeddable":true,"href":"https:\/\/www.imer.mx\/rmi\/wp-json\/wp\/v2\/users\/34"}],"replies":[{"embeddable":true,"href":"https:\/\/www.imer.mx\/rmi\/wp-json\/wp\/v2\/comments?post=14669"}],"version-history":[{"count":0,"href":"https:\/\/www.imer.mx\/rmi\/wp-json\/wp\/v2\/posts\/14669\/revisions"}],"wp:featuredmedia":[{"embeddable":true,"href":"https:\/\/www.imer.mx\/rmi\/wp-json\/wp\/v2\/media\/14684"}],"wp:attachment":[{"href":"https:\/\/www.imer.mx\/rmi\/wp-json\/wp\/v2\/media?parent=14669"}],"wp:term":[{"taxonomy":"category","embeddable":true,"href":"https:\/\/www.imer.mx\/rmi\/wp-json\/wp\/v2\/categories?post=14669"},{"taxonomy":"post_tag","embeddable":true,"href":"https:\/\/www.imer.mx\/rmi\/wp-json\/wp\/v2\/tags?post=14669"}],"curies":[{"name":"wp","href":"https:\/\/api.w.org\/{rel}","templated":true}]}}