{"id":14604,"date":"2016-04-01T11:56:55","date_gmt":"2016-04-01T17:56:55","guid":{"rendered":"http:\/\/www.imer.mx\/rmi\/?p=14604"},"modified":"2016-04-01T11:56:55","modified_gmt":"2016-04-01T17:56:55","slug":"fernando-del-paso-a-los-81-peldanos-de-su-escalera","status":"publish","type":"post","link":"https:\/\/www.imer.mx\/rmi\/fernando-del-paso-a-los-81-peldanos-de-su-escalera\/","title":{"rendered":"Fernando del Paso a los 81 pelda\u00f1os de su escalera"},"content":{"rendered":"<p style=\"text-align: right\"><img loading=\"lazy\" decoding=\"async\" class=\"size-medium wp-image-14605 alignleft\" src=\"https:\/\/www.imer.mx\/rmi\/wp-content\/uploads\/sites\/3\/2016\/04\/01fp-300x188.jpg\" alt=\"01fp\" width=\"300\" height=\"188\" srcset=\"https:\/\/www.imer.mx\/rmi\/wp-content\/uploads\/sites\/3\/2016\/04\/01fp-300x188.jpg 300w, https:\/\/www.imer.mx\/rmi\/wp-content\/uploads\/sites\/3\/2016\/04\/01fp-768x481.jpg 768w, https:\/\/www.imer.mx\/rmi\/wp-content\/uploads\/sites\/3\/2016\/04\/01fp.jpg 1021w\" sizes=\"auto, (max-width: 300px) 100vw, 300px\" \/><\/p>\n<p style=\"text-align: right\"><em>\u00a0\u00a0\u00a0\u00a0\u00a0\u00a0\u00a0\u00a0\u00a0\u00a0\u00a0\u00a0\u00a0\u00a0\u00a0\u00a0\u00a0\u00a0\u00a0\u00a0\u00a0\u00a0\u00a0 \u2026Y tambi\u00e9n por tus ciudades y pueblos me viste, me vio, me vieron pasar preguntando \u00bfJos\u00e9 Trigo? Y mientras tanto en balde y para\u00a0qu\u00e9 poniendo todas o casi todas las palabras, palabras m\u00e1s palabras\u00a0menos. Abajo las palabras tierra, campamentos; arriba las palabras cielo, estrellas y entre la ma\u00f1ana por la tarde, adem\u00e1s y con la noche\u00a0las palabras nada y nadie. Porque todo esto y esto es un decir fue la\u00a0 ma\u00f1ana, la tarde, la noche en que so\u00f1\u00e9 o cre\u00ed so\u00f1ar que buscaba a\u00a0 Jos\u00e9 Trigo por cielo y por tierra, bajo todos los cielos habidos sobre\u00a0 todas las tierras por haber y no vi nada ni a nadie. Nada bajo el cielo y sobre la tierra nadie. <\/em><\/p>\n<p style=\"text-align: right\"><em>\u00a0\u00a0\u00a0\u00a0\u00a0\u00a0\u00a0\u00a0\u00a0\u00a0\u00a0\u00a0\u00a0\u00a0\u00a0\u00a0\u00a0\u00a0\u00a0\u00a0\u00a0\u00a0\u00a0\u00a0\u00a0\u00a0\u00a0\u00a0\u00a0\u00a0\u00a0\u00a0\u00a0\u00a0\u00a0\u00a0\u00a0\u00a0\u00a0\u00a0\u00a0\u00a0\u00a0\u00a0\u00a0\u00a0\u00a0\u00a0\u00a0\u00a0\u00a0\u00a0\u00a0\u00a0\u00a0\u00a0\u00a0\u00a0\u00a0\u00a0\u00a0\u00a0\u00a0\u00a0\u00a0\u00a0\u00a0\u00a0\u00a0\u00a0\u00a0\u00a0\u00a0\u00a0\u00a0\u00a0\u00a0\u00a0\u00a0\u00a0\u00a0\u00a0\u00a0\u00a0\u00a0\u00a0\u00a0\u00a0\u00a0\u00a0\u00a0\u00a0\u00a0 Jos\u00e9 Trigo<\/em>,<\/p>\n<p style=\"text-align: right\">\u00a0\u00a0\u00a0\u00a0\u00a0\u00a0\u00a0\u00a0\u00a0\u00a0\u00a0\u00a0\u00a0\u00a0\u00a0\u00a0\u00a0\u00a0\u00a0\u00a0\u00a0\u00a0\u00a0\u00a0\u00a0\u00a0\u00a0\u00a0\u00a0\u00a0\u00a0\u00a0\u00a0\u00a0\u00a0\u00a0\u00a0\u00a0\u00a0\u00a0\u00a0\u00a0\u00a0\u00a0\u00a0\u00a0\u00a0\u00a0\u00a0\u00a0\u00a0\u00a0\u00a0\u00a0\u00a0\u00a0\u00a0\u00a0\u00a0\u00a0\u00a0\u00a0\u00a0\u00a0\u00a0\u00a0\u00a0\u00a0\u00a0\u00a0\u00a0\u00a0\u00a0\u00a0\u00a0\u00a0\u00a0\u00a0\u00a0\u00a0\u00a0\u00a0\u00a0\u00a0\u00a0\u00a0\u00a0\u00a0\u00a0\u00a0\u00a0\u00a0\u00a0 Fernando del Paso<\/p>\n<p style=\"text-align: left\">Zurdo para dibujar y diestro para escribir, Fernando del Paso comenz\u00f3 realizando pinturas al \u00f3leo pero su fracaso fue rotundo. Quince a\u00f1os despu\u00e9s, ya consolidado como escritor, mientras trabajaba en Londres como redactor y locutor para la BBC en espa\u00f1ol, comenz\u00f3 por casualidad a hacer garabatos y trazos a pluma durante los intervalos entre transmisiones y ah\u00ed resurgi\u00f3 su inter\u00e9s por el dibujo. Descubri\u00f3 la tinta china y continu\u00f3 su carrera de dibujante, al margen de la literatura. Sin embargo, el destino (y su prodigiosa escritura) lo han llevado a convertirse en uno de los autores m\u00e1s representativos de la literatura contempor\u00e1nea en lengua espa\u00f1ola y de los m\u00e1s importantes de M\u00e9xico.<\/p>\n<p style=\"text-align: left\">Nacido el 1 de abril de 1935 en la Ciudad de M\u00e9xico, hoy cumple 81 a\u00f1os de vida. A lo largo de ellos ha recibido toda clase de reconocimientos y galardones: el Premio Xavier Villaurrutia, el Premio Novela M\u00e9xico, el Internacional de Novela R\u00f3mulo Gallegos, el Mazatl\u00e1n de Literatura, el premio FIL 2007 y el Nacional de Letras y Artes. En el a\u00f1o 2015 recibi\u00f3 el Premio Cervantes.<\/p>\n<p style=\"text-align: left\">Alguna vez, en entrevista, dijo que para \u00e9l la literatura era su quehacer m\u00e1s organizado y la pl\u00e1stica una liberaci\u00f3n muy personal. \u201cEscribir me angustia terriblemente, me cuesta un trabajo espantoso. Dibujar no, soy incluso m\u00e1s sociable cuando dibujo. Puedo dibujar al mismo tiempo que converso con mi familia. Escribir es todo un trauma, debo estar aislado, me pongo de mal humor y tomo mucho caf\u00e9 antes de decidirme a hacerlo\u201d.<\/p>\n<p style=\"text-align: left\">Pero para subir al cielo que lo esperaba la escalera era bien larga. Al principio curs\u00f3 el bachillerato de Ciencias Qu\u00edmicas y algunas materias de Econom\u00eda. Quiso ser m\u00e9dico por una inspiraci\u00f3n rom\u00e1ntica pero, muchos pelda\u00f1os despu\u00e9s, cambi\u00f3 de parecer por su terror a la sangre y los malos olores; adem\u00e1s, porque conoci\u00f3 a la mujer con la que compartir\u00eda la vida y quiso casarse. \u201cY no se puede estudiar medicina y estar casado\u201d dijo cuando le preguntaron.<\/p>\n<p style=\"text-align: left\">Posterior a aquella etapa, del Paso, a base de investigaciones y lecturas, construy\u00f3 lo que ser\u00eda su mundo literario a partir de autores universales de teatro y narrativa. Y fue as\u00ed como William Faulkner, Christian Wolfe, James Joyce, Juan Rulfo, Lezama Lima y Lewis Carroll, se convirtieron, seg\u00fan ha dicho, en sus m\u00e1s grandes influencias. La vida literaria y la escritura le sonre\u00edan y despu\u00e9s de incursionar en la poes\u00eda con su libro <em>Sonetos de lo diario <\/em>recibi\u00f3, en 1965, la beca del Centro Mexicano de Escritores.<\/p>\n<p style=\"text-align: left\">Al a\u00f1o siguiente public\u00f3 su primera novela, <em>Jos\u00e9 Trigo <\/em>(1966), con la que iniciar\u00eda una c\u00e9lebre trilog\u00eda narrativa completada con <em>Palinuro de M\u00e9xico <\/em>(1977) y <em>Noticias del Imperio <\/em>(1987)<\/p>\n<p style=\"text-align: left\">En todas ellas del Paso fue ascendiendo a una especie de novela total, y en todas ellas integrar\u00eda la historia, la ficci\u00f3n y el sentido del humor, pero tambi\u00e9n la reflexi\u00f3n pol\u00edtica y una meditaci\u00f3n cultural en la que M\u00e9xico siempre es el tema cardinal.<\/p>\n<p style=\"text-align: left\">Fernando del Paso ha escrito otras p\u00e1ginas y g\u00e9neros: <em>Cuentos dispersos<\/em> (relatos)<em>;<\/em> <em>La loca de Miramar, Palinuro en la escalera <\/em>y <em>La muerte se va a Granada<\/em> (teatro); y <em>El coloquio de invierno <\/em>y <em>Viaje alrededor de El Quijote <\/em>(ensayos)<em>.<\/em><\/p>\n<p style=\"text-align: left\">Siempre creativo, genial y tan disciplinado como ocurrente, alguna vez dijo que la libertad del silencio es un deber moral del escritor: \u201ccallarse cuando no tiene nada que decir\u201d. \u00c9l muchas veces ha guardado silencio y se ha abstenido de publicar.Pero han sido s\u00f3lo pausas, y cada vez que esto pas\u00f3 estaba concibiendo su siguiente gran novela<em>.<\/em><\/p>\n<p>\u00a0\u00a0\u00a0\u00a0\u00a0\u00a0\u00a0\u00a0\u00a0\u00a0\u00a0\u00a0\u00a0\u00a0\u00a0\u00a0\u00a0\u00a0\u00a0\u00a0\u00a0\u00a0\u00a0\u00a0\u00a0\u00a0\u00a0\u00a0\u00a0\u00a0\u00a0\u00a0\u00a0\u00a0\u00a0\u00a0\u00a0\u00a0\u00a0\u00a0\u00a0\u00a0\u00a0\u00a0\u00a0\u00a0\u00a0\u00a0\u00a0\u00a0\u00a0\u00a0\u00a0\u00a0\u00a0\u00a0\u00a0\u00a0\u00a0\u00a0\u00a0\u00a0\u00a0\u00a0\u00a0\u00a0\u00a0\u00a0\u00a0\u00a0\u00a0\u00a0\u00a0\u00a0\u00a0\u00a0\u00a0\u00a0\u00a0\u00a0\u00a0\u00a0\u00a0\u00a0\u00a0\u00a0\u00a0\u00a0\u00a0\u00a0\u00a0\u00a0\u00a0\u00a0\u00a0\u00a0\u00a0\u00a0\u00a0\u00a0\u00a0\u00a0\u00a0\u00a0\u00a0\u00a0\u00a0\u00a0\u00a0\u00a0\u00a0\u00a0\u00a0\u00a0\u00a0\u00a0\u00a0\u00a0\u00a0\u00a0\u00a0\u00a0\u00a0\u00a0\u00a0\u00a0\u00a0\u00a0\u00a0\u00a0\u00a0\u00a0\u00a0\u00a0\u00a0\u00a0\u00a0\u00a0\u00a0\u00a0\u00a0\u00a0\u00a0\u00a0\u00a0\u00a0\u00a0\u00a0\u00a0\u00a0\u00a0\u00a0\u00a0\u00a0\u00a0\u00a0\u00a0\u00a0\u00a0\u00a0\u00a0\u00a0\u00a0\u00a0\u00a0\u00a0\u00a0\u00a0\u00a0\u00a0\u00a0\u00a0\u00a0\u00a0\u00a0\u00a0\u00a0\u00a0\u00a0\u00a0\u00a0\u00a0\u00a0\u00a0\u00a0\u00a0\u00a0\u00a0 \u00a0Por Cecilia K\u00fchne Peimbert<\/p>\n<p><em>\u00a0<\/em><\/p>\n<p>&nbsp;<\/p>\n","protected":false},"excerpt":{"rendered":"<p>Zurdo para dibujar y diestro para escribir, Fernando del Paso comenz\u00f3 realizando pinturas al \u00f3leo pero su fracaso fue rotundo. Quince a\u00f1os despu\u00e9s, ya consolidado como escritor, mientras trabajaba en Londres como redactor y locutor para la BBC en espa\u00f1ol, comenz\u00f3 por casualidad a hacer garabatos y trazos a pluma durante los intervalos entre transmisiones y ah\u00ed resurgi\u00f3 su inter\u00e9s por el dibujo&#8230; Para seguir leyendo dar clic en el t\u00edtulo.<\/p>\n","protected":false},"author":18,"featured_media":14606,"comment_status":"closed","ping_status":"closed","sticky":false,"template":"","format":"standard","meta":{"wp_popup_display_lightbox":0,"wp_popup_suppress":"","wp_popup_trigger":"","wp_popup_trigger_amount":0,"wp_popup_disable_on_mobile":false,"footnotes":""},"categories":[8,1,3],"tags":[],"class_list":["post-14604","post","type-post","status-publish","format-standard","has-post-thumbnail","hentry","category-destacados","category-imer","category-radiomexicointernacional","category-8","category-1","category-3","description-off"],"_links":{"self":[{"href":"https:\/\/www.imer.mx\/rmi\/wp-json\/wp\/v2\/posts\/14604","targetHints":{"allow":["GET"]}}],"collection":[{"href":"https:\/\/www.imer.mx\/rmi\/wp-json\/wp\/v2\/posts"}],"about":[{"href":"https:\/\/www.imer.mx\/rmi\/wp-json\/wp\/v2\/types\/post"}],"author":[{"embeddable":true,"href":"https:\/\/www.imer.mx\/rmi\/wp-json\/wp\/v2\/users\/18"}],"replies":[{"embeddable":true,"href":"https:\/\/www.imer.mx\/rmi\/wp-json\/wp\/v2\/comments?post=14604"}],"version-history":[{"count":0,"href":"https:\/\/www.imer.mx\/rmi\/wp-json\/wp\/v2\/posts\/14604\/revisions"}],"wp:featuredmedia":[{"embeddable":true,"href":"https:\/\/www.imer.mx\/rmi\/wp-json\/wp\/v2\/media\/14606"}],"wp:attachment":[{"href":"https:\/\/www.imer.mx\/rmi\/wp-json\/wp\/v2\/media?parent=14604"}],"wp:term":[{"taxonomy":"category","embeddable":true,"href":"https:\/\/www.imer.mx\/rmi\/wp-json\/wp\/v2\/categories?post=14604"},{"taxonomy":"post_tag","embeddable":true,"href":"https:\/\/www.imer.mx\/rmi\/wp-json\/wp\/v2\/tags?post=14604"}],"curies":[{"name":"wp","href":"https:\/\/api.w.org\/{rel}","templated":true}]}}