{"id":14570,"date":"2016-03-18T14:22:33","date_gmt":"2016-03-18T20:22:33","guid":{"rendered":"http:\/\/www.imer.mx\/rmi\/?p=14570"},"modified":"2016-03-18T18:50:37","modified_gmt":"2016-03-19T00:50:37","slug":"sergio-pitol-cuando-la-experiencia-de-viajar-leer-y-escribir-se-funde-en-una-sola-2","status":"publish","type":"post","link":"https:\/\/www.imer.mx\/rmi\/sergio-pitol-cuando-la-experiencia-de-viajar-leer-y-escribir-se-funde-en-una-sola-2\/","title":{"rendered":"Sergio Pitol a sus 83 a\u00f1os. Cuando la experiencia de viajar, leer y escribir se funde en una sola&#8230;"},"content":{"rendered":"<p>&nbsp;<\/p>\n<p><img loading=\"lazy\" decoding=\"async\" class=\"aligncenter wp-image-14572 size-full\" src=\"https:\/\/www.imer.mx\/rmi\/wp-content\/uploads\/sites\/3\/2016\/03\/02SP.jpg\" alt=\"02SP\" width=\"900\" height=\"300\" srcset=\"https:\/\/www.imer.mx\/rmi\/wp-content\/uploads\/sites\/3\/2016\/03\/02SP.jpg 900w, https:\/\/www.imer.mx\/rmi\/wp-content\/uploads\/sites\/3\/2016\/03\/02SP-300x100.jpg 300w, https:\/\/www.imer.mx\/rmi\/wp-content\/uploads\/sites\/3\/2016\/03\/02SP-768x256.jpg 768w\" sizes=\"auto, (max-width: 900px) 100vw, 900px\" \/><\/p>\n<p style=\"text-align: right\">Por Cecilia K\u00fchne<\/p>\n<p>Nacido en la ciudad de Puebla en 1933 Sergio Pitol no s\u00f3lo es reconocido por su trayectoria intelectual, tanto en el campo de la creaci\u00f3n literaria como en el de la difusi\u00f3n de la cultura, sino por haber sido siempre una suerte de escritor en fuga. En la d\u00e9cada de los cincuenta lleg\u00f3 a la Ciudad de M\u00e9xico y primero estudi\u00f3 Derecho. Despu\u00e9s Letras y Filosof\u00eda. Durante su periodo universitario conoci\u00f3 a Alfonso Reyes, uno de sus maestros fundamentales. Se dice que de \u00e9l hered\u00f3 el amor por los viajes y por la cultura de Occidente, su excelencia en la conversaci\u00f3n y una pluma cuidadosa del detalle y el estilo. Tambi\u00e9n tuvo mucho que ver con su erudici\u00f3n, y con la gana de recorrer y vivir muchos pa\u00edses.<\/p>\n<p>Y a viajar se puso. Fue estudiante en Roma, traductor en Pek\u00edn y en Barcelona, profesor universitario en Xalapa y en Bristol, y diplom\u00e1tico en Varsovia, Budapest, Par\u00eds, Mosc\u00fa y Praga. Tan n\u00f3mada ha sido su vida que en alg\u00fan momento, se describi\u00f3 a s\u00ed mismo de esta manera: &#8220;Soltar amarras, enfrentarme sin temor al amplio mundo y quemar mis naves fueron operaciones que en sucesivas ocasiones modificaron mi vida y, por ende, mi labor literaria. En esos a\u00f1os de errancia se conform\u00f3 el cuerpo de mi obra&#8221;.<\/p>\n<p>Miembro del Servicio Exterior desde 1960, fue Consejero Cultural de las embajadas mexicanas en Francia, Hungr\u00eda, Polonia y la Uni\u00f3n Sovi\u00e9tica; Director de Asuntos Culturales de la Secretar\u00eda de Relaciones Exteriores; Director de Asuntos Internacionales del Instituto Nacional de Bellas Artes y Embajador de M\u00e9xico en Checoslovaquia. Y en todos aquellos lugares se dedic\u00f3 (por si sus escritos personales, novelas y traducciones fueran poco) a divulgar la cultura y el arte mexicano.<\/p>\n<p><img loading=\"lazy\" decoding=\"async\" class=\"size-medium wp-image-14571 alignleft\" src=\"https:\/\/www.imer.mx\/rmi\/wp-content\/uploads\/sites\/3\/2016\/03\/01sp-300x202.jpg\" alt=\"01sp\" width=\"300\" height=\"202\" srcset=\"https:\/\/www.imer.mx\/rmi\/wp-content\/uploads\/sites\/3\/2016\/03\/01sp-300x202.jpg 300w, https:\/\/www.imer.mx\/rmi\/wp-content\/uploads\/sites\/3\/2016\/03\/01sp-768x516.jpg 768w, https:\/\/www.imer.mx\/rmi\/wp-content\/uploads\/sites\/3\/2016\/03\/01sp.jpg 998w\" sizes=\"auto, (max-width: 300px) 100vw, 300px\" \/><\/p>\n<p>Dicen que la desgracia (haber perdido a su madre muy ni\u00f1o), la enfermedad (una crisis de malaria grave) y el aislamiento (por la orfandad y el largo restablecimiento de su salud), crearon su estilo literario. \u00c9l, ir\u00f3nico y genial, define su obra como \u201cuna autobiograf\u00eda oblicua en la que se funden la vida y la literatura\u201d.<\/p>\n<p>Sus libros son muchas y sus premios importantes. Entre los primeros destacan <em>No hay tal lugar<\/em>, <em>Infierno de todos<\/em>, <em>Asimetr\u00eda<\/em>, <em>Juegos florales<\/em>, <em>El desfile del amor<\/em>, <em>Domar a la divina garza<\/em>, <em>Vals de Mefisto<\/em> y <em>La vida conyugal<\/em>. Sin embargo dos de sus obras prefieren sus lectores asiduos, porque lo describen mejor y se parecen, a sus mil navegaciones: <em>El arte de la fuga<\/em>, mapa e itinerario de un escritor que no se aquieta, y <em>El viaje<\/em>, donde cuenta sus d\u00edas transcurridos en la Rusia de los a\u00f1os ochenta y todas las palabras que nacieron.<\/p>\n<p>Conocedor del mundo, narrador que ha compartido generosamente sus traves\u00edas y pensamientos Sergio Pitol es uno de los escritores mexicanos cuya labor, como traductor y promotor de la cultura es tan importante como su excelencia literaria. Este a\u00f1o celebra los 83 de su nacimiento. Y la mejor fiesta que podemos ofrecerle sigue siendo leer y releer sus libros.<\/p>\n<p>&nbsp;<\/p>\n","protected":false},"excerpt":{"rendered":"<p>Narrador, ensayista y traductor, Sergio Pitol Demeneghi naci\u00f3 en Puebla el 18 de marzo de 1933. Acad\u00e9mico de la Lengua , en 1999 recibi\u00f3 el Premio Nacional de la Artes en la rama de Ling\u00fc\u00edstica y Literatura y en el a\u00f1o 2005 el Premio Miguel de Cervantes. Sus cuentos y novelas, as\u00ed como su trabajo como divulgador de la cultura mexicana lo sit\u00faan como uno de los m\u00e1s importantes escritores mexicanos. Celebramos, en este texto su cumplea\u00f1os n\u00famero 83. Para leer m\u00e1s dar clic en el t\u00edtulo.<\/p>\n","protected":false},"author":34,"featured_media":14573,"comment_status":"closed","ping_status":"closed","sticky":false,"template":"","format":"standard","meta":{"wp_popup_display_lightbox":0,"wp_popup_suppress":"","wp_popup_trigger":"","wp_popup_trigger_amount":0,"wp_popup_disable_on_mobile":false,"footnotes":""},"categories":[7,8,3],"tags":[],"class_list":["post-14570","post","type-post","status-publish","format-standard","has-post-thumbnail","hentry","category-coberturas","category-destacados","category-radiomexicointernacional","category-7","category-8","category-3","description-off"],"_links":{"self":[{"href":"https:\/\/www.imer.mx\/rmi\/wp-json\/wp\/v2\/posts\/14570","targetHints":{"allow":["GET"]}}],"collection":[{"href":"https:\/\/www.imer.mx\/rmi\/wp-json\/wp\/v2\/posts"}],"about":[{"href":"https:\/\/www.imer.mx\/rmi\/wp-json\/wp\/v2\/types\/post"}],"author":[{"embeddable":true,"href":"https:\/\/www.imer.mx\/rmi\/wp-json\/wp\/v2\/users\/34"}],"replies":[{"embeddable":true,"href":"https:\/\/www.imer.mx\/rmi\/wp-json\/wp\/v2\/comments?post=14570"}],"version-history":[{"count":0,"href":"https:\/\/www.imer.mx\/rmi\/wp-json\/wp\/v2\/posts\/14570\/revisions"}],"wp:featuredmedia":[{"embeddable":true,"href":"https:\/\/www.imer.mx\/rmi\/wp-json\/wp\/v2\/media\/14573"}],"wp:attachment":[{"href":"https:\/\/www.imer.mx\/rmi\/wp-json\/wp\/v2\/media?parent=14570"}],"wp:term":[{"taxonomy":"category","embeddable":true,"href":"https:\/\/www.imer.mx\/rmi\/wp-json\/wp\/v2\/categories?post=14570"},{"taxonomy":"post_tag","embeddable":true,"href":"https:\/\/www.imer.mx\/rmi\/wp-json\/wp\/v2\/tags?post=14570"}],"curies":[{"name":"wp","href":"https:\/\/api.w.org\/{rel}","templated":true}]}}