{"id":12455,"date":"2015-06-17T18:54:32","date_gmt":"2015-06-17T23:54:32","guid":{"rendered":"http:\/\/www.imer.mx\/rmi\/?p=12455"},"modified":"2015-06-17T20:08:11","modified_gmt":"2015-06-18T01:08:11","slug":"la-velada-incompatible-a-los-94-anos-de-la-muerte-de-ramon-lopez-velarde","status":"publish","type":"post","link":"https:\/\/www.imer.mx\/rmi\/la-velada-incompatible-a-los-94-anos-de-la-muerte-de-ramon-lopez-velarde\/","title":{"rendered":"La velada incompatible&#8230;A los 94 a\u00f1os de la muerte de Ram\u00f3n L\u00f3pez Velarde."},"content":{"rendered":"<p>&nbsp;<\/p>\n<p style=\"text-align: left\"><a href=\"https:\/\/www.imer.mx\/rmi\/wp-content\/uploads\/sites\/3\/2015\/06\/LV01.jpg\"><img loading=\"lazy\" decoding=\"async\" class=\"alignnone size-full wp-image-12456\" src=\"https:\/\/www.imer.mx\/rmi\/wp-content\/uploads\/sites\/3\/2015\/06\/LV01.jpg\" alt=\"LV01\" width=\"259\" height=\"194\" \/><\/a>\u00a0\u00a0\u00a0\u00a0\u00a0\u00a0\u00a0\u00a0\u00a0\u00a0\u00a0\u00a0\u00a0\u00a0\u00a0\u00a0\u00a0\u00a0\u00a0\u00a0\u00a0\u00a0\u00a0\u00a0\u00a0\u00a0\u00a0\u00a0\u00a0\u00a0\u00a0\u00a0\u00a0\u00a0\u00a0\u00a0\u00a0\u00a0\u00a0\u00a0\u00a0\u00a0\u00a0\u00a0\u00a0\u00a0\u00a0\u00a0\u00a0\u00a0\u00a0\u00a0\u00a0\u00a0\u00a0\u00a0\u00a0\u00a0\u00a0\u00a0\u00a0\u00a0\u00a0\u00a0\u00a0\u00a0\u00a0\u00a0\u00a0\u00a0\u00a0\u00a0\u00a0\u00a0\u00a0\u00a0\u00a0\u00a0\u00a0\u00a0\u00a0\u00a0\u00a0\u00a0\u00a0\u00a0\u00a0\u00a0\u00a0\u00a0\u00a0\u00a0\u00a0\u00a0\u00a0\u00a0\u00a0\u00a0\u00a0\u00a0\u00a0\u00a0\u00a0\u00a0\u00a0\u00a0\u00a0\u00a0\u00a0\u00a0\u00a0\u00a0\u00a0\u00a0\u00a0\u00a0\u00a0\u00a0\u00a0\u00a0\u00a0\u00a0\u00a0\u00a0\u00a0\u00a0\u00a0\u00a0\u00a0\u00a0\u00a0\u00a0\u00a0\u00a0\u00a0\u00a0\u00a0 \u00a0\u00a0\u00a0\u00a0\u00a0\u00a0\u00a0 \u00a0Texto Cecilia K\u00fchne<\/p>\n<p>No todo el mundo tiene la suerte de encontrarse con Ram\u00f3n L\u00f3pez Velarde. Ni siquiera para quienes optaron por la literatura, estudiaron lengua y letras o estuvieron tan enamorados que, a ciegas, s\u00f3lo hallaron su poes\u00eda para explicarse. Sin embargo con L\u00f3pez Velarde nunca es tarde.<\/p>\n<p>Nacido el 15 de junio de 1888 en Jerez, Zacatecas, en el a\u00f1o m\u00e1s h\u00famedo del que se tuviera memoria hasta esa fecha seg\u00fan el <em>Calendario del m\u00e1s antiguo Galv\u00e1n<\/em>, Ram\u00f3n L\u00f3pez Velarde tuvo una infancia \u201c toda olorosa a sacrist\u00eda\u201d como bien dice Guillermo Sheridan en la biograf\u00eda que escribi\u00f3 del poeta. A los doce a\u00f1os fue enviado al Seminario Conciliar de Zacatecas, despu\u00e9s pas\u00f3 al de Aguascalientes y en 1908 comenz\u00f3 a estudiar jurisprudencia en San Luis Potos\u00ed. Cuenta la leyenda que en esa ciudad conoci\u00f3 a Francisco I. Madero, estuvo de acuerdo con sus ideas revolucionarias y aprob\u00f3 las declaraciones del Plan de San Luis. Pero no se embarc\u00f3 en la aventura revolucionaria. Concluy\u00f3 sus estudios y se recibi\u00f3 de abogado en 1911. Pero evidentemente su verdadera pasi\u00f3n no eran las leyes. Con la pluma lo abarcaba y lo soltaba todo. Y por ello, para probar suerte, se traslad\u00f3 definitivamente a la Ciudad de M\u00e9xico en 1914. Ya hab\u00eda publicado cr\u00f3nicas, poemas, ensayos breves y periodismo pol\u00edtico. En la capital \u2013como bien dijo el maestro Jos\u00e9 Luis Mart\u00ednez- \u201ccumpli\u00f3 el destino oscuro de los pretendientes sin t\u00edtulos en la corte\u201d: ocup\u00f3 modestos puestos burocr\u00e1ticos, practic\u00f3 la docencia, entabl\u00f3 amistades efusivas y r\u00e1pidas y pas\u00f3 por el mundo de la bohemia y los periodistas, atrapado entre el arrojo de un erotismo incierto con un freno religioso muy bien puesto. Sus versos ya demostraban todas sus dicotom\u00edas: la provincia y la ciudad, la religi\u00f3n y el descr\u00e9dito, el amor puro y el amor carnal. No tardar\u00edan en aparecer los dos libros que public\u00f3 en vida: <em>La sangre devota <\/em>en 1916 y <em>Zozobra<\/em> en 1919. <a href=\"https:\/\/www.imer.mx\/rmi\/wp-content\/uploads\/sites\/3\/2015\/06\/LV02.jpg\"><img loading=\"lazy\" decoding=\"async\" class=\" size-medium wp-image-12457 alignright\" src=\"https:\/\/www.imer.mx\/rmi\/wp-content\/uploads\/sites\/3\/2015\/06\/LV02-171x300.jpg\" alt=\"LV02\" width=\"171\" height=\"300\" srcset=\"https:\/\/www.imer.mx\/rmi\/wp-content\/uploads\/sites\/3\/2015\/06\/LV02-171x300.jpg 171w, https:\/\/www.imer.mx\/rmi\/wp-content\/uploads\/sites\/3\/2015\/06\/LV02.jpg 314w\" sizes=\"auto, (max-width: 171px) 100vw, 171px\" \/><\/a><\/p>\n<p>En <em>Zozobra<\/em>, se muestra pesimista, se vuelve maniqueo y encuentra una balanza que de un lado se muere y del otro asciende. Sus versos, que pegan y lastiman, pero tambi\u00e9n encantan y enamoran, fueron culpables de los adjetivos que, todav\u00eda hoy, a 94 a\u00f1os de su muerte, lo identifican. A\u00fan ahora se sigue diciendo de L\u00f3pez Velarde que es el poeta nacional por excelencia, por su manera de descifrar y describir a nuestra tierra (\u201c<em>Cuando nacemos, nos regalas notas\/ despu\u00e9s, un para\u00edso de compotas\/ y luego te regalas toda entera\/ suave Patria, alacena y pajarera<\/em>\u201d) y que su obra inaugur\u00f3 la poes\u00eda contempor\u00e1nea, no s\u00f3lo en M\u00e9xico, sino en todos los pa\u00edses de habla hispana.<\/p>\n<p>No nada m\u00e1s poeta, sino tambi\u00e9n narrador extraordinario, Ram\u00f3n L\u00f3pez Velarde intent\u00f3 -con \u00e9xito- un g\u00e9nero h\u00edbrido, hoy casi extinto, en el que es dif\u00edcil distinguir a la literatura del periodismo, sin abandonar por ello las exigencias de ninguno de los dos. As\u00ed, entre cr\u00edticas a libros, descripci\u00f3n de lugares tan fijos en la mente ciudadana como la Alameda, rese\u00f1as teatrales y hasta ensayos de asuntos como la risa, el invierno y hasta el Viernes Santo, el jerezano hac\u00eda de observador y de cronista.<\/p>\n<p>Ram\u00f3n L\u00f3pez Velarde muri\u00f3 muy joven. En la madrugada del 19 de junio de 1921, cerca del aniversario de la Independencia y despu\u00e9s de escribir: <em>La Suave Patria. <\/em><\/p>\n<p>\u201cLo hab\u00edan matado, dice Jos\u00e9 Luis Mart\u00ednez, &#8220;dos de esas fuerzas malignas de las ciudades que tanto temiera: el vaticinio de una gitana que le anunci\u00f3 la muerte por asfixia y un paseo nocturno, despu\u00e9s del teatro y la cena, en que pretendi\u00f3 oponerse al fr\u00edo del valle, sin abrigo, porque quer\u00eda seguir hablando de Montaigne&#8221;.<\/p>\n<p>La causa m\u00e9dica de su muerte no lleg\u00f3 a ser oficial del todo. Bronconeumon\u00eda, dijeron los papeles; una enfermedad indecible de la carne, hablaron los chismosos una mortal tristeza, quisieron pensar otros. Sin embargo no importa. Mejor imaginarse que las \u00faltimas palabras que nadie recogi\u00f3, fueron la met\u00e1fora del final que s\u00ed escribi\u00f3 en un verso.<\/p>\n<p>&nbsp;<\/p>\n<blockquote><p>En la velada incompatible,<\/p>\n<p>fr\u00fastrase el yacimiento espiritual<\/p>\n<p>y de nuestras arterias el caudal.<\/p>\n<p>Los pr\u00f3digos al uso<\/p>\n<p>que vengan a nosotros a aprender<\/p>\n<p>c\u00f3mo se dilapida todo el ser.<\/p>\n<p>(\u201cDespilfarras el tiempo\u201d de <em>Zozobra<\/em>)<\/p><\/blockquote>\n<p>&nbsp;<\/p>\n<p>&nbsp;<\/p>\n<p>&nbsp;<\/p>\n","protected":false},"excerpt":{"rendered":"<p>No todo el mundo tiene la suerte de encontrarse con Ram\u00f3n L\u00f3pez Velarde. Ni siquiera para quienes optaron por la literatura, estudiaron lengua y letras o estuvieron tan enamorados que, a ciegas, s\u00f3lo hallaron su poes\u00eda para explicarse. Sin embargo con L\u00f3pez Velarde nunca es tarde. Para continuar leyendo y ver im\u00e1genes clic en el t\u00edtulo.<\/p>\n","protected":false},"author":18,"featured_media":12458,"comment_status":"closed","ping_status":"closed","sticky":false,"template":"","format":"standard","meta":{"wp_popup_display_lightbox":0,"wp_popup_suppress":"","wp_popup_trigger":"","wp_popup_trigger_amount":0,"wp_popup_disable_on_mobile":false,"footnotes":""},"categories":[8,1,3],"tags":[],"class_list":["post-12455","post","type-post","status-publish","format-standard","has-post-thumbnail","hentry","category-destacados","category-imer","category-radiomexicointernacional","category-8","category-1","category-3","description-off"],"_links":{"self":[{"href":"https:\/\/www.imer.mx\/rmi\/wp-json\/wp\/v2\/posts\/12455","targetHints":{"allow":["GET"]}}],"collection":[{"href":"https:\/\/www.imer.mx\/rmi\/wp-json\/wp\/v2\/posts"}],"about":[{"href":"https:\/\/www.imer.mx\/rmi\/wp-json\/wp\/v2\/types\/post"}],"author":[{"embeddable":true,"href":"https:\/\/www.imer.mx\/rmi\/wp-json\/wp\/v2\/users\/18"}],"replies":[{"embeddable":true,"href":"https:\/\/www.imer.mx\/rmi\/wp-json\/wp\/v2\/comments?post=12455"}],"version-history":[{"count":0,"href":"https:\/\/www.imer.mx\/rmi\/wp-json\/wp\/v2\/posts\/12455\/revisions"}],"wp:featuredmedia":[{"embeddable":true,"href":"https:\/\/www.imer.mx\/rmi\/wp-json\/wp\/v2\/media\/12458"}],"wp:attachment":[{"href":"https:\/\/www.imer.mx\/rmi\/wp-json\/wp\/v2\/media?parent=12455"}],"wp:term":[{"taxonomy":"category","embeddable":true,"href":"https:\/\/www.imer.mx\/rmi\/wp-json\/wp\/v2\/categories?post=12455"},{"taxonomy":"post_tag","embeddable":true,"href":"https:\/\/www.imer.mx\/rmi\/wp-json\/wp\/v2\/tags?post=12455"}],"curies":[{"name":"wp","href":"https:\/\/api.w.org\/{rel}","templated":true}]}}