{"id":12403,"date":"2015-06-09T15:01:10","date_gmt":"2015-06-09T20:01:10","guid":{"rendered":"http:\/\/www.imer.mx\/rmi\/?p=12403"},"modified":"2015-06-09T15:04:38","modified_gmt":"2015-06-09T20:04:38","slug":"vicente_nacimiento","status":"publish","type":"post","link":"https:\/\/www.imer.mx\/rmi\/vicente_nacimiento\/","title":{"rendered":"Vicente Le\u00f1ero a 82 a\u00f1os de su nacimiento."},"content":{"rendered":"<div id=\"attachment_12404\" style=\"width: 310px\" class=\"wp-caption alignleft\"><a href=\"https:\/\/www.imer.mx\/rmi\/wp-content\/uploads\/sites\/3\/2015\/06\/01VL.jpg\"><img loading=\"lazy\" decoding=\"async\" aria-describedby=\"caption-attachment-12404\" class=\"size-medium wp-image-12404\" src=\"https:\/\/www.imer.mx\/rmi\/wp-content\/uploads\/sites\/3\/2015\/06\/01VL-300x182.jpg\" alt=\"Foto: Cuartooscuro\" width=\"300\" height=\"182\" srcset=\"https:\/\/www.imer.mx\/rmi\/wp-content\/uploads\/sites\/3\/2015\/06\/01VL-300x182.jpg 300w, https:\/\/www.imer.mx\/rmi\/wp-content\/uploads\/sites\/3\/2015\/06\/01VL.jpg 860w\" sizes=\"auto, (max-width: 300px) 100vw, 300px\" \/><\/a><p id=\"caption-attachment-12404\" class=\"wp-caption-text\">Foto: Cuartooscuro<\/p><\/div>\n<p>Vicente Le\u00f1ero naci\u00f3 en Guadalajara el 9 de junio de 1933. Hoy estar\u00eda cumpliendo 82 a\u00f1os. Maestro de narradores y teatreros, periodista ejemplar pues siempre iba a la cabeza, tambi\u00e9n fue gu\u00eda de dramaturgos, cr\u00edticos y actores,\u00a0de\u00a0aquellos que tuvieran que ver con la construcci\u00f3n, dise\u00f1o e interpretaci\u00f3n de una historia y con cualquiera relacionado con la escena teatral. Y es que Le\u00f1ero fue, no s\u00f3lo uno de los escritores m\u00e1s destacados de M\u00e9xico en la segunda mitad del siglo XX, sino un descubridor de nuevas formas, g\u00e9neros y talentos.<\/p>\n<div id=\"attachment_12408\" style=\"width: 310px\" class=\"wp-caption alignright\"><a href=\"https:\/\/www.imer.mx\/rmi\/wp-content\/uploads\/sites\/3\/2015\/06\/07VLP.jpg\"><img loading=\"lazy\" decoding=\"async\" aria-describedby=\"caption-attachment-12408\" class=\"wp-image-12408 size-medium\" src=\"https:\/\/www.imer.mx\/rmi\/wp-content\/uploads\/sites\/3\/2015\/06\/07VLP-300x221.jpg\" alt=\"Pel\u00edcula &quot; Los Alba\u00f1iles&quot;\" width=\"300\" height=\"221\" srcset=\"https:\/\/www.imer.mx\/rmi\/wp-content\/uploads\/sites\/3\/2015\/06\/07VLP-300x221.jpg 300w, https:\/\/www.imer.mx\/rmi\/wp-content\/uploads\/sites\/3\/2015\/06\/07VLP.jpg 340w\" sizes=\"auto, (max-width: 300px) 100vw, 300px\" \/><\/a><p id=\"caption-attachment-12408\" class=\"wp-caption-text\">Pel\u00edcula &#8221; Los Alba\u00f1iles&#8221;<\/p><\/div>\n<p>Con su estilo inconfundible y una muy creativa necedad por escribirlo todo, fue autor de textos como <em>Los alba\u00f1iles<\/em>, <em>Redil de ovejas<\/em>, <em>El Garabato<\/em>, <em>La vida que se va<\/em>, <em>Los Periodistas, <\/em> el muy popular <em>Evangelio de Lucas Gavil\u00e1n <\/em>y el controvertido <em>Asesinato,<\/em> reportaje novelado (mucho m\u00e1s all\u00e1 de la nota roja)\u00a0sobre un crimen real que sacudi\u00f3 al pa\u00eds . Tambi\u00e9n realiz\u00f3 guiones de pel\u00edculas como <em>Mariana, Mariana, Miroslava, El crimen del padre Amaro<\/em> y <em>El callej\u00f3n de los milagros <\/em>y de escritos como <em>La inocencia de este mundo<\/em> que se convirtieron en indispensables para la labor period\u00edstica y editorial de muchos.<\/p>\n<p>Vicente Le\u00f1ero, en general y en resumen, es un escritor excepcional porque nada le falta y en su trabajo no existe algo que le sobre. Su obra es como un juego de ajedrez, donde el tablero se mueve y cambia el panorama, presentando una multitud de opciones e interpretaciones. Y a veces parece que no s\u00f3lo para el lector sino tambi\u00e9n para los habitantes del libro. Los inolvidables personajes que nos han acompa\u00f1ado desde hace mucho m\u00e1s que medio siglo por escenarios y p\u00e1rrafos y cambian a golpes de p\u00e1gina.<\/p>\n<p>&nbsp;<\/p>\n\n\t\t\t<style type='text\/css'>\n\t\t\t\t#gallery-1 {\n\t\t\t\t\tmargin: auto;\n\t\t\t\t}\n\t\t\t\t#gallery-1 .gallery-item {\n\t\t\t\t\tfloat: left;\n\t\t\t\t\tmargin-top: 10px;\n\t\t\t\t\ttext-align: center;\n\t\t\t\t\twidth: 50%;\n\t\t\t\t}\n\t\t\t\t#gallery-1 img {\n\t\t\t\t\tborder: 2px solid #cfcfcf;\n\t\t\t\t}\n\t\t\t\t#gallery-1 .gallery-caption {\n\t\t\t\t\tmargin-left: 0;\n\t\t\t\t}\n\t\t\t\t\/* see gallery_shortcode() in wp-includes\/media.php *\/\n\t\t\t<\/style>\n\t\t<div id='gallery-1' class='dt-gallery-container gallery galleryid-12403 gallery-columns-2 gallery-size-thumbnail'><dl class='gallery-item'>\n\t\t\t\t<dt class='gallery-icon portrait'>\n\t\t\t\t\t<a class=\"rollover rollover-zoom dt-pswp-item\" title=\"06VLO\" data-dt-img-description=\"\" data-large_image_width=\"706\" data-large_image_height=\"1080\"href='https:\/\/www.imer.mx\/rmi\/wp-content\/uploads\/sites\/3\/2015\/06\/06VLO.jpg'><img loading=\"lazy\" decoding=\"async\" width=\"150\" height=\"150\" src=\"https:\/\/www.imer.mx\/rmi\/wp-content\/uploads\/sites\/3\/2015\/06\/06VLO-150x150.jpg\" class=\"attachment-thumbnail size-thumbnail\" alt=\"\" \/><\/a>\n\t\t\t\t<\/dt><\/dl><dl class='gallery-item'>\n\t\t\t\t<dt class='gallery-icon portrait'>\n\t\t\t\t\t<a class=\"rollover rollover-zoom dt-pswp-item\" title=\"05VLO\" data-dt-img-description=\"\" data-large_image_width=\"640\" data-large_image_height=\"1039\"href='https:\/\/www.imer.mx\/rmi\/wp-content\/uploads\/sites\/3\/2015\/06\/05VLO.jpg'><img loading=\"lazy\" decoding=\"async\" width=\"150\" height=\"150\" src=\"https:\/\/www.imer.mx\/rmi\/wp-content\/uploads\/sites\/3\/2015\/06\/05VLO-150x150.jpg\" class=\"attachment-thumbnail size-thumbnail\" alt=\"\" \/><\/a>\n\t\t\t\t<\/dt><\/dl><br style=\"clear: both\" \/><dl class='gallery-item'>\n\t\t\t\t<dt class='gallery-icon portrait'>\n\t\t\t\t\t<a class=\"rollover rollover-zoom dt-pswp-item\" title=\"09VLO\" data-dt-img-description=\"\" data-large_image_width=\"322\" data-large_image_height=\"500\"href='https:\/\/www.imer.mx\/rmi\/wp-content\/uploads\/sites\/3\/2015\/06\/09VLO.jpg'><img loading=\"lazy\" decoding=\"async\" width=\"150\" height=\"150\" src=\"https:\/\/www.imer.mx\/rmi\/wp-content\/uploads\/sites\/3\/2015\/06\/09VLO-150x150.jpg\" class=\"attachment-thumbnail size-thumbnail\" alt=\"\" \/><\/a>\n\t\t\t\t<\/dt><\/dl><dl class='gallery-item'>\n\t\t\t\t<dt class='gallery-icon portrait'>\n\t\t\t\t\t<a class=\"rollover rollover-zoom dt-pswp-item\" title=\"08VLO\" data-dt-img-description=\"\" data-large_image_width=\"292\" data-large_image_height=\"480\"href='https:\/\/www.imer.mx\/rmi\/wp-content\/uploads\/sites\/3\/2015\/06\/08VLO.jpg'><img loading=\"lazy\" decoding=\"async\" width=\"150\" height=\"150\" src=\"https:\/\/www.imer.mx\/rmi\/wp-content\/uploads\/sites\/3\/2015\/06\/08VLO-150x150.jpg\" class=\"attachment-thumbnail size-thumbnail\" alt=\"\" \/><\/a>\n\t\t\t\t<\/dt><\/dl><br style=\"clear: both\" \/>\n\t\t\t<\/div>\n\n<p>&nbsp;<\/p>\n<div id=\"attachment_12405\" style=\"width: 310px\" class=\"wp-caption alignleft\"><a href=\"https:\/\/www.imer.mx\/rmi\/wp-content\/uploads\/sites\/3\/2015\/06\/04VL-ROGELIO-CUELLAR.jpg\"><img loading=\"lazy\" decoding=\"async\" aria-describedby=\"caption-attachment-12405\" class=\"wp-image-12405 size-medium\" src=\"https:\/\/www.imer.mx\/rmi\/wp-content\/uploads\/sites\/3\/2015\/06\/04VL-ROGELIO-CUELLAR-300x262.jpg\" alt=\"Foto. Rogelio Cuellar\" width=\"300\" height=\"262\" srcset=\"https:\/\/www.imer.mx\/rmi\/wp-content\/uploads\/sites\/3\/2015\/06\/04VL-ROGELIO-CUELLAR-300x262.jpg 300w, https:\/\/www.imer.mx\/rmi\/wp-content\/uploads\/sites\/3\/2015\/06\/04VL-ROGELIO-CUELLAR.jpg 400w\" sizes=\"auto, (max-width: 300px) 100vw, 300px\" \/><\/a><p id=\"caption-attachment-12405\" class=\"wp-caption-text\">Foto. Rogelio Cuellar<\/p><\/div>\n<p>Hombre de teatro y padre de muchos, como lo describe su hija Estela Le\u00f1ero, Vicente recibi\u00f3 importantes reconocimientos como el Premio Biblioteca Breve de la editorial Seix Barral en 1963, el premio Xavier Villaurrutia por su antolog\u00eda <em>La inocencia de este mundo<\/em> en 2001 y el Premio Nacional de Ciencias y Artes de M\u00e9xico, en el \u00e1rea de Ling\u00fc\u00edstica y Literatura, edici\u00f3n del 2001. Integrante de la Academia Mexicana de la Lengua fue elegido el 11 de marzo de 2010 para ser el cuarto ocupante de la silla XXVIII. Tom\u00f3 posesi\u00f3n de ella 26 de mayo de 2011 y la dej\u00f3, por la mayor de todas las causas, su muerte, el 3 de diciembre del a\u00f1o pasado.<\/p>\n<div id=\"attachment_12410\" style=\"width: 310px\" class=\"wp-caption alignright\"><a href=\"https:\/\/www.imer.mx\/rmi\/wp-content\/uploads\/sites\/3\/2015\/06\/08VLROGELIOCUELLAR.jpg\"><img loading=\"lazy\" decoding=\"async\" aria-describedby=\"caption-attachment-12410\" class=\"wp-image-12410 size-medium\" src=\"https:\/\/www.imer.mx\/rmi\/wp-content\/uploads\/sites\/3\/2015\/06\/08VLROGELIOCUELLAR-300x203.jpg\" alt=\"Foto. Rogelio Cuellar\" width=\"300\" height=\"203\" srcset=\"https:\/\/www.imer.mx\/rmi\/wp-content\/uploads\/sites\/3\/2015\/06\/08VLROGELIOCUELLAR-300x203.jpg 300w, https:\/\/www.imer.mx\/rmi\/wp-content\/uploads\/sites\/3\/2015\/06\/08VLROGELIOCUELLAR.jpg 478w\" sizes=\"auto, (max-width: 300px) 100vw, 300px\" \/><\/a><p id=\"caption-attachment-12410\" class=\"wp-caption-text\">Foto. Rogelio Cuellar<\/p><\/div>\n<p>Un excelente festejo, porque\u00a0 sabemos que a Le\u00f1ero no le gustaba las fiestas ni los homenajes y\u00a0se describ\u00eda como un hombre t\u00edmido y aislado, ser\u00eda celebrar con nuevos lectores para sus textos de siempre.<\/p>\n<p>Texto: Cecilia K\u00fchne<\/p>\n","protected":false},"excerpt":{"rendered":"<p>Vicente Le\u00f1ero naci\u00f3 en Guadalajara el 9 de junio de 1933. Hoy estar\u00eda cumpliendo 82 a\u00f1os. Maestro de narradores y teatreros, periodista ejemplar pues siempre iba a la cabeza, tambi\u00e9n fue gu\u00eda de dramaturgos, cr\u00edticos y actores, de aquellos que tuvieran que ver con la construcci\u00f3n, dise\u00f1o e interpretaci\u00f3n de una historia y con cualquiera relacionado con la escena teatral. Y es que Le\u00f1ero fue, no s\u00f3lo uno de los escritores m\u00e1s destacados de M\u00e9xico en la segunda mitad del siglo XX, sino un descubridor de nuevas formas, g\u00e9neros y talentos. Foto: cuartooscuro.  Para continuar leyendo y ver im\u00e1genes clic en el t\u00edtulo<\/p>\n","protected":false},"author":18,"featured_media":12404,"comment_status":"closed","ping_status":"closed","sticky":false,"template":"","format":"standard","meta":{"wp_popup_display_lightbox":0,"wp_popup_suppress":"","wp_popup_trigger":"","wp_popup_trigger_amount":0,"wp_popup_disable_on_mobile":false,"footnotes":""},"categories":[7,8,1,3],"tags":[],"class_list":["post-12403","post","type-post","status-publish","format-standard","has-post-thumbnail","hentry","category-coberturas","category-destacados","category-imer","category-radiomexicointernacional","category-7","category-8","category-1","category-3","description-off"],"_links":{"self":[{"href":"https:\/\/www.imer.mx\/rmi\/wp-json\/wp\/v2\/posts\/12403","targetHints":{"allow":["GET"]}}],"collection":[{"href":"https:\/\/www.imer.mx\/rmi\/wp-json\/wp\/v2\/posts"}],"about":[{"href":"https:\/\/www.imer.mx\/rmi\/wp-json\/wp\/v2\/types\/post"}],"author":[{"embeddable":true,"href":"https:\/\/www.imer.mx\/rmi\/wp-json\/wp\/v2\/users\/18"}],"replies":[{"embeddable":true,"href":"https:\/\/www.imer.mx\/rmi\/wp-json\/wp\/v2\/comments?post=12403"}],"version-history":[{"count":0,"href":"https:\/\/www.imer.mx\/rmi\/wp-json\/wp\/v2\/posts\/12403\/revisions"}],"wp:featuredmedia":[{"embeddable":true,"href":"https:\/\/www.imer.mx\/rmi\/wp-json\/wp\/v2\/media\/12404"}],"wp:attachment":[{"href":"https:\/\/www.imer.mx\/rmi\/wp-json\/wp\/v2\/media?parent=12403"}],"wp:term":[{"taxonomy":"category","embeddable":true,"href":"https:\/\/www.imer.mx\/rmi\/wp-json\/wp\/v2\/categories?post=12403"},{"taxonomy":"post_tag","embeddable":true,"href":"https:\/\/www.imer.mx\/rmi\/wp-json\/wp\/v2\/tags?post=12403"}],"curies":[{"name":"wp","href":"https:\/\/api.w.org\/{rel}","templated":true}]}}