{"id":12379,"date":"2015-06-08T14:46:58","date_gmt":"2015-06-08T19:46:58","guid":{"rendered":"http:\/\/www.imer.mx\/rmi\/?p=12379"},"modified":"2015-06-09T14:11:23","modified_gmt":"2015-06-09T19:11:23","slug":"los-199-anos-de-manuel-orozco-y-berra","status":"publish","type":"post","link":"https:\/\/www.imer.mx\/rmi\/los-199-anos-de-manuel-orozco-y-berra\/","title":{"rendered":"Los 199 a\u00f1os de Manuel Orozco y Berra"},"content":{"rendered":"<p><a href=\"https:\/\/www.imer.mx\/rmi\/wp-content\/uploads\/sites\/3\/2015\/06\/OROZCO-Y-BERRA2.png\"><img loading=\"lazy\" decoding=\"async\" class=\" size-full wp-image-12381 alignleft\" src=\"https:\/\/www.imer.mx\/rmi\/wp-content\/uploads\/sites\/3\/2015\/06\/OROZCO-Y-BERRA2.png\" alt=\"OROZCO Y BERRA2\" width=\"194\" height=\"260\" \/><\/a>Manuel Orozco y Berra, descrito por sus bi\u00f3grafos como un \u201cescritor fecundo y ameno, investigador concienzudo e historiador de asombrosa erudici\u00f3n\u201d naci\u00f3 en la ciudad de M\u00e9xico, el 8 de junio de 1816. Su vida es notable en todos los aspectos tanto por su educaci\u00f3n, como por su trayectoria\u00a0personal y su labor como acad\u00e9mico. Estudi\u00f3 en el Colegio de Miner\u00eda donde obtuvo el t\u00edtulo de Ingeniero en Topograf\u00eda, despu\u00e9s se mud\u00f3 a Puebla donde se recibi\u00f3 como\u00a0abogado en el Seminario Palafoxiano. Fue all\u00ed donde comenz\u00f3 su carrera pol\u00edtica como Secretario de Gobierno local. A su regreso a la Ciudad de M\u00e9xico en 1852, trabaj\u00f3 en el Archivo General de la Naci\u00f3n, donde trab\u00f3 relaci\u00f3n con personajes ilustres de la \u00e9poca como Lucas Alam\u00e1n y Antonio Garc\u00eda Cubas, cronistas e historiadores que, adem\u00e1s de fungir como sus maestros, le otorgar\u00edan un profundo sentido nacional que se reflej\u00f3 en su\u00a0escritura, su trabajo de\u00a0investigaci\u00f3n y su cuidadoso\u00a0registro de la Historia de M\u00e9xico.<br \/>\nEl mismo devenir hist\u00f3rico, fue formando a Orozco y Berra y determinando su destino, a veces contradictorio: durante la presidencia de Benito Ju\u00e1rez, por ejemplo, fue nombrado, Ministro de la Suprema Corte, y despu\u00e9s, durante el Segundo Imperio, director del Museo Nacional por \u00f3rdenes estrictas de Maximiliano de Habsburgo. Hubo de saborear los dones de ambas actividades pero tambi\u00e9n pagar el precio. A la ca\u00edda del Imperio fue declarado traidor a la Patria y llevado preso. Sin embargo su c\u00e1rcel, que iba a ser el ex Convento de la Ense\u00f1anza, se cambi\u00f3 por una prisi\u00f3n domiciliaria debido a su delicado estado de salud. Al terminar las presiones pol\u00edticas y ser declarado un hombre libre, la negrura se desvaneci\u00f3, reaparecieron los libros, volvi\u00f3 la pasi\u00f3n acad\u00e9mica y trabaj\u00f3 como un funcionario menor en la Casa de Moneda hasta 1888, a\u00f1o de su muerte.<br \/>\nM\u00e1s que un recuerdo en la memoria, Manuel Orozco y Berra dej\u00f3 un importante legado. Libros y proyectos fundamentales como el Diccionario Universal de Historia y Geograf\u00eda -en 10 vol\u00famenes-, la Historia antigua y de la Conquista de M\u00e9xico, y la Historia de la Dominaci\u00f3n Espa\u00f1ola en M\u00e9xico, entre otros.<br \/>\nEn el largo camino de Manuel Orozco y Berra para escribir una completa Historia de M\u00e9xico, se encontr\u00f3 con que en la \u00e9poca todav\u00eda no estaba definido claramente el territorio nacional: Por ello se dio a la tarea de coleccionar todos los mapas y dem\u00e1s documentos que pudieran ayudarlo a delimitar la geograf\u00eda del pa\u00eds cuya historia se propon\u00eda narrar. Fue as\u00ed como form\u00f3 una colecci\u00f3n de m\u00e1s de tres mil documentos de todas las regiones, un esfuerzo nunca antes realizado. En 1871 se public\u00f3, con el t\u00edtulo &#8220;La Cartograf\u00eda Mexicana&#8221;, un cat\u00e1logo descriptivo de toda la colecci\u00f3n de mapas de Orozco y Berra y de otros existentes en los m\u00faltiples archivos que hab\u00eda consultado. Con ello se form\u00f3 la primera Mapoteca Nacional. A su muerte Don Manuel dej\u00f3 su\u00a0colecci\u00f3n al Ministerio de Fomento, y actualmente se encuentra bajo el resguardo del SIAP-SAGARPA y est\u00e1 a disposici\u00f3n del p\u00fablico que desee consultarla. Se trata de una de las m\u00e1s bellas e interesantes mapotecas del mundo, se encuentra ubicada en el edificio del Observatorio de Tacubaya y, desde 1977, \u00a0se llama &#8220;Mapoteca Manuel Orozco y Berra&#8221;, en honor a este gran hombre que le ayud\u00f3 a M\u00e9xico a definir su geograf\u00eda y a encontrar las huellas de su pasado.<\/p>\n<p style=\"text-align: right\">Texto: Cecilia K\u00fcnhne<\/p>\n<p style=\"text-align: center\"><strong>Fotos Mapoteca Manuel Orozco y Berra<\/strong><\/p>\n\n\t\t\t<style type='text\/css'>\n\t\t\t\t#gallery-1 {\n\t\t\t\t\tmargin: auto;\n\t\t\t\t}\n\t\t\t\t#gallery-1 .gallery-item {\n\t\t\t\t\tfloat: left;\n\t\t\t\t\tmargin-top: 10px;\n\t\t\t\t\ttext-align: center;\n\t\t\t\t\twidth: 33%;\n\t\t\t\t}\n\t\t\t\t#gallery-1 img {\n\t\t\t\t\tborder: 2px solid #cfcfcf;\n\t\t\t\t}\n\t\t\t\t#gallery-1 .gallery-caption {\n\t\t\t\t\tmargin-left: 0;\n\t\t\t\t}\n\t\t\t\t\/* see gallery_shortcode() in wp-includes\/media.php *\/\n\t\t\t<\/style>\n\t\t<div id='gallery-1' class='dt-gallery-container gallery galleryid-12379 gallery-columns-3 gallery-size-thumbnail'><dl class='gallery-item'>\n\t\t\t\t<dt class='gallery-icon landscape'>\n\t\t\t\t\t<a class=\"rollover rollover-zoom dt-pswp-item\" title=\"03OB\" data-dt-img-description=\"\" data-large_image_width=\"539\" data-large_image_height=\"301\"href='https:\/\/www.imer.mx\/rmi\/wp-content\/uploads\/sites\/3\/2015\/06\/03OB.jpg'><img loading=\"lazy\" decoding=\"async\" width=\"150\" height=\"150\" src=\"https:\/\/www.imer.mx\/rmi\/wp-content\/uploads\/sites\/3\/2015\/06\/03OB-150x150.jpg\" class=\"attachment-thumbnail size-thumbnail\" alt=\"\" aria-describedby=\"gallery-1-12400\" \/><\/a>\n\t\t\t\t<\/dt>\n\t\t\t\t\t<dd class='wp-caption-text gallery-caption' id='gallery-1-12400'>\n\t\t\t\t\tFoto: Carta Etnogr\u00e1fica Manuel Orozco y Berra de la Mapoteca Manuel Orozco y Berra\n\t\t\t\t\t<\/dd><\/dl><dl class='gallery-item'>\n\t\t\t\t<dt class='gallery-icon landscape'>\n\t\t\t\t\t<a class=\"rollover rollover-zoom dt-pswp-item\" title=\"ATLASZ\u00d3CALO\" data-dt-img-description=\"\" data-large_image_width=\"1024\" data-large_image_height=\"732\"href='https:\/\/www.imer.mx\/rmi\/wp-content\/uploads\/sites\/3\/2015\/06\/ATLASZ\u00d3CALO.jpg'><img loading=\"lazy\" decoding=\"async\" width=\"150\" height=\"150\" src=\"https:\/\/www.imer.mx\/rmi\/wp-content\/uploads\/sites\/3\/2015\/06\/ATLASZ\u00d3CALO-150x150.jpg\" class=\"attachment-thumbnail size-thumbnail\" alt=\"\" aria-describedby=\"gallery-1-12396\" \/><\/a>\n\t\t\t\t<\/dt>\n\t\t\t\t\t<dd class='wp-caption-text gallery-caption' id='gallery-1-12396'>\n\t\t\t\t\tFoto: Mapoteca Orozco y Berra\n\t\t\t\t\t<\/dd><\/dl><dl class='gallery-item'>\n\t\t\t\t<dt class='gallery-icon landscape'>\n\t\t\t\t\t<a class=\"rollover rollover-zoom dt-pswp-item\" title=\"SIAP.GOB\" data-dt-img-description=\"\" data-large_image_width=\"453\" data-large_image_height=\"354\"href='https:\/\/www.imer.mx\/rmi\/wp-content\/uploads\/sites\/3\/2015\/06\/SIAP.GOB_.jpg'><img loading=\"lazy\" decoding=\"async\" width=\"150\" height=\"150\" src=\"https:\/\/www.imer.mx\/rmi\/wp-content\/uploads\/sites\/3\/2015\/06\/SIAP.GOB_-150x150.jpg\" class=\"attachment-thumbnail size-thumbnail\" alt=\"\" aria-describedby=\"gallery-1-12397\" \/><\/a>\n\t\t\t\t<\/dt>\n\t\t\t\t\t<dd class='wp-caption-text gallery-caption' id='gallery-1-12397'>\n\t\t\t\t\tFoto: Servicio de Informacion Agroalimentaria y Pesquera- SIAP. Mapoteca Orozco y Berra \n\t\t\t\t\t<\/dd><\/dl><br style=\"clear: both\" \/>\n\t\t\t<\/div>\n\n<p style=\"text-align: center\">\n","protected":false},"excerpt":{"rendered":"<p>Manuel Orozco y Berra, descrito por sus bi\u00f3grafos como un \u201cescritor fecundo y ameno, investigador concienzudo e historiador de asombrosa erudici\u00f3n\u201d naci\u00f3 en la ciudad de M\u00e9xico, el 8 de junio de 1816. Su vida es notable en todos los aspectos tanto por su educaci\u00f3n, como por su trayectoria personal y su labor como acad\u00e9mico. Estudi\u00f3 en el Colegio de Miner\u00eda donde obtuvo el t\u00edtulo de Ingeniero en Topograf\u00eda, despu\u00e9s se mudo a Puebla donde recibi\u00f3 el t\u00edtulo de abogado en el Seminario Palafoxiano. Fue all\u00ed donde comenz\u00f3 su carrera pol\u00edtica como secretario del gobierno local. A su regreso a la Ciudad de M\u00e9xico en 1852, trabaj\u00f3 en el Archivo General de la Naci\u00f3n, donde trab\u00f3 relaci\u00f3n con personajes ilustres de la \u00e9poca como Lucas Alam\u00e1n y Antonio Garc\u00eda Cubas.  Para continuar leyendo y ver im\u00e1genes clic en el t\u00edtulo<\/p>\n","protected":false},"author":18,"featured_media":12380,"comment_status":"closed","ping_status":"closed","sticky":false,"template":"","format":"standard","meta":{"wp_popup_display_lightbox":0,"wp_popup_suppress":"","wp_popup_trigger":"","wp_popup_trigger_amount":0,"wp_popup_disable_on_mobile":false,"footnotes":""},"categories":[8,1,3],"tags":[],"class_list":["post-12379","post","type-post","status-publish","format-standard","has-post-thumbnail","hentry","category-destacados","category-imer","category-radiomexicointernacional","category-8","category-1","category-3","description-off"],"_links":{"self":[{"href":"https:\/\/www.imer.mx\/rmi\/wp-json\/wp\/v2\/posts\/12379","targetHints":{"allow":["GET"]}}],"collection":[{"href":"https:\/\/www.imer.mx\/rmi\/wp-json\/wp\/v2\/posts"}],"about":[{"href":"https:\/\/www.imer.mx\/rmi\/wp-json\/wp\/v2\/types\/post"}],"author":[{"embeddable":true,"href":"https:\/\/www.imer.mx\/rmi\/wp-json\/wp\/v2\/users\/18"}],"replies":[{"embeddable":true,"href":"https:\/\/www.imer.mx\/rmi\/wp-json\/wp\/v2\/comments?post=12379"}],"version-history":[{"count":0,"href":"https:\/\/www.imer.mx\/rmi\/wp-json\/wp\/v2\/posts\/12379\/revisions"}],"wp:featuredmedia":[{"embeddable":true,"href":"https:\/\/www.imer.mx\/rmi\/wp-json\/wp\/v2\/media\/12380"}],"wp:attachment":[{"href":"https:\/\/www.imer.mx\/rmi\/wp-json\/wp\/v2\/media?parent=12379"}],"wp:term":[{"taxonomy":"category","embeddable":true,"href":"https:\/\/www.imer.mx\/rmi\/wp-json\/wp\/v2\/categories?post=12379"},{"taxonomy":"post_tag","embeddable":true,"href":"https:\/\/www.imer.mx\/rmi\/wp-json\/wp\/v2\/tags?post=12379"}],"curies":[{"name":"wp","href":"https:\/\/api.w.org\/{rel}","templated":true}]}}