{"id":12052,"date":"2015-05-14T19:24:11","date_gmt":"2015-05-15T00:24:11","guid":{"rendered":"http:\/\/www.imer.mx\/rmi\/?p=12052"},"modified":"2015-05-15T18:29:15","modified_gmt":"2015-05-15T23:29:15","slug":"dia-del-maestro-la-maestra-gabriela-mistral-en-mexico","status":"publish","type":"post","link":"https:\/\/www.imer.mx\/rmi\/dia-del-maestro-la-maestra-gabriela-mistral-en-mexico\/","title":{"rendered":"D\u00cdA DEL MAESTRO: LA MAESTRA GABRIELA MISTRAL EN M\u00c9XICO"},"content":{"rendered":"<div id=\"attachment_12054\" style=\"width: 201px\" class=\"wp-caption alignleft\"><a href=\"https:\/\/www.imer.mx\/rmi\/wp-content\/uploads\/sites\/3\/2015\/05\/escuela-rural-Alfredo-Zalce-museo-de-arte-carrillo-gil.jpg\"><img loading=\"lazy\" decoding=\"async\" aria-describedby=\"caption-attachment-12054\" class=\"wp-image-12054 size-full\" src=\"https:\/\/www.imer.mx\/rmi\/wp-content\/uploads\/sites\/3\/2015\/05\/escuela-rural-Alfredo-Zalce-museo-de-arte-carrillo-gil.jpg\" alt=\"escuela rural Alfredo Zalce  museo de arte carrillo gil\" width=\"191\" height=\"264\" \/><\/a><p id=\"caption-attachment-12054\" class=\"wp-caption-text\">Escuela Rural de Alfredo Zalce. Museo Carrillo Gil.<\/p><\/div>\n<p>M\u00e9xico, en 1922, fue la \u00fanica naci\u00f3n del continente que invit\u00f3 a la poetisa Gabriela Mistral a compartir ideas y proyectos no relacionados a los versos o su genio literario sino con otro de sus talentos; la educaci\u00f3n y su amor al magisterio.. Mistral hab\u00eda sido ejemplar en Chile por su labor como maestra rural. Despu\u00e9s fue directora de varios centros de ense\u00f1anza media en distintos puntos.<\/p>\n<p>A su llegada a M\u00e9xico recibi\u00f3 la invitaci\u00f3n personal del Secretario de Educaci\u00f3n, Jos\u00e9 Vasconcelos para integrarse con otras personalidades del continente en el proceso revolucionario educativo. A ella le el sistema b\u00e1sico de ense\u00f1anza de las primeras letras en comunidades de campo y marginales de M\u00e9xico, hoy existente en toda Am\u00e9rica, as\u00ed como la creaci\u00f3n de la Escuela Nocturna. Se cuenta que cuando pensaba en su quehacer educativo y nuestro pa\u00eds sol\u00eda decir: &#8220;Mi M\u00e9xico. El \u00fanico que est\u00e1 en mi coraz\u00f3n&#8221;.<\/p>\n<p>&nbsp;<\/p>\n<p>&nbsp;<\/p>\n<div id=\"attachment_12062\" style=\"width: 310px\" class=\"wp-caption alignright\"><a href=\"https:\/\/www.imer.mx\/rmi\/wp-content\/uploads\/sites\/3\/2015\/05\/m3.jpg\"><img loading=\"lazy\" decoding=\"async\" aria-describedby=\"caption-attachment-12062\" class=\"wp-image-12062 size-medium\" src=\"https:\/\/www.imer.mx\/rmi\/wp-content\/uploads\/sites\/3\/2015\/05\/m3-300x152.jpg\" alt=\"m3\" width=\"300\" height=\"152\" srcset=\"https:\/\/www.imer.mx\/rmi\/wp-content\/uploads\/sites\/3\/2015\/05\/m3-300x152.jpg 300w, https:\/\/www.imer.mx\/rmi\/wp-content\/uploads\/sites\/3\/2015\/05\/m3.jpg 640w\" sizes=\"auto, (max-width: 300px) 100vw, 300px\" \/><\/a><p id=\"caption-attachment-12062\" class=\"wp-caption-text\">Gabriela Mistral<\/p><\/div>\n<p>&nbsp;<\/p>\n<p><strong><em>La oraci\u00f3n de la maestra.<\/em><\/strong><\/p>\n<p style=\"text-align: left\">Gabriela Mistral.<em>\u00a0<\/em><\/p>\n<p>Se\u00f1or! T\u00fa que ense\u00f1aste, perdona que yo ense\u00f1e; que lleve el nombre de maestra, que T\u00fa llevaste por la Tierra. Dame el amor \u00fanico de mi escuela; que ni la quemadura de la belleza sea capaz de robarle mi ternura de todos los instantes. Maestro, hazme perdurable el fervor y pasajero el desencanto. Arranca de m\u00ed este impuro deseo de justicia que a\u00fan me turba, la mezquina insinuaci\u00f3n de protesta que sube de m\u00ed cuando me hieren. No me duela la incomprensi\u00f3n ni me entristezca el olvido de las que ense\u00f1\u00e9. Dame el ser m\u00e1s madre que las madres, para poder amar y defender como ellas lo que no es carne de mis carnes. Dame que alcance a hacer de una de mis ni\u00f1as mi verso perfecto y a dejarte en ella clavada mi m\u00e1s penetrante melod\u00eda, para cuando mis labios no canten m\u00e1s. Mu\u00e9strame posible tu Evangelio en mi tiempo, para que no renuncie a la batalla de cada d\u00eda y de cada hora por \u00e9l. Pon en mi escuela democr\u00e1tica el resplandor que se cern\u00eda sobre tu corro de ni\u00f1os descalzos. Hazme fuerte, aun en mi desvalimiento de mujer, y de mujer pobre; hazme despreciadora de todo poder que no sea puro, de toda presi\u00f3n que no sea la de tu voluntad ardiente sobre mi vida. \u00a1Amigo, acomp\u00e1\u00f1ame! \u00a1Sostenme! Muchas veces no tendr\u00e9 sino a Ti a mi lado.<\/p>\n<p>Cuando mi doctrina sea m\u00e1s casta y m\u00e1s quemante mi verdad, me quedar\u00e9 sin los mundanos; pero T\u00fa me oprimir\u00e1s entonces contra tu coraz\u00f3n, el que supo harto de soledad y desamparo. Yo no buscar\u00e9 sino en tu mirada la dulzura de las aprobaciones. Dame sencillez y dame profundidad; l\u00edbrame de ser complicada o banal en mi lecci\u00f3n cotidiana. Dame el levantar los ojos de mi pecho con heridas, al entrar cada ma\u00f1ana a mi escuela. Que no lleve a mi mesa de trabajo mis peque\u00f1os afanes materiales, mis mezquinos dolores de cada hora. Alig\u00e9rame la mano en el castigo y suav\u00edzamela m\u00e1s en la caricia. \u00a1Reprenda con dolor, para saber que he corregido amando! Haz que haga de esp\u00edritu mi escuela de ladrillos.<\/p>\n<div id=\"attachment_12053\" style=\"width: 255px\" class=\"wp-caption alignleft\"><a href=\"https:\/\/www.imer.mx\/rmi\/wp-content\/uploads\/sites\/3\/2015\/05\/Lamaestrarural_DiegoRivera-murales-de-la-SEP.png\"><img loading=\"lazy\" decoding=\"async\" aria-describedby=\"caption-attachment-12053\" class=\"wp-image-12053 size-full\" src=\"https:\/\/www.imer.mx\/rmi\/wp-content\/uploads\/sites\/3\/2015\/05\/Lamaestrarural_DiegoRivera-murales-de-la-SEP.png\" alt=\"Lamaestrarural_DiegoRivera murales de la SEP\" width=\"245\" height=\"206\" \/><\/a><p id=\"caption-attachment-12053\" class=\"wp-caption-text\">La Maestra Rural. Diego Rivera murales de la SEP<\/p><\/div>\n<p>&nbsp;<\/p>\n<p>Le envuelva la llamarada de mi entusiasmo su atrio pobre, su sala desnuda. Mi coraz\u00f3n le sea m\u00e1s columna y mi buena voluntad m\u00e1s horas que las columnas y el oro de las escuelas ricas. Y, por fin, recu\u00e9rdame desde la palidez del lienzo de Vel\u00e1zquez, que ense\u00f1ar y amar intensamente sobre la Tierra es llegar al \u00faltimo d\u00eda con el lanzazo de Longinos en el costado ardiente de amor.<\/p>\n","protected":false},"excerpt":{"rendered":"<p>M\u00e9xico, en 1922,  fue  la \u00fanica naci\u00f3n del continente que invit\u00f3 a la poetisa Gabriela Mistral a  compartir  ideas y proyectos  no relacionados a los versos o su genio literario sino con otro de sus talentos; la educaci\u00f3n y su amor al magisterio..  Mistral hab\u00eda sido ejemplar en Chile por su labor como maestra rural. Despu\u00e9s fue  directora de varios centros de ense\u00f1anza media en distintos puntos.<br \/>\nA su llegada a M\u00e9xico recibi\u00f3  la invitaci\u00f3n personal del Secretario de Educaci\u00f3n,  Jos\u00e9 Vasconcelos para  integrarse con otras personalidades del continente en el proceso revolucionario educativo. A ella le el sistema b\u00e1sico de ense\u00f1anza de las primeras letras en comunidades de campo y marginales de M\u00e9xico, hoy existente en toda Am\u00e9rica, as\u00ed como la creaci\u00f3n de la Escuela Nocturna. Se cuenta que cuando pensaba en su quehacer educativo y nuestro pa\u00eds sol\u00eda decir: &#8220;Mi M\u00e9xico. El \u00fanico que est\u00e1 en mi coraz\u00f3n&#8221;.<br \/>\nLeer m\u00e1s y escuchar, click en el t\u00edtulo.<\/p>\n","protected":false},"author":34,"featured_media":12053,"comment_status":"closed","ping_status":"closed","sticky":false,"template":"","format":"standard","meta":{"wp_popup_display_lightbox":0,"wp_popup_suppress":"","wp_popup_trigger":"","wp_popup_trigger_amount":0,"wp_popup_disable_on_mobile":false,"footnotes":""},"categories":[8,1],"tags":[],"class_list":["post-12052","post","type-post","status-publish","format-standard","has-post-thumbnail","hentry","category-destacados","category-imer","category-8","category-1","description-off"],"_links":{"self":[{"href":"https:\/\/www.imer.mx\/rmi\/wp-json\/wp\/v2\/posts\/12052","targetHints":{"allow":["GET"]}}],"collection":[{"href":"https:\/\/www.imer.mx\/rmi\/wp-json\/wp\/v2\/posts"}],"about":[{"href":"https:\/\/www.imer.mx\/rmi\/wp-json\/wp\/v2\/types\/post"}],"author":[{"embeddable":true,"href":"https:\/\/www.imer.mx\/rmi\/wp-json\/wp\/v2\/users\/34"}],"replies":[{"embeddable":true,"href":"https:\/\/www.imer.mx\/rmi\/wp-json\/wp\/v2\/comments?post=12052"}],"version-history":[{"count":0,"href":"https:\/\/www.imer.mx\/rmi\/wp-json\/wp\/v2\/posts\/12052\/revisions"}],"wp:featuredmedia":[{"embeddable":true,"href":"https:\/\/www.imer.mx\/rmi\/wp-json\/wp\/v2\/media\/12053"}],"wp:attachment":[{"href":"https:\/\/www.imer.mx\/rmi\/wp-json\/wp\/v2\/media?parent=12052"}],"wp:term":[{"taxonomy":"category","embeddable":true,"href":"https:\/\/www.imer.mx\/rmi\/wp-json\/wp\/v2\/categories?post=12052"},{"taxonomy":"post_tag","embeddable":true,"href":"https:\/\/www.imer.mx\/rmi\/wp-json\/wp\/v2\/tags?post=12052"}],"curies":[{"name":"wp","href":"https:\/\/api.w.org\/{rel}","templated":true}]}}